{"id":241479,"date":"2025-07-11T02:37:19","date_gmt":"2025-07-11T02:37:19","guid":{"rendered":"https:\/\/www.europesays.com\/fr\/241479\/"},"modified":"2025-07-11T02:37:19","modified_gmt":"2025-07-11T02:37:19","slug":"victor-perez-en-tete-a-north-berwick","status":"publish","type":"post","link":"https:\/\/www.europesays.com\/fr\/241479\/","title":{"rendered":"Victor Perez en t\u00eate \u00e0 North Berwick !"},"content":{"rendered":"<p>\t\t\t\t\t\t<img width=\"770\" height=\"559\" src=\"https:\/\/www.europesays.com\/fr\/wp-content\/uploads\/2025\/07\/afp__20250614__2219420510__v1__highres__2025usopenroundthree-770x559.jpg\" class=\"img-responsive wp-post-image\" alt=\"\" decoding=\"async\" fetchpriority=\"high\"  \/>\t\t\t\t\t<\/p>\n<p>\t\t\t\t\t\t Partager cet article <\/p>\n<p class=\"screen-reader-text juiz_sps_maybe_hidden_text\">Partager la publication \u00ab\u00a0Victor Perez en t\u00eate \u00e0 North Berwick !\u00a0\u00bb<\/p>\n<p><strong>R\u00e9p\u00e9tition g\u00e9n\u00e9rale de l\u2019Open britannique, le Genesis Scottish Open a d\u00e9but\u00e9 ce jeudi de fa\u00e7on id\u00e9ale pour Victor Perez, qui partage la t\u00eate du tournoi avec Sepp Straka, Jake Knapp et Nico Echavarria. Parmi les t\u00e9nors, c\u2019est Scottie Scheffler qui s\u2019en est le mieux sorti.<\/strong><\/p>\n<p>Il y a du monde, du tr\u00e8s beau monde cette semaine en \u00c9cosse, o\u00f9 tout le gratin du golf mondial ou presque s\u2019est donn\u00e9 rendez-vous sur le parcours du Renaissance Club, \u00e0 North Berwick en \u00c9cosse, pour le Scottish Open, le tournoi id\u00e9al pour retrouver le go\u00fbt des links une semaine avec l\u2019Open britannique \u00e0 Portrush. Les cinq premiers mondiaux sont d\u2019ailleurs au rendez-vous. Mais apr\u00e8s le premier tour, surprises : les leaders ne sont pas ceux que l\u2019ont attendait. Pas tout \u00e0 fait.<\/p>\n<p>Certes, <strong>Sepp Straka<\/strong> est 10e mondial, mais l\u2019Autrichien, qui a manqu\u00e9 le cut l\u2019an pass\u00e9 dans ce tournoi, n\u2019est pas annonc\u00e9 comme un t\u00e9nor des links. Pas plus que le Californien <strong>Jake Knapp<\/strong> et le Colombien <strong>Nico Echavarria<\/strong>, presque des b\u00e9otiens en la mati\u00e8re. Ce trio surprenant m\u00e8ne le bal apr\u00e8s les premiers 18 trous il est vrai disput\u00e9s dans des conditions de jeu relativement b\u00e9nignes, avec un vent mod\u00e9r\u00e9, des fairways roulants et des roughs \u00ab\u00a0acceptables\u00a0\u00bb. Il partage la t\u00eate avec un homme qui en revanche, lui, a d\u00e9j\u00e0 brill\u00e9 sur les links : <strong>Victor Perez<\/strong>.<\/p>\n<p>Vainqueur du Dunhill Links Championship en 2019 sur les prestigieux parcours de Carnoustie, Kingsbarns et bien s\u00fbr le c\u00e9l\u00e9brissime Old Course de St. Andrews, le Tarbais a r\u00e9ussi un finish d\u2019enfer en fin de journ\u00e9e pour rejoindre le trio de t\u00eate bien au chaud au club-house depuis la fin de matin\u00e9e. Il a sign\u00e9 quatre birdies sur ses cinq derniers trous, des birdies tr\u00e8s propres \u00e0 l\u2019image de son jeu, lui qui a touch\u00e9 14 greens en r\u00e9gulation.<\/p>\n<p>\t\t\t\t\t<a id=\"178032\" href=\"https:\/\/www.golfy.fr\/landing\/golf-planete-decouvrez-les-golfs-collections-du-reseau-golfy?utm_source=golf_planete&amp;utm_medium=display&amp;utm_campaign=golfs_collection_2025\" target=\"_blank\" rel=\"sponsorised nofollow noopener\"><img decoding=\"async\" src=\"data:image\/svg+xml,%3Csvg%20xmlns=\" http:=\"\" class=\"img-responsive\" alt=\"\" data-lazy-src=\"https:\/\/www.europesays.com\/fr\/wp-content\/uploads\/2025\/06\/golfy-e06-golfs-collection-france-ete-1170x275-1.jpg\"\/><\/a><br \/>\nPerez, le septi\u00e8me homme \u00e0 Portrush ?<\/p>\n<p>Le putter \u00e9tait chaud \u00e9galement et voil\u00e0 donc le 103e mondial en pole position dans ce tournoi o\u00f9 il chasse bien s\u00fbr la victoire, mais aussi l\u2019une des trois derni\u00e8res places qualificatives pour le \u00ab\u00a0British\u00a0\u00bb. Il lui faut pour cela figurer parmi les trois meilleurs joueurs non qualifi\u00e9s pour Portrush. Il reste \u00e9videmment beaucoup de golf \u00e0 jouer, mais Straka et Echavarria sont d\u00e9j\u00e0 assur\u00e9s d\u2019aller en Irlande du Nord. Alors pourquoi pas un septi\u00e8me Fran\u00e7ais \u00e0 l\u2019Open britannique !<\/p>\n<p>\u00ab\u00a0Je suis tr\u00e8s content de ma performance, s\u2019est f\u00e9licit\u00e9 Victor Perez, 10e du tournoi l\u2019an pass\u00e9. Je me suis beaucoup entra\u00een\u00e9 sur les greens en d\u00e9but de semaine pour me familiariser avec les greens, mais aussi tout ce qui a attrait au jeu de links. Je suis arriv\u00e9 d\u00e8s lundi. Je crois que l\u2019ajustement qui a \u00e9t\u00e9 le plus efficace est la vitesse des greens. Il faut frapper les putts un peu plus fort que sur le PGA Tour.\u00a0\u00bb<\/p>\n<blockquote>\n<p>Je suis arriv\u00e9 lundi pour m\u2019ajuster au jeu de links et \u00e7a a fonctionn\u00e9 aujourd\u2019hui<\/p>\n<p>Victor Perez<\/p>\n<\/blockquote>\n<p>\nUn autre \u00ab\u00a0Frenchie\u00a0\u00bb du PGA Tour, <strong>Antoine Rozner<\/strong>, a \u00e9galement tr\u00e8s bien n\u00e9goci\u00e9 ce premier acte avec une jolie carte de 67 (-3). <strong>Ugo Coussaud<\/strong> (-2, \u00e0 \u00e9galit\u00e9 avec le tenant du titre <strong>Robert MacIntyre<\/strong>) et <strong>David Ravetto<\/strong> (-1) ont eux aussi r\u00e9ussi \u00e0 dompter le parcours. <strong>Martin Couvra<\/strong>, <a href=\"https:\/\/www.golfplanete.com\/actualites\/martin-couvra-avec-deux-stars-du-pga-tour-pour-sa-premiere-au-genesis-scottish-open\/\" target=\"_blank\" rel=\"noopener nofollow\">qui jouait avec deux stars du PGA Tour<\/a> dans les parties vedette du matin, a \u00e9galement bien n\u00e9goci\u00e9 ses grands d\u00e9buts dans cet Open d\u2019\u00c9cosse avec une carte dans le par.<\/p>\n<p>Les cinq autres Fran\u00e7ais en lice, et notamment quatre joueurs qui iront en Irlande du Nord, <strong>Matthieu Pavon<\/strong>, <strong>Romain Langasque <\/strong>(3e du tournoi l\u2019an pass\u00e9), <strong>Julien Guerrier<\/strong> et <strong>Adrien Saddier<\/strong>, sont pour le moment du mauvais c\u00f4t\u00e9 du cut.<\/p>\n<p>\t\t\t\t\t<a id=\"169008\" href=\"https:\/\/www.resonance.golf\/fr\/nos-offres\/golf-pass\/?utm_source=golfplanet&amp;utm_medium=web&amp;utm_campaign=GOLFPASS\" target=\"_blank\" rel=\"sponsorised nofollow noopener\"><img decoding=\"async\" src=\"data:image\/svg+xml,%3Csvg%20xmlns=\" http:=\"\" class=\"img-responsive\" alt=\"\" data-lazy-src=\"https:\/\/www.europesays.com\/fr\/wp-content\/uploads\/2025\/04\/resonance-e02-golf-pass-rgc-1170x275-1.gif\"\/><\/a><br \/>\nScheffler plac\u00e9, McIlroy finit fort<\/p>\n<p>Le cut, justement, est loin d\u2019\u00eatre une certitude pour un cador europ\u00e9en que l\u2019on attendait plus \u00e0 l\u2019aise. \u00a0<strong>Tommy Fleetwood<\/strong> (par) a \u00e9t\u00e9 timide sur les greens. Il devra changer de rythme vendredi matin pour \u00eatre assur\u00e9 de jouer ce week-end. Outre Sepp Straka et Victor Perez, les meilleurs europ\u00e9ens ont \u00e9t\u00e9 les Allemands <strong>Marcel Siem<\/strong> et <strong>Matti Schmid<\/strong> ainsi que l\u2019\u00c9cossais<strong> Calum Hill<\/strong> (-5). <strong>Rory McIlroy<\/strong> (-2), vainqueur il y a deux ans, a d\u00e9but\u00e9 dans le dur mais il a fini tr\u00e8s fort avec trois birdies sur ses trois derniers trous, juste apr\u00e8s avoir sauv\u00e9 un bogey de l\u2019ext\u00e9rieur du green sur le 15. Gros finish !<\/p>\n<p><strong>Viktor Hovland<\/strong> s\u2019en est bien tir\u00e9 avec un bon 66 (-4) aux c\u00f4t\u00e9s du N\u00e9o-Z\u00e9landais <strong>Ryan Fox<\/strong> et du vainqueur de l\u2019US Open 2023, <strong>Wyndham Clark<\/strong>.<\/p>\n<p>Le n\u00b01 mondial <strong>Scottie Scheffler<\/strong> est dans le coup (-3), mais il a eu du mal \u00e0 enclencher la machine \u00e0 birdies malgr\u00e9 un d\u00e9part canon : un eagle sur son tout premier trou (le par 5 du 10). La suite a \u00e9t\u00e9 plus terne notamment sur les greens, mais il faudra s\u00fbrement compter dans les jours \u00e0 venir avec le meilleur joueur du monde qui cherche \u00e0 conqu\u00e9rir sa premi\u00e8re victoire sur ce type de parcours.<\/p>\n<p>Le leaderboard<\/p>\n<p><img loading=\"lazy\" decoding=\"async\" class=\"alignnone wp-image-178998 size-large\" src=\"data:image\/svg+xml,%3Csvg%20xmlns=\" http:=\"\" alt=\"\" width=\"770\" height=\"696\" data-lazy- data-lazy- data-lazy-src=\"https:\/\/www.europesays.com\/fr\/wp-content\/uploads\/2025\/07\/capture-decran-2025-07-10-a-19.45.25-770x696.png\"\/><\/p>\n<p><img loading=\"lazy\" decoding=\"async\" class=\"alignnone wp-image-178999 size-large\" src=\"data:image\/svg+xml,%3Csvg%20xmlns=\" http:=\"\" alt=\"\" width=\"722\" height=\"770\" data-lazy- data-lazy- data-lazy-src=\"https:\/\/www.europesays.com\/fr\/wp-content\/uploads\/2025\/07\/capture-decran-2025-07-10-a-19.46.16-722x770.png\"\/><\/p>\n<p>Photo DAVID CANNON \/ David Cannon Collection \/ Getty Images via AFP<\/p>\n<p>\t\t\t\t\t<a id=\"176120\" href=\"https:\/\/www.ticad.de\/en\/ticad-ten\/E610000\" target=\"_blank\" rel=\"sponsorised nofollow noopener\"><img decoding=\"async\" src=\"data:image\/svg+xml,%3Csvg%20xmlns=\" http:=\"\" class=\"img-responsive\" alt=\"\" data-lazy-src=\"https:\/\/www.europesays.com\/fr\/wp-content\/uploads\/2025\/06\/ticad-e01-ticadten-1170x275-1.gif\"\/><\/a><\/p>\n","protected":false},"excerpt":{"rendered":"Partager cet article Partager la publication \u00ab\u00a0Victor Perez en t\u00eate \u00e0 North Berwick !\u00a0\u00bb R\u00e9p\u00e9tition g\u00e9n\u00e9rale de l\u2019Open&hellip;\n","protected":false},"author":2,"featured_media":241480,"comment_status":"","ping_status":"","sticky":false,"template":"","format":"standard","meta":{"footnotes":""},"categories":[1418],"tags":[1011,27,1472,60],"class_list":{"0":"post-241479","1":"post","2":"type-post","3":"status-publish","4":"format-standard","5":"has-post-thumbnail","7":"category-golf","8":"tag-fr","9":"tag-france","10":"tag-golf","11":"tag-sports"},"share_on_mastodon":{"url":"https:\/\/pubeurope.com\/@fr\/114832280502351427","error":""},"_links":{"self":[{"href":"https:\/\/www.europesays.com\/fr\/wp-json\/wp\/v2\/posts\/241479","targetHints":{"allow":["GET"]}}],"collection":[{"href":"https:\/\/www.europesays.com\/fr\/wp-json\/wp\/v2\/posts"}],"about":[{"href":"https:\/\/www.europesays.com\/fr\/wp-json\/wp\/v2\/types\/post"}],"author":[{"embeddable":true,"href":"https:\/\/www.europesays.com\/fr\/wp-json\/wp\/v2\/users\/2"}],"replies":[{"embeddable":true,"href":"https:\/\/www.europesays.com\/fr\/wp-json\/wp\/v2\/comments?post=241479"}],"version-history":[{"count":0,"href":"https:\/\/www.europesays.com\/fr\/wp-json\/wp\/v2\/posts\/241479\/revisions"}],"wp:featuredmedia":[{"embeddable":true,"href":"https:\/\/www.europesays.com\/fr\/wp-json\/wp\/v2\/media\/241480"}],"wp:attachment":[{"href":"https:\/\/www.europesays.com\/fr\/wp-json\/wp\/v2\/media?parent=241479"}],"wp:term":[{"taxonomy":"category","embeddable":true,"href":"https:\/\/www.europesays.com\/fr\/wp-json\/wp\/v2\/categories?post=241479"},{"taxonomy":"post_tag","embeddable":true,"href":"https:\/\/www.europesays.com\/fr\/wp-json\/wp\/v2\/tags?post=241479"}],"curies":[{"name":"wp","href":"https:\/\/api.w.org\/{rel}","templated":true}]}}