{"id":241483,"date":"2025-07-11T02:40:11","date_gmt":"2025-07-11T02:40:11","guid":{"rendered":"https:\/\/www.europesays.com\/fr\/241483\/"},"modified":"2025-07-11T02:40:11","modified_gmt":"2025-07-11T02:40:11","slug":"wimbledon-f-anisimova-a-enerve-sabalenka","status":"publish","type":"post","link":"https:\/\/www.europesays.com\/fr\/241483\/","title":{"rendered":"Wimbledon (F) : Anisimova a \u00e9nerv\u00e9 Sabalenka"},"content":{"rendered":"<p class=\"date\">\n                                                            Emmanuel LANGELLIER, Media365 : publi\u00e9 le jeudi 10 juillet 2025 \u00e0 23h47\n                                                    <\/p>\n<p>Aryna Sabalenka a encore \u00e9chou\u00e9 aux portes de la finale de Wimbledon, \u00e9limin\u00e9e jeudi par Amanda Anisimova en trois sets.<\/p>\n<p>A la diff\u00e9rence <a href=\"https:\/\/sports.orange.fr\/tennis\/wimbledon\/article\/wimbledon-f-swiatek-expedie-bencic-et-rejoint-anisimova-en-finale-CNT000002jwEOB.html\" rel=\"nofollow noopener\" target=\"_blank\"> d&rsquo;Iga Swiatek, tr\u00e8s facile vainqueure de Belinda Bencic (6-2, 6-0) <\/a>, Aryna Sabalenka ne disputera pas la finale de Wimbledon pour la premi\u00e8re fois de sa carri\u00e8re, samedi sur le Centre Court. Absente du tournoi londonien l&rsquo;an pass\u00e9, la num\u00e9ro 1 mondiale n&rsquo;a, encore une fois, pas r\u00e9ussi \u00e0 franchir le stade des demi-finales. Comme en 2023 et 2021, la Bi\u00e9lorusse s&rsquo;arr\u00eate aux portes de la grande finale, <a href=\"https:\/\/sports.orange.fr\/tennis\/wimbledon\/article\/wimbledon-f-anisimova-en-finale-apres-avoir-cree-la-sensation-en-eliminant-sabalenka-CNT000002jwEk7.html\" rel=\"nofollow noopener\" target=\"_blank\">battue par Amanda Anisimova (6-4, 4-6, 6-4)<\/a>. Une nouvelle d\u00e9ception en Grand Chelem cette ann\u00e9e pour la meilleure joueuse du monde apr\u00e8s sa d\u00e9faite en finale \u00e0 Roland-Garros contre Coco Gauff (6-7, 6-2, 6-4) et celle en finale de l&rsquo;Open d&rsquo;Australie face \u00e0 Madison Keys (6-3, 2-6, 7-5).<\/p>\n<p>\u00ab Perdre, \u00e7a craint, vous savez ? \u00bb<\/p>\n<p>\u00ab Perdre, \u00e7a craint, vous savez ? On a toujours l&rsquo;impression de vouloir mourir, de ne plus vouloir exister, et que c&rsquo;est la fin de notre vie. Mais ensuite, on s&rsquo;assoit un peu et on pense \u00e0 ce qu&rsquo;on aurait pu faire diff\u00e9remment pendant le match. Mes retours \u00e9taient bien pires que lors des matches pr\u00e9c\u00e9dents. Mais j&rsquo;ai eu des occasions. Je dois dire qu&rsquo;elle a \u00e9t\u00e9 plus courageuse aujourd&rsquo;hui \u00bb, a avanc\u00e9 Aryna Sabalenka qui a ensuite expliqu\u00e9 devant les journalistes que son adversaire am\u00e9ricaine l&rsquo;a \u00e9nerv\u00e9e. Pourquoi donc ? Suite \u00e0 un point au deuxi\u00e8me set quand Anisimova a c\u00e9l\u00e9br\u00e9 alors que la n\u00b01 mondiale courait encore apr\u00e8s la balle.<\/p>\n<p>\u00ab OK, maintenant je vais te montrer ce que c&rsquo;est le tennis \u00bb<\/p>\n<p>\u00ab Je me suis dit que c&rsquo;\u00e9tait un peu trop t\u00f4t. Elle m&rsquo;a \u00e9nerv\u00e9e en me disant que c&rsquo;\u00e9tait ce qu&rsquo;elle faisait tout le temps. Je me suis dit : \u00ab\u00a0OK, maintenant je vais te montrer ce que c&rsquo;est le tennis.\u00a0\u00bb Je suis revenue parce que j&rsquo;\u00e9tais vraiment en col\u00e8re \u00e0 ce moment-l\u00e0 \u00bb, a l\u00e2ch\u00e9 Sabalenka qui a \u00e9galement \u00e9t\u00e9 d\u00e9\u00e7ue par le comportement de son adversaire qui ne s&rsquo;est pas excus\u00e9e sur une balle let. \u00ab Je l&rsquo;ai regard\u00e9e et je me suis dit : \u00ab\u00a0Tu ne veux pas t&rsquo;excuser ?\u00a0\u00bb Elle voulait juste gagner ce match. C&rsquo;est son probl\u00e8me. \u00bb<\/p>\n","protected":false},"excerpt":{"rendered":"Emmanuel LANGELLIER, Media365 : publi\u00e9 le jeudi 10 juillet 2025 \u00e0 23h47 Aryna Sabalenka a encore \u00e9chou\u00e9 aux&hellip;\n","protected":false},"author":2,"featured_media":241484,"comment_status":"","ping_status":"","sticky":false,"template":"","format":"standard","meta":{"footnotes":""},"categories":[1415],"tags":[1011,27,60,1467],"class_list":{"0":"post-241483","1":"post","2":"type-post","3":"status-publish","4":"format-standard","5":"has-post-thumbnail","7":"category-tennis","8":"tag-fr","9":"tag-france","10":"tag-sports","11":"tag-tennis"},"share_on_mastodon":{"url":"https:\/\/pubeurope.com\/@fr\/114832292049179763","error":""},"_links":{"self":[{"href":"https:\/\/www.europesays.com\/fr\/wp-json\/wp\/v2\/posts\/241483","targetHints":{"allow":["GET"]}}],"collection":[{"href":"https:\/\/www.europesays.com\/fr\/wp-json\/wp\/v2\/posts"}],"about":[{"href":"https:\/\/www.europesays.com\/fr\/wp-json\/wp\/v2\/types\/post"}],"author":[{"embeddable":true,"href":"https:\/\/www.europesays.com\/fr\/wp-json\/wp\/v2\/users\/2"}],"replies":[{"embeddable":true,"href":"https:\/\/www.europesays.com\/fr\/wp-json\/wp\/v2\/comments?post=241483"}],"version-history":[{"count":0,"href":"https:\/\/www.europesays.com\/fr\/wp-json\/wp\/v2\/posts\/241483\/revisions"}],"wp:featuredmedia":[{"embeddable":true,"href":"https:\/\/www.europesays.com\/fr\/wp-json\/wp\/v2\/media\/241484"}],"wp:attachment":[{"href":"https:\/\/www.europesays.com\/fr\/wp-json\/wp\/v2\/media?parent=241483"}],"wp:term":[{"taxonomy":"category","embeddable":true,"href":"https:\/\/www.europesays.com\/fr\/wp-json\/wp\/v2\/categories?post=241483"},{"taxonomy":"post_tag","embeddable":true,"href":"https:\/\/www.europesays.com\/fr\/wp-json\/wp\/v2\/tags?post=241483"}],"curies":[{"name":"wp","href":"https:\/\/api.w.org\/{rel}","templated":true}]}}