{"id":241485,"date":"2025-07-11T02:42:09","date_gmt":"2025-07-11T02:42:09","guid":{"rendered":"https:\/\/www.europesays.com\/fr\/241485\/"},"modified":"2025-07-11T02:42:09","modified_gmt":"2025-07-11T02:42:09","slug":"motogp-allemagne-j0-les-propos-cinglants-de-pedro-acosta-qui-ont-reduit-a-neant-la-conference-de-presse","status":"publish","type":"post","link":"https:\/\/www.europesays.com\/fr\/241485\/","title":{"rendered":"MotoGP Allemagne J0 : Les propos cinglants de Pedro Acosta qui ont r\u00e9duit \u00e0 n\u00e9ant la conf\u00e9rence de presse&#8230;"},"content":{"rendered":"<p><strong>La conf\u00e9rence de presse en pr\u00e9lude au<\/strong><strong> Grand Prix d\u2019Allemagne<\/strong><strong>\u00a0<a href=\"https:\/\/www.motogp.com\/\" target=\"_blank\" rel=\"noopener nofollow\">MotoGP<\/a> 2025 sur le Sachsenring <\/strong><strong>a r\u00e9uni<\/strong><strong>\u00a0<a href=\"https:\/\/www.paddock-gp.com\/?s=marc+marquez\" target=\"_blank\" rel=\"noopener nofollow\">Marc Marquez<\/a>, <\/strong><strong><a href=\"https:\/\/www.paddock-gp.com\/?s=bezzecchi\" target=\"_blank\" rel=\"noopener nofollow\">Marco Bezzecchi<\/a>, <a href=\"https:\/\/www.paddock-gp.com\/?s=acosta\" target=\"_blank\" rel=\"noopener nofollow\">Pedro Acosta<\/a> et <a href=\"https:\/\/www.paddock-gp.com\/?s=quartararo\" target=\"_blank\" rel=\"noopener nofollow\">Fabio Quartararo.<\/a><\/strong><\/p>\n<p>Apr\u00e8s les questions g\u00e9n\u00e9rales pos\u00e9es par le journaliste officiel du site MotoGP.com, la premi\u00e8re question de la presse a \u00e9t\u00e9 pos\u00e9e par un confr\u00e8re espagnol au sujet de l\u2019accident fatal survenu \u00e0 <a href=\"https:\/\/www.paddock-gp.com\/?s=gomez\" target=\"_blank\" rel=\"noopener nofollow\"><strong>Borja G\u00f3mez<\/strong><\/a> \u00e0 Magny-Cours dans le cadres des essais priv\u00e9s du JuniorGP.<\/p>\n<p>Interrog\u00e9s sp\u00e9cifiquement du fait de leur nationalit\u00e9, <strong>Marc Marquez<\/strong> et <strong>Pedro Acosta<\/strong> ont r\u00e9agi diff\u00e9remment.<\/p>\n<p>Le premier est rest\u00e9 mesur\u00e9, incitant les f\u00e9d\u00e9rations \u00e0 aider la famille pour faire face \u00e0 ce qui reste tr\u00e8s rare mais malheureusement inh\u00e9rent \u00e0 la comp\u00e9tition moto : malgr\u00e9 les efforts de tous les intervenants, le risque z\u00e9ro ne sera jamais atteint.<\/p>\n<p data-start=\"89\" data-end=\"459\"><strong>Marc Marquez :<\/strong> \u00ab Oui, bien s\u00fbr, c\u2019est le genre de nouvelle que vous ne voulez jamais recevoir, que vous ne voulez jamais lire. J\u2019ai rencontr\u00e9 Borja cet hiver sur le circuit Aspar, nous nous entra\u00eenions ensemble, et j\u2019ai aussi rencontr\u00e9 son p\u00e8re. C\u2019est toujours extr\u00eamement difficile, mais quand vous connaissez personnellement quelqu\u2019un, c\u2019est encore plus dur. Nous adressons nos pens\u00e9es les plus sinc\u00e8res \u00e0 sa famille et au monde du sport moto. Dans ce genre de cas, il est essentiel que toutes les f\u00e9d\u00e9rations apportent leur soutien \u00e0 la famille. C\u2019est le plus important. \u00bb<\/p>\n<p data-start=\"89\" data-end=\"459\">Le second, visiblement tr\u00e8s \u00e9mu, s\u2019en est pris aux organisateurs du championnat JuniorGP, Dorna Sports comme en MotoGP, oubliant sans doute \u00e0 cause de l\u2019\u00e9motion qu\u2019il avait lui-m\u00eame particip\u00e9 \u00e0 la course au Mugello apr\u00e8s l\u2019accident survenu \u00e0 <a href=\"https:\/\/www.paddock-gp.com\/?s=dupasquier\" target=\"_blank\" rel=\"noopener nofollow\"><strong>Jason\u202fDupasquier<\/strong><\/a> en 2021\u2026<\/p>\n<p data-start=\"89\" data-end=\"459\"><strong>Pedro Acosta<\/strong> :\u00a0\u00ab Je le connaissais depuis qu\u2019on \u00e9tait enfants, vous savez, parce qu\u2019au final, on vivait \u00e0 une trentaine de minutes l\u2019un de l\u2019autre. Et\u2026 c\u2019est vraiment une saloperie quand vous recevez une nouvelle comme celle-l\u00e0.<br \/>Je pense que laisser le championnat continuer avec le week-end de course a \u00e9t\u00e9 la chose la plus irrespectueuse que j\u2019aie jamais vue de ma vie. Pour moi, beaucoup de personnes qui dirigent ce championnat, et qui ont pris ces d\u00e9cisions, devraient r\u00e9fl\u00e9chir \u00e0 ce qu\u2019ils feraient si cela arrivait \u00e0 l\u2019un de leurs enfants.<br \/>Parfois on dit que \u00ab\u00a0le spectacle doit continuer\u00a0\u00bb, mais parfois, la vie a plus de valeur qu\u2019une course de championnat. \u00bb<\/p>\n<p data-start=\"89\" data-end=\"459\">Quoi qu\u2019il en soit, l\u2019ambiance \u00e9tant plomb\u00e9e, plus aucune question n\u2019a ensuite \u00e9t\u00e9 pos\u00e9e, ce qui n\u2019a pas emp\u00each\u00e9 de conclure la conf\u00e9rence avec les \u00ab\u00a0MotoGP social\u00a0\u00bb, dont on se serait bien pass\u00e9 dans de telles circonstances.<\/p>\n<p style=\"text-align: center;\" data-start=\"89\" data-end=\"459\"><img loading=\"lazy\" decoding=\"async\" class=\"aligncenter size-full wp-image-1307920\" src=\"https:\/\/www.europesays.com\/fr\/wp-content\/uploads\/2025\/07\/Tribute-to-Borja-Gomez.jpg\" alt=\"\" width=\"800\" height=\"534\"  \/>Minute de silence en hommage \u00e0 Borja G\u00f3mez le dimanche \u00e0 Magny-Cours.<\/p>\n<p data-start=\"89\" data-end=\"459\">Allemagne Pedro Acosta Borja G\u00f3mez Allemagne Pedro Acosta Borja G\u00f3mez<\/p>\n","protected":false},"excerpt":{"rendered":"La conf\u00e9rence de presse en pr\u00e9lude au Grand Prix d\u2019Allemagne\u00a0MotoGP 2025 sur le Sachsenring a r\u00e9uni\u00a0Marc Marquez, Marco&hellip;\n","protected":false},"author":2,"featured_media":241486,"comment_status":"","ping_status":"","sticky":false,"template":"","format":"standard","meta":{"footnotes":""},"categories":[1413],"tags":[1011,27,1457,1456,60],"class_list":{"0":"post-241485","1":"post","2":"type-post","3":"status-publish","4":"format-standard","5":"has-post-thumbnail","7":"category-moto","8":"tag-fr","9":"tag-france","10":"tag-moto","11":"tag-motocycle","12":"tag-sports"},"share_on_mastodon":{"url":"https:\/\/pubeurope.com\/@fr\/114832300006160849","error":""},"_links":{"self":[{"href":"https:\/\/www.europesays.com\/fr\/wp-json\/wp\/v2\/posts\/241485","targetHints":{"allow":["GET"]}}],"collection":[{"href":"https:\/\/www.europesays.com\/fr\/wp-json\/wp\/v2\/posts"}],"about":[{"href":"https:\/\/www.europesays.com\/fr\/wp-json\/wp\/v2\/types\/post"}],"author":[{"embeddable":true,"href":"https:\/\/www.europesays.com\/fr\/wp-json\/wp\/v2\/users\/2"}],"replies":[{"embeddable":true,"href":"https:\/\/www.europesays.com\/fr\/wp-json\/wp\/v2\/comments?post=241485"}],"version-history":[{"count":0,"href":"https:\/\/www.europesays.com\/fr\/wp-json\/wp\/v2\/posts\/241485\/revisions"}],"wp:featuredmedia":[{"embeddable":true,"href":"https:\/\/www.europesays.com\/fr\/wp-json\/wp\/v2\/media\/241486"}],"wp:attachment":[{"href":"https:\/\/www.europesays.com\/fr\/wp-json\/wp\/v2\/media?parent=241485"}],"wp:term":[{"taxonomy":"category","embeddable":true,"href":"https:\/\/www.europesays.com\/fr\/wp-json\/wp\/v2\/categories?post=241485"},{"taxonomy":"post_tag","embeddable":true,"href":"https:\/\/www.europesays.com\/fr\/wp-json\/wp\/v2\/tags?post=241485"}],"curies":[{"name":"wp","href":"https:\/\/api.w.org\/{rel}","templated":true}]}}