{"id":241508,"date":"2025-07-11T02:56:14","date_gmt":"2025-07-11T02:56:14","guid":{"rendered":"https:\/\/www.europesays.com\/fr\/241508\/"},"modified":"2025-07-11T02:56:14","modified_gmt":"2025-07-11T02:56:14","slug":"la-patronne-de-x-quitte-son-poste-elon-musk-se-repaie-thierry-breton","status":"publish","type":"post","link":"https:\/\/www.europesays.com\/fr\/241508\/","title":{"rendered":"La patronne de X quitte son poste, Elon Musk se (re)paie Thierry Breton"},"content":{"rendered":"<p>Apr\u00e8s deux ann\u00e9es de bons et loyaux services, la patronne du r\u00e9seau X, Linda Yaccarino, a d\u00e9cid\u00e9 de quitter son post. Au travers d\u2019une publication sur le r\u00e9seau, l\u2019ancienne CEO du groupe a rapidement tenu \u00e0 montrer sa gratitude envers Elon Musk, <a href=\"https:\/\/www.presse-citron.net\/elon-musk-president-le-milliardaire-lance-son-parti-politique-pour-vous-rendre-votre-liberte\/\" target=\"_blank\" rel=\"noopener\">qui n\u2019exclut pas de \u201crendre leur libert\u00e9\u201d aux Am\u00e9ricains au travers de sa propre formation politique<\/a>.<\/p>\n<p> Linda Yaccarino quitte X, mais en douceur <\/p>\n<p>Quand bien m\u00eame Linda Yaccarino revient sur les grandes r\u00e9ussites du r\u00e9seau X, notamment les Notes de la Communaut\u00e9, bient\u00f4t X Money ou encore l\u2019IA, son d\u00e9part survient dans un contexte pour le moins tendu, marqu\u00e9 par <a href=\"https:\/\/www.presse-citron.net\/musk-reprogramme-grok-chatbot-propos-polemiques\/\" target=\"_blank\" rel=\"noopener\">une controverse autour de l\u2019IA Grok<\/a>, accus\u00e9e depuis quelques jours de relayer des propos complotistes, antis\u00e9mites et racistes \u00e0 la suite d\u2019une r\u00e9cente mise \u00e0 jour.<\/p>\n<blockquote class=\"twitter-tweet\">\n<p dir=\"ltr\" lang=\"en\">After two incredible years, I\u2019ve decided to step down as CEO of \ud835\udd4f.<\/p>\n<p>When <a href=\"https:\/\/twitter.com\/elonmusk?ref_src=twsrc%5Etfw\" target=\"_blank\" rel=\"noopener\">@elonmusk<\/a> and I first spoke of his vision for X, I knew it would be the opportunity of a lifetime to carry out the extraordinary mission of this company. I\u2019m immensely grateful to him for entrusting me\u2026<\/p>\n<p>\u2014 Linda Yaccarino (@lindayaX) <a href=\"https:\/\/twitter.com\/lindayaX\/status\/1942957094811951197?ref_src=twsrc%5Etfw\" target=\"_blank\" rel=\"noopener\">July 9, 2025<\/a><\/p>\n<\/blockquote>\n<p>\u201cJe lui (Elon Musk) suis extr\u00eamement reconnaissante de m\u2019avoir confi\u00e9 la responsabilit\u00e9 de prot\u00e9ger la libert\u00e9 d\u2019expression, de redresser l\u2019entreprise et de faire de X l\u2019application universelle\u201d explique Linda Yaccarino. En juin 2024, un fid\u00e8le de Linda Yaccarino, Joe Benarroch, quittait l\u2019entreprise en raison de la pression croissante exerc\u00e9e par Elon Musk pour r\u00e9duire les d\u00e9penses et stimuler les revenus publicitaires sur X.<\/p>\n<blockquote class=\"twitter-tweet\">\n<p dir=\"ltr\" lang=\"en\">Need help, <a href=\"https:\/\/twitter.com\/elonmusk?ref_src=twsrc%5Etfw\" target=\"_blank\" rel=\"noopener\">@elonmusk<\/a>?<\/p>\n<p>Europe\u2019s got talent \ud83c\uddea\ud83c\uddfa <a href=\"https:\/\/t.co\/PqyAODbfg8\">https:\/\/t.co\/PqyAODbfg8<\/a><\/p>\n<p>\u2014 Thierry Breton (@ThierryBreton) <a href=\"https:\/\/twitter.com\/ThierryBreton\/status\/1942968603592048740?ref_src=twsrc%5Etfw\" target=\"_blank\" rel=\"noopener\">July 9, 2025<\/a><\/p>\n<\/blockquote>\n<p>Dans la foul\u00e9e, <a href=\"https:\/\/www.presse-citron.net\/coup-de-tonnerre-thierry-breton-demissionne-de-son-poste-de-commissaire-europeen\/\" target=\"_blank\" rel=\"noopener\">c\u2019est Thierry Breton, l\u2019un des plus fervents d\u00e9tracteurs d\u2019Elon Musk<\/a>, qui s\u2019est amus\u00e9 de la situation en demandant \u00e0 Elon Musk si ce dernier avait besoin d\u2019aide, en pr\u00e9cisant\u00a0: \u201cl\u2019Europe a du talent\u201c. La r\u00e9ponse de ce dernier ne s\u2019est pas faite attendre, avec un \u201cbien s\u00fbr\u201d pour le moins ironique, accompagn\u00e9 d\u2019un smiley qui pleure de rire.<\/p>\n<p>Rappelons que depuis quelques jours, le chatbot Grok, d\u00e9velopp\u00e9 par xAI, a re\u00e7u une mise \u00e0 jour assez particuli\u00e8re, laquelle lui fait d\u00e9sormais tenir des r\u00e9ponses incendiaires \u00e0 des probl\u00e9matiques parfois tr\u00e8s d\u00e9licates, \u00e0 commencer par les r\u00e9centes inondations au Texas ou encore la situation \u00e0 Hollywood, en passant par la Seconde Guerre mondiale.<\/p>\n<blockquote>\n<p class=\"text-base text-neutral-700 dark:text-neutral-300\">\ud83d\udccd Pour ne manquer aucune actualit\u00e9 de Presse-citron, suivez-nous sur <a href=\"https:\/\/news.google.com\/publications\/CAAqBggKMIPiNTC70wU?hl=fr&amp;gl=FR&amp;ceid=FR%3Afr\" target=\"_blank\" rel=\"noopener\">Google Actualit\u00e9s<\/a> et <a href=\"https:\/\/whatsapp.com\/channel\/0029VaCkGuz4NViitBXbEr0b\" target=\"_blank\" rel=\"noopener\">WhatsApp<\/a>.<\/p>\n<\/blockquote>\n<p>            <img decoding=\"async\" src=\"https:\/\/www.europesays.com\/fr\/wp-content\/uploads\/2025\/06\/twitter.jpg\" alt=\"Twitter\" loading=\"lazy\"\/>                            <script async src=\"https:\/\/platform.twitter.com\/widgets.js\" charset=\"utf-8\"><\/script><\/p>\n","protected":false},"excerpt":{"rendered":"Apr\u00e8s deux ann\u00e9es de bons et loyaux services, la patronne du r\u00e9seau X, Linda Yaccarino, a d\u00e9cid\u00e9 de&hellip;\n","protected":false},"author":2,"featured_media":241509,"comment_status":"","ping_status":"","sticky":false,"template":"","format":"standard","meta":{"footnotes":""},"categories":[6],"tags":[35,33,34,46,1011,27,6814],"class_list":{"0":"post-241508","1":"post","2":"type-post","3":"status-publish","4":"format-standard","5":"has-post-thumbnail","7":"category-economie","8":"tag-business","9":"tag-economie","10":"tag-economy","11":"tag-elon-musk","12":"tag-fr","13":"tag-france","14":"tag-twitter"},"share_on_mastodon":{"url":"https:\/\/pubeurope.com\/@fr\/114832355285521163","error":""},"_links":{"self":[{"href":"https:\/\/www.europesays.com\/fr\/wp-json\/wp\/v2\/posts\/241508","targetHints":{"allow":["GET"]}}],"collection":[{"href":"https:\/\/www.europesays.com\/fr\/wp-json\/wp\/v2\/posts"}],"about":[{"href":"https:\/\/www.europesays.com\/fr\/wp-json\/wp\/v2\/types\/post"}],"author":[{"embeddable":true,"href":"https:\/\/www.europesays.com\/fr\/wp-json\/wp\/v2\/users\/2"}],"replies":[{"embeddable":true,"href":"https:\/\/www.europesays.com\/fr\/wp-json\/wp\/v2\/comments?post=241508"}],"version-history":[{"count":0,"href":"https:\/\/www.europesays.com\/fr\/wp-json\/wp\/v2\/posts\/241508\/revisions"}],"wp:featuredmedia":[{"embeddable":true,"href":"https:\/\/www.europesays.com\/fr\/wp-json\/wp\/v2\/media\/241509"}],"wp:attachment":[{"href":"https:\/\/www.europesays.com\/fr\/wp-json\/wp\/v2\/media?parent=241508"}],"wp:term":[{"taxonomy":"category","embeddable":true,"href":"https:\/\/www.europesays.com\/fr\/wp-json\/wp\/v2\/categories?post=241508"},{"taxonomy":"post_tag","embeddable":true,"href":"https:\/\/www.europesays.com\/fr\/wp-json\/wp\/v2\/tags?post=241508"}],"curies":[{"name":"wp","href":"https:\/\/api.w.org\/{rel}","templated":true}]}}