{"id":241510,"date":"2025-07-11T02:57:19","date_gmt":"2025-07-11T02:57:19","guid":{"rendered":"https:\/\/www.europesays.com\/fr\/241510\/"},"modified":"2025-07-11T02:57:19","modified_gmt":"2025-07-11T02:57:19","slug":"quest-ce-que-la-fievre-hemorragique-de-crimee-congo","status":"publish","type":"post","link":"https:\/\/www.europesays.com\/fr\/241510\/","title":{"rendered":"qu&rsquo;est-ce que la fi\u00e8vre h\u00e9morragique de Crim\u00e9e-Congo ?"},"content":{"rendered":"<p>             <a href=\"https:\/\/ma-sante.news\/wp-content\/uploads\/2025\/07\/tiques-tueuses-turquie-fievre-hemorragique-crimee-congo-Ma-Sante.jpg\" data-caption=\"La France, pour l\u2019instant, n\u2019a recens\u00e9 aucun cas autochtone de FHCC. Mais des cas import\u00e9s ont d\u00e9j\u00e0 \u00e9t\u00e9 observ\u00e9s en Espagne et en Gr\u00e8ce. \u00a9 Freepik\" target=\"_blank\" rel=\"noopener\"><img loading=\"lazy\" decoding=\"async\" width=\"696\" height=\"464\" class=\"entry-thumb td-modal-image\" src=\"data:image\/svg+xml,%3Csvg%20xmlns=\" http:=\"\" data-lazy- data-lazy- alt=\"Une tique tueuse en turquie pos\u00e9e sur un brin d'herbe.\" title=\"tiques tueuses turquie fievre he\u0301morragique crime\u0301e congo Ma Sante\u0301\" data-lazy-src=\"https:\/\/www.europesays.com\/fr\/wp-content\/uploads\/2025\/07\/tiques-tueuses-turquie-fievre-hemorragique-crimee-congo-Ma-Sante-696x464.jpg\"\/><\/a>La France, pour l\u2019instant, n\u2019a recens\u00e9 aucun cas autochtone de FHCC. Mais des cas import\u00e9s ont d\u00e9j\u00e0 \u00e9t\u00e9 observ\u00e9s en Espagne et en Gr\u00e8ce. \u00a9 Freepik                                    \t\t\t             <a class=\"gofollow\" data-track=\"MjgsMCwxLDYw\" href=\"https:\/\/ma-sante.news\/inscrivez-vous-a-notre-newsletter\/\" target=\"_blank\" rel=\"noopener\"><img loading=\"lazy\" decoding=\"async\" width=\"1068\" height=\"131\" src=\"data:image\/svg+xml,%3Csvg%20xmlns=\" http:=\"\" data-lazy-src=\"https:\/\/www.europesays.com\/fr\/wp-content\/uploads\/2025\/03\/banniere-newsletter.png\"\/><\/a> <\/p>\n<p>Depuis le printemps, la Turquie fait face \u00e0 une explosion sans pr\u00e9c\u00e9dent de morsures de tiques, notamment \u00e0 Istanbul et dans plusieurs provinces rurales du nord-est. Avec \u00e0 la cl\u00e9 plusieurs d\u00e9c\u00e8s.<\/p>\n<p>Ces tiques ne sont pas de simples nuisibles, elles appartiennent \u00e0 l\u2019esp\u00e8ce Hyalomma marginatum, une esp\u00e8ce invasive, thermophile (qui aime la chaleur), et vectrice de <a href=\"https:\/\/ma-sante.news\/sante-mondiale-une-maladie-mortelle-inconnue-inquiete-les-autorites-sanitaires\/\" target=\"_blank\" rel=\"noopener\">la fi\u00e8vre h\u00e9morragique de Crim\u00e9e-Congo<\/a> (FHCC), une maladie virale \u00e0 haut risque. Face \u00e0 ce potentiel infectieux, la France, plus habitu\u00e9e \u00e0 se pr\u00e9munir contre <a href=\"https:\/\/ma-sante.news\/interview-maladie-de-lyme-139468\/\" target=\"_blank\" rel=\"noopener\">la maladie de Lyme<\/a> et autre <a href=\"https:\/\/ma-sante.news\/encephalite-a-tiques-une-infection-qui-progresse-en-france\/\" target=\"_blank\" rel=\"noopener\">enc\u00e9phalite \u00e0 tiques<\/a>, doit-elle rester sur ses gardes ? Ces nuisibles sont-ils d\u00e9j\u00e0 l\u00e0 ? Le point.<\/p>\n<p>        Une \u00e9pid\u00e9mie au ras du sol    <strong>Une tique g\u00e9ante\u2026 et dangereuse<\/strong>    <\/p>\n<p>Contrairement \u00e0 <a href=\"https:\/\/ma-sante.news\/quelles-sont-les-maladies-transmises-par-les-tiques\/\" target=\"_blank\" rel=\"noopener\">la tique europ\u00e9enne que l\u2019on conna\u00eet dans nos for\u00eats<\/a>, Hyalomma marginatum a de quoi inqui\u00e9ter. Elle est :<\/p>\n<p>Sous l\u2019effet du r\u00e9chauffement climatique, cette tique a largement \u00e9tendu son territoire. Elle est d\u00e9sormais implant\u00e9e dans toute la Turquie, et a \u00e9t\u00e9 rep\u00e9r\u00e9e dans le sud de l\u2019Europe, notamment en Espagne, en Italie et en Corse, selon l\u2019ECDC (Centre europ\u00e9en de pr\u00e9vention et de contr\u00f4le des maladies). <\/p>\n<p>En France m\u00e9tropolitaine, la tique Hyalomma marginatum a \u00e9t\u00e9 identifi\u00e9e pour la premi\u00e8re fois en octobre 2023 comme potentiellement porteuse de la fi\u00e8vre h\u00e9morragique de Crim\u00e9e-Congo (FHCC). Rep\u00e9r\u00e9e dans 11 d\u00e9partements du sud, dont les Bouches-du-Rh\u00f4ne et les Pyr\u00e9n\u00e9es-Orientales, cette tique peut transmettre le virus via le sang. N\u00e9anmoins, aucun cas humain n\u2019a \u00e9t\u00e9 recens\u00e9 dans l\u2019Hexagone.<\/p>\n<p>        <strong>La fi\u00e8vre h\u00e9morragique de Crim\u00e9e-Congo, c\u2019est quoi ?<\/strong>    <\/p>\n<p>La fi\u00e8vre h\u00e9morragique de Crim\u00e9e-Congo est une maladie virale rare, mais grave. Le virus, appel\u00e9 CCHFV (Crimean-Congo Hemorrhagic Fever Virus), peut provoquer :<\/p>\n<ul class=\"wp-block-list\">\n<li>Fi\u00e8vre brutale, douleurs musculaires, <a href=\"https:\/\/ma-sante.news\/maux-de-tete-comment-reconnaitre-une-vraie-migraine\/\" target=\"_blank\" rel=\"noopener\">maux de t\u00eate<\/a>,<\/li>\n<li>Puis, dans les formes graves, troubles h\u00e9morragiques internes, vomissements sanglants, atteinte h\u00e9patique,<\/li>\n<li>Avec un taux de mortalit\u00e9 estim\u00e9 entre 10 % et 40 %, selon l\u2019Organisation mondiale de la sant\u00e9 (OMS).<\/li>\n<\/ul>\n<p>Il n\u2019existe actuellement ni vaccin ni traitement sp\u00e9cifique. La prise en charge repose uniquement sur la pr\u00e9vention et le traitement symptomatique.<\/p>\n<p>        <strong>16 morts recens\u00e9s, 5 000 cas de morsures en un mois<\/strong>    <\/p>\n<p>Depuis mai 2024, le minist\u00e8re turc de la Sant\u00e9 confirme que 16 personnes sont d\u00e9c\u00e9d\u00e9es des suites de la FHCC. Rien qu\u2019\u00e0 Istanbul, plus de 5 000 habitants se sont pr\u00e9sent\u00e9s \u00e0 l\u2019h\u00f4pital pour des morsures de tique en juin 2025, selon les donn\u00e9es publi\u00e9es par le site turc HaberT\u00fcrk et relay\u00e9es par Courrier International le 8 juillet.<\/p>\n<p>Un chiffre inqui\u00e9tant, car il concerne une zone urbaine dens\u00e9ment peupl\u00e9e, o\u00f9 ce type d\u2019\u00e9pisode \u00e9tait jusqu\u2019alors extr\u00eamement rare.<\/p>\n<p>        Tiques : la chasse est ouverte    <\/p>\n<p>Face \u00e0 la panique, les autorit\u00e9s turques ont mis en place plusieurs mesures de contr\u00f4le, entre d\u00e9sinfections massives dans les parcs et zones vertes urbaines, \u00e0 base d\u2019insecticides puissants et sensibilisation de la population sur les comportements \u00e0 risque.<\/p>\n<p>Plus \u00e9tonnant : le l\u00e2cher de 500 perdrix \u00e0 Istanbul ! Ces oiseaux sont des pr\u00e9dateurs naturels des tiques. Une strat\u00e9gie originale, mais pas sans cons\u00e9quences. Plusieurs associations environnementales turques, dont TEMA Vakf\u0131, alertent qu\u2019en \u201c\u00e9liminant massivement insectes, fourmis et araign\u00e9es, on d\u00e9truit les \u00e9quilibres naturels\u2026 et on risque de favoriser \u00e0 long terme les tiques plut\u00f4t que de les freiner\u201d.\u00a0<\/p>\n<p>        Tiques tueuses : que faire face \u00e0 la menace ?    <strong>Doit-on s\u2019inqui\u00e9ter en France ?<\/strong>    <\/p>\n<p>Non, pour l\u2019instant pas de panique \u00e0 avoir en France. Car ce n\u2019est pas un hasard si la Turquie est aujourd\u2019hui en premi\u00e8re ligne. Plusieurs facteurs s\u2019additionnent :<\/p>\n<ul class=\"wp-block-list\">\n<li>Un climat de plus en plus chaud et sec, id\u00e9al pour le d\u00e9veloppement de Hyalomma marginatum ;<\/li>\n<li>Une grande pr\u00e9sence d\u2019\u00e9levage bovin, r\u00e9servoirs potentiels du virus ;<\/li>\n<li>Et un d\u00e9ficit de pr\u00e9vention, notamment en milieu rural.<\/li>\n<\/ul>\n<p>Le professeur Ate\u015f Kara, sp\u00e9cialiste en maladies infectieuses \u00e0 l\u2019universit\u00e9 Hacettepe d\u2019Ankara, rappelait dans le quotidien H\u00fcrriyet que \u201cles tiques peuvent pondre jusqu\u2019\u00e0 10 000 \u0153ufs. Elles sont invisibles la plupart du temps, car elles vivent cach\u00e9es au sol ou dans les broussailles\u201d.\u00a0<\/p>\n<p>        <strong>Que faire si vous voyagez en Turquie ?<\/strong>    <\/p>\n<p>Le minist\u00e8re belge des Affaires \u00e9trang\u00e8res a notamment mis \u00e0 jour ses recommandations sanitaires en juin 2025. Voici les conseils essentiels \u00e0 suivre si vous partez dans la r\u00e9gion :<\/p>\n<ul class=\"wp-block-list\">\n<li>Portez des v\u00eatements longs et clairs (pantalons, manches longues, chaussettes hautes) dans les zones \u00e0 risque.<\/li>\n<li>Utilisez un r\u00e9pulsif anti-tiques contenant du DEET (au moins 30 %) ou de l\u2019icaridine.<\/li>\n<li>\u00c9vitez les zones de hautes herbes, les prairies et les champs \u00e0 l\u2019aube ou au cr\u00e9puscule.<\/li>\n<li>Inspectez votre peau et vos v\u00eatements apr\u00e8s chaque promenade.<\/li>\n<\/ul>\n<p>En cas de morsure :<\/p>\n<ul class=\"wp-block-list\">\n<li>N\u2019arrachez jamais la tique \u00e0 mains nues. Utilisez un tire-tique.<\/li>\n<li>D\u00e9sinfectez soigneusement.<\/li>\n<li>Et consultez imm\u00e9diatement un m\u00e9decin.<\/li>\n<\/ul>\n<blockquote class=\"wp-block-quote is-layout-flow wp-block-quote-is-layout-flow\">\n<p><strong>\u00c0 SAVOIR<\/strong><\/p>\n<p>Selon l\u2019ECDC, le virus de Crim\u00e9e-Congo est class\u00e9 comme \u201cpathog\u00e8ne \u00e9mergent \u00e0 potentiel pand\u00e9mique\u201d. Il figure sur la liste des agents \u00e0 surveiller de pr\u00e8s dans les ann\u00e9es \u00e0 venir.<\/p>\n<\/blockquote>\n<p>  <a class=\"gofollow\" data-track=\"MTIsMCwxLDYw\" href=\"https:\/\/ma-sante.news\/annonceurs\/\" target=\"_blank\" rel=\"noopener\"><img loading=\"lazy\" decoding=\"async\" width=\"2560\" height=\"2133\" src=\"data:image\/svg+xml,%3Csvg%20xmlns=\" http:=\"\" data-lazy-src=\"https:\/\/www.europesays.com\/fr\/wp-content\/uploads\/2025\/03\/pub-annonceurs-4-scaled.jpg\"\/><\/a>    <img loading=\"lazy\" decoding=\"async\" width=\"755\" height=\"495\" src=\"data:image\/svg+xml,%3Csvg%20xmlns=\" http:=\"\" data-lazy-src=\"https:\/\/www.europesays.com\/fr\/wp-content\/uploads\/2025\/03\/Image1.jpg\"\/>Inscrivez-vous \u00e0 notre newsletter <br \/>Ma Sant\u00e9                      <\/p>\n","protected":false},"excerpt":{"rendered":"La France, pour l\u2019instant, n\u2019a recens\u00e9 aucun cas autochtone de FHCC. Mais des cas import\u00e9s ont d\u00e9j\u00e0 \u00e9t\u00e9&hellip;\n","protected":false},"author":2,"featured_media":241511,"comment_status":"","ping_status":"","sticky":false,"template":"","format":"standard","meta":{"footnotes":""},"categories":[5],"tags":[11,38109,1011,27,14,12,16681,28],"class_list":{"0":"post-241510","1":"post","2":"type-post","3":"status-publish","4":"format-standard","5":"has-post-thumbnail","7":"category-international","8":"tag-actualites","9":"tag-fiu00e8vre","10":"tag-fr","11":"tag-france","12":"tag-international","13":"tag-news","14":"tag-tiques","15":"tag-world"},"share_on_mastodon":{"url":"https:\/\/pubeurope.com\/@fr\/114832359203710309","error":""},"_links":{"self":[{"href":"https:\/\/www.europesays.com\/fr\/wp-json\/wp\/v2\/posts\/241510","targetHints":{"allow":["GET"]}}],"collection":[{"href":"https:\/\/www.europesays.com\/fr\/wp-json\/wp\/v2\/posts"}],"about":[{"href":"https:\/\/www.europesays.com\/fr\/wp-json\/wp\/v2\/types\/post"}],"author":[{"embeddable":true,"href":"https:\/\/www.europesays.com\/fr\/wp-json\/wp\/v2\/users\/2"}],"replies":[{"embeddable":true,"href":"https:\/\/www.europesays.com\/fr\/wp-json\/wp\/v2\/comments?post=241510"}],"version-history":[{"count":0,"href":"https:\/\/www.europesays.com\/fr\/wp-json\/wp\/v2\/posts\/241510\/revisions"}],"wp:featuredmedia":[{"embeddable":true,"href":"https:\/\/www.europesays.com\/fr\/wp-json\/wp\/v2\/media\/241511"}],"wp:attachment":[{"href":"https:\/\/www.europesays.com\/fr\/wp-json\/wp\/v2\/media?parent=241510"}],"wp:term":[{"taxonomy":"category","embeddable":true,"href":"https:\/\/www.europesays.com\/fr\/wp-json\/wp\/v2\/categories?post=241510"},{"taxonomy":"post_tag","embeddable":true,"href":"https:\/\/www.europesays.com\/fr\/wp-json\/wp\/v2\/tags?post=241510"}],"curies":[{"name":"wp","href":"https:\/\/api.w.org\/{rel}","templated":true}]}}