{"id":241514,"date":"2025-07-11T02:59:15","date_gmt":"2025-07-11T02:59:15","guid":{"rendered":"https:\/\/www.europesays.com\/fr\/241514\/"},"modified":"2025-07-11T02:59:15","modified_gmt":"2025-07-11T02:59:15","slug":"ce-quil-faut-retenir-apres-la-presentation-de-ligue-1-la-toute-nouvelle-chaine-de-la-lfp","status":"publish","type":"post","link":"https:\/\/www.europesays.com\/fr\/241514\/","title":{"rendered":"ce qu&rsquo;il faut retenir apr\u00e8s la pr\u00e9sentation de Ligue 1+, la toute nouvelle cha\u00eene de la LFP"},"content":{"rendered":"<p class=\"rev-margin-0 rev-text-xs-normal\">D\u00e8s le 15 ao\u00fbt prochain, la Ligue de football professionnel (LFP) lancera sa propre cha\u00eene de t\u00e9l\u00e9vision pour diffuser l&rsquo;essentiel des matchs de Ligue 1.<\/p>\n<p class=\"rev-margin-0 rev-text-xs-bold\">\/ Photo Philippe Laurenson<\/p>\n<p>La toute nouvelle cha\u00eene diffusant le championnat de France s\u2019appellera Ligue 1 +, a annonc\u00e9 la Ligue de football professionnel (LFP) lors de la pr\u00e9sentation de son nouveau produit ce jeudi \u00e0 Paris. \u00ab\u00a0La Ligue 1 est une tr\u00e8s belle marque, elle s\u2019imposait, et Plus est maintenant un terme g\u00e9n\u00e9rique pour toutes les plateformes\u00a0\u00bb, a expliqu\u00e9 <a href=\"https:\/\/www.laprovence.com\/article\/sports\/40529101203266\/football-nicolas-de-tavernost-veut-proposer-la-chaine-100-ligue-1-pour-moins-de-20-euros\" target=\"_blank\" rel=\"noopener\">le directeur de LFP M\u00e9dias Nicolas de Tavernost<\/a> au si\u00e8ge de la Ligue. Ligue 1 +\u00a0est \u00ab\u00a0la premi\u00e8re cha\u00eene 100% d\u00e9di\u00e9e \u00e0 un championnat de football, une premi\u00e8re mondiale\u00a0\u00bb, selon le pr\u00e9sident de la LFP <a href=\"https:\/\/www.laprovence.com\/article\/sports\/2661289900750214\/football-labrune-al-khelaifi-nicollin-plusieurs-dirigeants-vises-par-une-plainte\" target=\"_blank\" rel=\"noopener\">Vincent Labrune<\/a>.<\/p>\n<p>Apr\u00e8s des ann\u00e9es de crises des droits TV, de l\u2019abandon de Mediapro \u00e0 celui de DAZN au bout de cette premi\u00e8re saison, les revenus des clubs fran\u00e7ais, provenant essentiellement de la t\u00e9l\u00e9vision, ont fortement baiss\u00e9 et la LFP cherchait une nouvelle strat\u00e9gie. Elle a choisi de produire elle-m\u00eame son championnat. Pour renforcer la visibilit\u00e9 de son produit, LFP M\u00e9dias vise \u00ab\u00a0l\u2019hyperdistribution\u00a0\u00bb, a d\u00e9velopp\u00e9 de Tavernost, expliquant que la plateforme sera disponible sur les quatre r\u00e9seaux Orange, SFR, Free et Bouygues.<\/p>\n<p>Du c\u00f4t\u00e9 des streamers, DAZN, qui diffusait la L1 pour la saison\u00a02024-2025 avant de renoncer, proposera aussi Ligue\u00a01 +. La LFP a fait savoir qu\u2019elle parlait \u00e0 l\u2019ensemble des autres streamers du march\u00e9 et annoncera bient\u00f4t d\u2019autres accords.<\/p>\n<p>Sa cha\u00eene sera \u00e9galement diffus\u00e9e sur les plateformes OTT (service par contournement, over the top en anglais), directement sans passer par les fournisseurs d\u2019acc\u00e8s internet.<\/p>\n<p>Les offres commerciales proposent un abonnement annuel \u00e0 14,99\u00a0euros par mois avec engagement pour deux utilisateurs, 19,99\u00a0euros sans engagement et une offre \u00e0 9,99\u00a0euros pour les moins de 26\u00a0ans sans engagement pour un utilisateur. L\u2019offre mobile est de 14,99\u00a0euros mensuels sans engagement pour un utilisateur sur mobile, tablette et PC.<\/p>\n<p>La LFP diffusera huit matches par journ\u00e9e, le neuvi\u00e8me \u00e9tant par contrat sur beIN Sports pour encore la saison\u00a02025-2026. \u00ab\u00a0Le mod\u00e8le de la cha\u00eene s\u2019imposait, a conclu de Tavernost. Il y aura deux ann\u00e9es compliqu\u00e9s pour les ressources, c\u2019est la constitution d\u2019un march\u00e9, les rendements seront progressifs\u00a0\u00bb.<\/p>\n<p>Mais aussi\u00a0:<br \/>La LFP a fait les choses en grand avec un d\u00e9but de casting ambitieux autour de plusieurs personnalit\u00e9s bien connues des passionn\u00e9s comme Marina Lorenzo, Lesly Boitrelle, Xavier Domergue et m\u00eame l\u2019ex-Marseillais <a href=\"https:\/\/www.laprovence.com\/article\/om\/2780588788559714\/lille-om-les-confidences-de-benoit-cheyrou-avant-la-finale-pour-la-2e-place\" target=\"_blank\" rel=\"noopener\">Beno\u00eet Cheyrou<\/a> (2007-14)\u2026<br \/>Si des s\u00e9ries documentaires consacr\u00e9es \u00e0 Dante pour sa derni\u00e8re saison en L1 ou \u00e0 la premi\u00e8re saison du Paris FC ont d\u00e9j\u00e0 \u00e9t\u00e9 pr\u00e9sent\u00e9es, d\u2019autres programmes seront annonc\u00e9s plus tard. Histoire de s\u00e9duire les fans, le match Nantes-PSG en cl\u00f4ture de la premi\u00e8re journ\u00e9e sera accessible gratuitement en clair.<\/p>\n","protected":false},"excerpt":{"rendered":"D\u00e8s le 15 ao\u00fbt prochain, la Ligue de football professionnel (LFP) lancera sa propre cha\u00eene de t\u00e9l\u00e9vision pour&hellip;\n","protected":false},"author":2,"featured_media":241515,"comment_status":"","ping_status":"","sticky":false,"template":"","format":"standard","meta":{"footnotes":""},"categories":[2],"tags":[17,11,150,8290,63,1011,27,3022,12,27681,18017,18252,60],"class_list":{"0":"post-241514","1":"post","2":"type-post","3":"status-publish","4":"format-standard","5":"has-post-thumbnail","7":"category-actualites","8":"tag-17","9":"tag-actualites","10":"tag-apres","11":"tag-faut","12":"tag-football","13":"tag-fr","14":"tag-france","15":"tag-ligue","16":"tag-news","17":"tag-presentation","18":"tag-quil","19":"tag-retenir","20":"tag-sports"},"share_on_mastodon":{"url":"https:\/\/pubeurope.com\/@fr\/114832367229908515","error":""},"_links":{"self":[{"href":"https:\/\/www.europesays.com\/fr\/wp-json\/wp\/v2\/posts\/241514","targetHints":{"allow":["GET"]}}],"collection":[{"href":"https:\/\/www.europesays.com\/fr\/wp-json\/wp\/v2\/posts"}],"about":[{"href":"https:\/\/www.europesays.com\/fr\/wp-json\/wp\/v2\/types\/post"}],"author":[{"embeddable":true,"href":"https:\/\/www.europesays.com\/fr\/wp-json\/wp\/v2\/users\/2"}],"replies":[{"embeddable":true,"href":"https:\/\/www.europesays.com\/fr\/wp-json\/wp\/v2\/comments?post=241514"}],"version-history":[{"count":0,"href":"https:\/\/www.europesays.com\/fr\/wp-json\/wp\/v2\/posts\/241514\/revisions"}],"wp:featuredmedia":[{"embeddable":true,"href":"https:\/\/www.europesays.com\/fr\/wp-json\/wp\/v2\/media\/241515"}],"wp:attachment":[{"href":"https:\/\/www.europesays.com\/fr\/wp-json\/wp\/v2\/media?parent=241514"}],"wp:term":[{"taxonomy":"category","embeddable":true,"href":"https:\/\/www.europesays.com\/fr\/wp-json\/wp\/v2\/categories?post=241514"},{"taxonomy":"post_tag","embeddable":true,"href":"https:\/\/www.europesays.com\/fr\/wp-json\/wp\/v2\/tags?post=241514"}],"curies":[{"name":"wp","href":"https:\/\/api.w.org\/{rel}","templated":true}]}}