{"id":241516,"date":"2025-07-11T03:00:20","date_gmt":"2025-07-11T03:00:20","guid":{"rendered":"https:\/\/www.europesays.com\/fr\/241516\/"},"modified":"2025-07-11T03:00:20","modified_gmt":"2025-07-11T03:00:20","slug":"festival-des-cannes-les-kines-manifestent-devant-la-cpam-au-puy-en-velay","status":"publish","type":"post","link":"https:\/\/www.europesays.com\/fr\/241516\/","title":{"rendered":"Festival des cannes : les kin\u00e9s manifestent devant la CPAM au Puy-en-Velay"},"content":{"rendered":"<p>\t\t\t\t\t\t\t\t\t\t\t\t\t\t\t\t\t\t\t\t\t\t\t\t\t\t\t\t\t\t\t\t\t\t\t\t\t\t\t\t\t\t\t\t\t\t<img decoding=\"async\" src=\"https:\/\/www.europesays.com\/fr\/wp-content\/uploads\/2025\/07\/carre_copy_copy.gif\" alt=\"Fraisse David carr\u00e9 2024\"\/><\/p>\n<p>\t\t\t\t\t\t\t\t\t\t\t\t\t\t\t\t\t\t\t\t\t\t\t\t\t\t\t\t\t\t\t\t\t\t\t\t\t\t\t\t\t\t\t\t\t\t<img decoding=\"async\" src=\"https:\/\/www.europesays.com\/fr\/wp-content\/uploads\/2025\/07\/CARRE.gif\" alt=\"Annonces l\u00e9gales Une\"\/><\/p>\n<p><strong>Jeudi matin, des kin\u00e9sith\u00e9rapeutes de Haute-Loire ont manifest\u00e9 leur m\u00e9contentement devant le si\u00e8ge de la Caisse Primaire d&rsquo;Assurance-Maladie de Haute-Loire (CPAM 43).<\/strong><\/p>\n<p>Ce mouvement \u00e9tait dirig\u00e9e par la FFMKR (F\u00e9d\u00e9ration Fran\u00e7aise des Masseurs Kin\u00e9sith\u00e9rapeutes R\u00e9\u00e9ducateurs), pour exprimer sa col\u00e8re suite \u00e0 la suspension des revalorisations des actes qui auraient d\u00fb \u00eatre effectives au 1er juillet 2025 et report\u00e9es au 1er janvier 2026.<\/p>\n<p>Cette manifestation se faisait ce jeudi devant toutes les CPAM d\u00e9partementales suite \u00e0 la manifestation du 1er juillet \u00e0 Paris o\u00f9 plus de 2500 kin\u00e9s s&rsquo;\u00e9taient mobilis\u00e9s.<\/p>\n<p>Cette action du jour s&rsquo;appelait \u00ab\u00a0le festival des cannes\u00a0\u00bb. Des courriers ont \u00e9galement \u00e9t\u00e9 envoy\u00e9s aux parlementaires departementaux.<\/p>\n","protected":false},"excerpt":{"rendered":"Jeudi matin, des kin\u00e9sith\u00e9rapeutes de Haute-Loire ont manifest\u00e9 leur m\u00e9contentement devant le si\u00e8ge de la Caisse Primaire d&rsquo;Assurance-Maladie&hellip;\n","protected":false},"author":2,"featured_media":241517,"comment_status":"","ping_status":"","sticky":false,"template":"","format":"standard","meta":{"footnotes":""},"categories":[9653],"tags":[1111,2281,11,2430,1777,674,2282,1011,27,2280,2284,2285,2283,12,25,4001],"class_list":{"0":"post-241516","1":"post","2":"type-post","3":"status-publish","4":"format-standard","5":"has-post-thumbnail","7":"category-saint-etienne","8":"tag-actu","9":"tag-actualite-43","10":"tag-actualites","11":"tag-auvergne-rhone-alpes","12":"tag-eu","13":"tag-europe","14":"tag-faits-divers-auvergne","15":"tag-fr","16":"tag-france","17":"tag-information-haute-loire","18":"tag-infos-43","19":"tag-journal-haute-loire","20":"tag-la-commere-43","21":"tag-news","22":"tag-republique-francaise","23":"tag-saint-etienne"},"share_on_mastodon":{"url":"https:\/\/pubeurope.com\/@fr\/114832370962489182","error":""},"_links":{"self":[{"href":"https:\/\/www.europesays.com\/fr\/wp-json\/wp\/v2\/posts\/241516","targetHints":{"allow":["GET"]}}],"collection":[{"href":"https:\/\/www.europesays.com\/fr\/wp-json\/wp\/v2\/posts"}],"about":[{"href":"https:\/\/www.europesays.com\/fr\/wp-json\/wp\/v2\/types\/post"}],"author":[{"embeddable":true,"href":"https:\/\/www.europesays.com\/fr\/wp-json\/wp\/v2\/users\/2"}],"replies":[{"embeddable":true,"href":"https:\/\/www.europesays.com\/fr\/wp-json\/wp\/v2\/comments?post=241516"}],"version-history":[{"count":0,"href":"https:\/\/www.europesays.com\/fr\/wp-json\/wp\/v2\/posts\/241516\/revisions"}],"wp:featuredmedia":[{"embeddable":true,"href":"https:\/\/www.europesays.com\/fr\/wp-json\/wp\/v2\/media\/241517"}],"wp:attachment":[{"href":"https:\/\/www.europesays.com\/fr\/wp-json\/wp\/v2\/media?parent=241516"}],"wp:term":[{"taxonomy":"category","embeddable":true,"href":"https:\/\/www.europesays.com\/fr\/wp-json\/wp\/v2\/categories?post=241516"},{"taxonomy":"post_tag","embeddable":true,"href":"https:\/\/www.europesays.com\/fr\/wp-json\/wp\/v2\/tags?post=241516"}],"curies":[{"name":"wp","href":"https:\/\/api.w.org\/{rel}","templated":true}]}}