{"id":241522,"date":"2025-07-11T03:03:59","date_gmt":"2025-07-11T03:03:59","guid":{"rendered":"https:\/\/www.europesays.com\/fr\/241522\/"},"modified":"2025-07-11T03:03:59","modified_gmt":"2025-07-11T03:03:59","slug":"conference-sur-le-geopatrimoine-de-la-metropole-du-grand-nancy","status":"publish","type":"post","link":"https:\/\/www.europesays.com\/fr\/241522\/","title":{"rendered":"Conf\u00e9rence sur le g\u00e9opatrimoine de la M\u00e9tropole du Grand Nancy"},"content":{"rendered":"<p>La g\u00e9odiversit\u00e9 d\u00e9signe la diversit\u00e9 des \u00e9l\u00e9ments non-vivants pr\u00e9sents dans les paysages, associ\u00e9s \u00e0 des ph\u00e9nom\u00e8nes g\u00e9ologiques (roches) ou g\u00e9omorphologiques (reliefs, \u00e9rosion), ou encore hydrologiques (rivi\u00e8res). Ces recherches ont permis d\u2019identifier des \u00ab\u00a0g\u00e9osites\u00a0\u00bb (paysages, affleurements rocheux, fossiles, grottes\u00a0etc) ayant une valeur patrimoniale, qui constituent ainsi un \u00ab\u00a0g\u00e9opatrimoine\u00a0\u00bb vou\u00e9 \u00e0 \u00eatre prot\u00e9g\u00e9 et valoris\u00e9 au m\u00eame titre que la biodiversit\u00e9 dont il est compl\u00e9mentaire. Bien que souvent associ\u00e9 aux grands espaces (montagnes, littoraux, d\u00e9serts), le g\u00e9opatrimoine peut s\u2019analyser dans des zones urbanis\u00e9es.<\/p>\n<p>Depuis l\u2019an dernier, des g\u00e9ographes du laboratoire Loterr de l\u2019Universit\u00e9 de Lorraine m\u00e8nent ainsi une \u00e9tude sur le g\u00e9opatrimoine du Grand Nancy, avec le soutien de la M\u00e9tropole. Une conf\u00e9rence anim\u00e9e par Romain Foucal (\u00e9tudiant en g\u00e9ographie), Philippe Bruant (ancien professeur d\u2019histoire g\u00e9ographie) et St\u00e9phane Cordier (professeur de g\u00e9ographie \u00e0 l\u2019Universit\u00e9 de Lorraine) vise \u00e0 pr\u00e9senter les principaux \u00e9l\u00e9ments de g\u00e9opatrimoine identifi\u00e9s sur la commune \u00e0 la suite de l\u2019\u00e9tude pilote men\u00e9e en 2024, et \u00e0 pr\u00e9senter les perspectives \u00e0 l\u2019\u00e9chelle de la M\u00e9tropole<\/p>\n<p class=\"note\">Jeudi 27\u00a0mars \u00e0 20\u00a0h\u00a015 \u00e0 la salle Louis Pergaud de Laxou (entr\u00e9e libre).<\/p>\n","protected":false},"excerpt":{"rendered":"La g\u00e9odiversit\u00e9 d\u00e9signe la diversit\u00e9 des \u00e9l\u00e9ments non-vivants pr\u00e9sents dans les paysages, associ\u00e9s \u00e0 des ph\u00e9nom\u00e8nes g\u00e9ologiques (roches)&hellip;\n","protected":false},"author":2,"featured_media":241523,"comment_status":"","ping_status":"","sticky":false,"template":"","format":"standard","meta":{"footnotes":""},"categories":[9635],"tags":[1111,11,6211,1687,1704,1777,674,1011,27,775,10426,10262,1702,12,5486,25],"class_list":{"0":"post-241522","1":"post","2":"type-post","3":"status-publish","4":"format-standard","5":"has-post-thumbnail","7":"category-nancy","8":"tag-actu","9":"tag-actualites","10":"tag-conference","11":"tag-culture-loisirs","12":"tag-edition-nancy-et-agglomeration","13":"tag-eu","14":"tag-europe","15":"tag-fr","16":"tag-france","17":"tag-grand-est","18":"tag-laxou","19":"tag-metropole-du-grand-nancy-54b5","20":"tag-nancy","21":"tag-news","22":"tag-rencontre","23":"tag-republique-francaise"},"share_on_mastodon":{"url":"https:\/\/pubeurope.com\/@fr\/114832386441169612","error":""},"_links":{"self":[{"href":"https:\/\/www.europesays.com\/fr\/wp-json\/wp\/v2\/posts\/241522","targetHints":{"allow":["GET"]}}],"collection":[{"href":"https:\/\/www.europesays.com\/fr\/wp-json\/wp\/v2\/posts"}],"about":[{"href":"https:\/\/www.europesays.com\/fr\/wp-json\/wp\/v2\/types\/post"}],"author":[{"embeddable":true,"href":"https:\/\/www.europesays.com\/fr\/wp-json\/wp\/v2\/users\/2"}],"replies":[{"embeddable":true,"href":"https:\/\/www.europesays.com\/fr\/wp-json\/wp\/v2\/comments?post=241522"}],"version-history":[{"count":0,"href":"https:\/\/www.europesays.com\/fr\/wp-json\/wp\/v2\/posts\/241522\/revisions"}],"wp:featuredmedia":[{"embeddable":true,"href":"https:\/\/www.europesays.com\/fr\/wp-json\/wp\/v2\/media\/241523"}],"wp:attachment":[{"href":"https:\/\/www.europesays.com\/fr\/wp-json\/wp\/v2\/media?parent=241522"}],"wp:term":[{"taxonomy":"category","embeddable":true,"href":"https:\/\/www.europesays.com\/fr\/wp-json\/wp\/v2\/categories?post=241522"},{"taxonomy":"post_tag","embeddable":true,"href":"https:\/\/www.europesays.com\/fr\/wp-json\/wp\/v2\/tags?post=241522"}],"curies":[{"name":"wp","href":"https:\/\/api.w.org\/{rel}","templated":true}]}}