{"id":241530,"date":"2025-07-11T03:13:10","date_gmt":"2025-07-11T03:13:10","guid":{"rendered":"https:\/\/www.europesays.com\/fr\/241530\/"},"modified":"2025-07-11T03:13:10","modified_gmt":"2025-07-11T03:13:10","slug":"neocity-promotion-montpellier-34","status":"publish","type":"post","link":"https:\/\/www.europesays.com\/fr\/241530\/","title":{"rendered":"Neocity Promotion (Montpellier, 34)"},"content":{"rendered":"<p>\n<b>Neocity Promotion vient de d\u00e9m\u00e9nager son si\u00e8ge social dans la r\u00e9sidence Skylab qui fait partie de son programme Odyss\u00e9e Rive Gauche tout juste livr\u00e9 au 1246, avenue Raymond-Dugrand \u00e0 Montpellier. En parall\u00e8le, le promoteur poursuit son d\u00e9veloppement avec la commercialisation de deux nouvelles op\u00e9rations \u00e0 M\u00e9ribel-les-Allues (73) et Boulogne-Billancourt (92). Secteur d&rsquo;activit\u00e9 :<\/b> promotion immobili\u00e8re. <b>Zone d&rsquo;intervention : <\/b>France. <b>CA 2024 : <\/b>15 M\u20ac. <b>Projets <\/b>: Les Fermes Blanches, 40 appartements \u00e0 M\u00e9ribel-les-Allues ; Faubourg 45, r\u00e9habilitation de neuf logements et 850 m2 de bureaux \u00e0 Boulogne-Billancourt.<\/p>\n<p>\n<b>D\u00e9cideurs <\/b>: Floris Coucke (pr\u00e9sident), Fr\u00e9d\u00e9ric Rivory (DG).<\/p>\n<p>\n<b>Contact <\/b>: contact@neocitypromotion.fr, t\u00e9l. : 04.99.92.42.60.<\/p>\n","protected":false},"excerpt":{"rendered":"Neocity Promotion vient de d\u00e9m\u00e9nager son si\u00e8ge social dans la r\u00e9sidence Skylab qui fait partie de son programme&hellip;\n","protected":false},"author":2,"featured_media":241531,"comment_status":"","ping_status":"","sticky":false,"template":"","format":"standard","meta":{"footnotes":""},"categories":[9599],"tags":[1111,11,1777,674,1011,27,7089,19482,1252,2208,12,2680,25],"class_list":{"0":"post-241530","1":"post","2":"type-post","3":"status-publish","4":"format-standard","5":"has-post-thumbnail","7":"category-montpellier","8":"tag-actu","9":"tag-actualites","10":"tag-eu","11":"tag-europe","12":"tag-fr","13":"tag-france","14":"tag-herault","15":"tag-le-maitre-d-ouvrage-de","16":"tag-mediterranee","17":"tag-montpellier","18":"tag-news","19":"tag-occitanie","20":"tag-republique-francaise"},"share_on_mastodon":{"url":"https:\/\/pubeurope.com\/@fr\/114832421863875429","error":""},"_links":{"self":[{"href":"https:\/\/www.europesays.com\/fr\/wp-json\/wp\/v2\/posts\/241530","targetHints":{"allow":["GET"]}}],"collection":[{"href":"https:\/\/www.europesays.com\/fr\/wp-json\/wp\/v2\/posts"}],"about":[{"href":"https:\/\/www.europesays.com\/fr\/wp-json\/wp\/v2\/types\/post"}],"author":[{"embeddable":true,"href":"https:\/\/www.europesays.com\/fr\/wp-json\/wp\/v2\/users\/2"}],"replies":[{"embeddable":true,"href":"https:\/\/www.europesays.com\/fr\/wp-json\/wp\/v2\/comments?post=241530"}],"version-history":[{"count":0,"href":"https:\/\/www.europesays.com\/fr\/wp-json\/wp\/v2\/posts\/241530\/revisions"}],"wp:featuredmedia":[{"embeddable":true,"href":"https:\/\/www.europesays.com\/fr\/wp-json\/wp\/v2\/media\/241531"}],"wp:attachment":[{"href":"https:\/\/www.europesays.com\/fr\/wp-json\/wp\/v2\/media?parent=241530"}],"wp:term":[{"taxonomy":"category","embeddable":true,"href":"https:\/\/www.europesays.com\/fr\/wp-json\/wp\/v2\/categories?post=241530"},{"taxonomy":"post_tag","embeddable":true,"href":"https:\/\/www.europesays.com\/fr\/wp-json\/wp\/v2\/tags?post=241530"}],"curies":[{"name":"wp","href":"https:\/\/api.w.org\/{rel}","templated":true}]}}