{"id":241536,"date":"2025-07-11T03:19:11","date_gmt":"2025-07-11T03:19:11","guid":{"rendered":"https:\/\/www.europesays.com\/fr\/241536\/"},"modified":"2025-07-11T03:19:11","modified_gmt":"2025-07-11T03:19:11","slug":"la-piste-criminelle-privilegiee-dans-lincendie-de-limmeuble-dun-rabbin","status":"publish","type":"post","link":"https:\/\/www.europesays.com\/fr\/241536\/","title":{"rendered":"La piste criminelle privil\u00e9gi\u00e9e dans l\u2019incendie de l\u2019immeuble d\u2019un rabbin"},"content":{"rendered":"<p>Nouvel acte antis\u00e9mite\u00a0? Aucune preuve ne va en tout vas dans ce sens pour le moment. Un <a href=\"https:\/\/www.20minutes.fr\/dossier\/incendie\" target=\"_blank\" class=\"color-ultramarine c-link\" rel=\"nofollow noopener\">incendie<\/a> s\u2019est d\u00e9clar\u00e9 samedi dans un immeuble du centre-ville de <a href=\"https:\/\/www.20minutes.fr\/grenoble\/\" target=\"_blank\" class=\"color-ultramarine c-link\" rel=\"nofollow noopener\">Grenoble<\/a> dans lequel r\u00e9sidait un rabbin, a indiqu\u00e9 jeudi le parquet de la ville.<\/p>\n<p>Les premi\u00e8res analyses men\u00e9es par la police scientifique \u00ab\u00a0font appara\u00eetre la trace d\u2019acc\u00e9l\u00e9rant de combustible\u00a0\u00bb, a indiqu\u00e9 le parquet dans un communiqu\u00e9. \u00ab\u00a0La piste de <a href=\"https:\/\/www.20minutes.fr\/dossier\/incendie_criminel\" target=\"_blank\" class=\"color-ultramarine c-link\" rel=\"nofollow noopener\">l\u2019incendie volontaire<\/a> est donc privil\u00e9gi\u00e9e. En revanche, \u00e0 ce stade, aucune revendication antis\u00e9mite n\u2019a eu lieu\u00a0\u00bb, pr\u00e9cise-t-il.<\/p>\n<p>Ni menace ni revendication<\/p>\n<p>\u00ab\u00a0J\u2019ai eu r\u00e9cemment l\u2019occasion de parler \u00e0 la communaut\u00e9 et j\u2019ai insist\u00e9 sur le fait qu\u2019on ne pouvait pas affirmer \u00e0 ce stade que nous avons \u00e9t\u00e9 victimes d\u2019un attentat <a href=\"https:\/\/www.20minutes.fr\/dossier\/antisemitisme\" target=\"_blank\" class=\"color-ultramarine c-link\" rel=\"nofollow noopener\">antis\u00e9mite<\/a>\u00a0\u00bb, a d\u00e9clar\u00e9 au Dauphin\u00e9 Lib\u00e9r\u00e9 le rabbin, qui r\u00e9sidait \u00e0 cette adresse depuis plus de 40 ans. \u00ab\u00a0En tout cas, je n\u2019ai pas re\u00e7u de menaces explicites avant les faits ni de revendications apr\u00e8s\u00a0\u00bb, a-t-il ajout\u00e9.<\/p>\n<\/p>\n<p>Le sinistre s\u2019\u00e9tait d\u00e9clar\u00e9 samedi en journ\u00e9e et avait ravag\u00e9 l\u2019immeuble d\u2019habitation. Plusieurs policiers et pompiers avaient \u00e9t\u00e9 l\u00e9g\u00e8rement bless\u00e9s lors de leur intervention.<\/p>\n","protected":false},"excerpt":{"rendered":"Nouvel acte antis\u00e9mite\u00a0? Aucune preuve ne va en tout vas dans ce sens pour le moment. Un incendie&hellip;\n","protected":false},"author":2,"featured_media":241537,"comment_status":"","ping_status":"","sticky":false,"template":"","format":"standard","meta":{"footnotes":""},"categories":[9566],"tags":[1111,47,11,2430,1067,1777,674,118,1011,27,2731,1310,108,12,1072,25,2431],"class_list":{"0":"post-241536","1":"post","2":"type-post","3":"status-publish","4":"format-standard","5":"has-post-thumbnail","7":"category-grenoble","8":"tag-actu","9":"tag-actualite","10":"tag-actualites","11":"tag-auvergne-rhone-alpes","12":"tag-enquete","13":"tag-eu","14":"tag-europe","15":"tag-faits-divers","16":"tag-fr","17":"tag-france","18":"tag-grenoble","19":"tag-incendie","20":"tag-isere","21":"tag-news","22":"tag-police","23":"tag-republique-francaise","24":"tag-rhone-alpes"},"share_on_mastodon":{"url":"","error":""},"_links":{"self":[{"href":"https:\/\/www.europesays.com\/fr\/wp-json\/wp\/v2\/posts\/241536","targetHints":{"allow":["GET"]}}],"collection":[{"href":"https:\/\/www.europesays.com\/fr\/wp-json\/wp\/v2\/posts"}],"about":[{"href":"https:\/\/www.europesays.com\/fr\/wp-json\/wp\/v2\/types\/post"}],"author":[{"embeddable":true,"href":"https:\/\/www.europesays.com\/fr\/wp-json\/wp\/v2\/users\/2"}],"replies":[{"embeddable":true,"href":"https:\/\/www.europesays.com\/fr\/wp-json\/wp\/v2\/comments?post=241536"}],"version-history":[{"count":0,"href":"https:\/\/www.europesays.com\/fr\/wp-json\/wp\/v2\/posts\/241536\/revisions"}],"wp:featuredmedia":[{"embeddable":true,"href":"https:\/\/www.europesays.com\/fr\/wp-json\/wp\/v2\/media\/241537"}],"wp:attachment":[{"href":"https:\/\/www.europesays.com\/fr\/wp-json\/wp\/v2\/media?parent=241536"}],"wp:term":[{"taxonomy":"category","embeddable":true,"href":"https:\/\/www.europesays.com\/fr\/wp-json\/wp\/v2\/categories?post=241536"},{"taxonomy":"post_tag","embeddable":true,"href":"https:\/\/www.europesays.com\/fr\/wp-json\/wp\/v2\/tags?post=241536"}],"curies":[{"name":"wp","href":"https:\/\/api.w.org\/{rel}","templated":true}]}}