{"id":241538,"date":"2025-07-11T03:21:29","date_gmt":"2025-07-11T03:21:29","guid":{"rendered":"https:\/\/www.europesays.com\/fr\/241538\/"},"modified":"2025-07-11T03:21:29","modified_gmt":"2025-07-11T03:21:29","slug":"pas-de-bal-pour-swinguer-sur-la-place-de-la-mairie-de-rennes-cette-annee-pour-le-14-juillet","status":"publish","type":"post","link":"https:\/\/www.europesays.com\/fr\/241538\/","title":{"rendered":"Pas de bal pour swinguer sur la place de la mairie de Rennes cette ann\u00e9e, pour le 14\u00a0juillet"},"content":{"rendered":"<p>Le feu d\u2019artifice se tiendra bien. Non pas le 14, mais dimanche 13\u00a0juillet 2025, \u00e0 Rennes. Comme les derni\u00e8res ann\u00e9es, il sera tir\u00e9 \u00e0 23\u00a0h depuis le stade de la Bellangerais, dans le nord de la ville et devrait durer une bonne quinzaine de minutes.<\/p>\n<p>Changement cependant, le traditionnel bal en plein air propos\u00e9 en d\u00e9but de soir\u00e9e, place de la mairie, n\u2019aura pas lieu cette ann\u00e9e. \u00c9conomies \u00e0 r\u00e9aliser\u00a0? C\u2019est probable. Il faudra donc \u00ab\u00a0s\u2019ambiancer\u00a0\u00bb \u00e0 domicile ou dans un resto\/bistrot, avant de filer en bus ou en m\u00e9tro pour admirer le bouquet final de la F\u00eate nationale.<\/p>\n<p>Feu d\u2019artifice de Rennes, dimanche 14\u00a0juillet \u00e0 23\u00a0h au stade de la Bellangerais, 51,\u00a0rue du Scorff. Acc\u00e8s\u00a0: M\u00e9tro et bus\u00a0: stations Les Gayeulles et Gros-Ch\u00eane. Gratuit.<\/p>\n<p>\u00a0<\/p>\n","protected":false},"excerpt":{"rendered":"Le feu d\u2019artifice se tiendra bien. Non pas le 14, mais dimanche 13\u00a0juillet 2025, \u00e0 Rennes. Comme les&hellip;\n","protected":false},"author":2,"featured_media":241539,"comment_status":"","ping_status":"","sticky":false,"template":"","format":"standard","meta":{"footnotes":""},"categories":[2821],"tags":[5659,1111,11,5648,14064,829,1777,674,1011,27,2868,5415,12,5536,584,25,24299],"class_list":{"0":"post-241538","1":"post","2":"type-post","3":"status-publish","4":"format-standard","5":"has-post-thumbnail","7":"category-rennes","8":"tag-5659","9":"tag-actu","10":"tag-actualites","11":"tag-annee","12":"tag-bal","13":"tag-bretagne","14":"tag-eu","15":"tag-europe","16":"tag-fr","17":"tag-france","18":"tag-juillet","19":"tag-mairie","20":"tag-news","21":"tag-place","22":"tag-rennes","23":"tag-republique-francaise","24":"tag-swinguer"},"share_on_mastodon":{"url":"https:\/\/pubeurope.com\/@fr\/114832453298105043","error":""},"_links":{"self":[{"href":"https:\/\/www.europesays.com\/fr\/wp-json\/wp\/v2\/posts\/241538","targetHints":{"allow":["GET"]}}],"collection":[{"href":"https:\/\/www.europesays.com\/fr\/wp-json\/wp\/v2\/posts"}],"about":[{"href":"https:\/\/www.europesays.com\/fr\/wp-json\/wp\/v2\/types\/post"}],"author":[{"embeddable":true,"href":"https:\/\/www.europesays.com\/fr\/wp-json\/wp\/v2\/users\/2"}],"replies":[{"embeddable":true,"href":"https:\/\/www.europesays.com\/fr\/wp-json\/wp\/v2\/comments?post=241538"}],"version-history":[{"count":0,"href":"https:\/\/www.europesays.com\/fr\/wp-json\/wp\/v2\/posts\/241538\/revisions"}],"wp:featuredmedia":[{"embeddable":true,"href":"https:\/\/www.europesays.com\/fr\/wp-json\/wp\/v2\/media\/241539"}],"wp:attachment":[{"href":"https:\/\/www.europesays.com\/fr\/wp-json\/wp\/v2\/media?parent=241538"}],"wp:term":[{"taxonomy":"category","embeddable":true,"href":"https:\/\/www.europesays.com\/fr\/wp-json\/wp\/v2\/categories?post=241538"},{"taxonomy":"post_tag","embeddable":true,"href":"https:\/\/www.europesays.com\/fr\/wp-json\/wp\/v2\/tags?post=241538"}],"curies":[{"name":"wp","href":"https:\/\/api.w.org\/{rel}","templated":true}]}}