{"id":24154,"date":"2025-04-14T11:45:10","date_gmt":"2025-04-14T11:45:10","guid":{"rendered":"https:\/\/www.europesays.com\/fr\/24154\/"},"modified":"2025-04-14T11:45:10","modified_gmt":"2025-04-14T11:45:10","slug":"metropole-de-lyon-les-pleurs-dun-chien-provoquent-la-decouverte-de-drogue-et-darmes","status":"publish","type":"post","link":"https:\/\/www.europesays.com\/fr\/24154\/","title":{"rendered":"M\u00e9tropole de Lyon. Les pleurs d\u2019un chien provoquent la d\u00e9couverte de drogue et d\u2019armes"},"content":{"rendered":"<p>Dimanche 13\u00a0avril, un habitant de Vaulx-en-Velin a contact\u00e9 la police municipale pour signaler que depuis au moins quatre jours, un chien pleurait dans un appartement voisin.<\/p>\n<p>Ce qui semblait alors relever de soup\u00e7ons de maltraitance animale a rapidement pris une tournure tr\u00e8s diff\u00e9rente. Car, en arrivant sur place, l\u2018\u00e9quipage a d\u2019abord effectu\u00e9 une reconnaissance ext\u00e9rieure de l\u2019appartement. Par un volet entrouvert, les policiers ont non seulement constat\u00e9 la pr\u00e9sence d\u2019un chien dans le noir mais \u00e9galement rep\u00e9r\u00e9 sur une table plusieurs pochons qui semblaient renfermer des stup\u00e9fiants.<\/p>\n<p>  Plusieurs kilos de drogues<\/p>\n<p>Ils ont donc aussit\u00f4t avis\u00e9 un officier de police judiciaire, qui s\u2019est imm\u00e9diatement rendu sur les lieux. La perquisition de l\u2019appartement a plus que confirm\u00e9 la pr\u00e9sence de stup\u00e9fiants, car outre les pochons, une importante quantit\u00e9 de drogue, ainsi qu\u2019une arme de 9\u00a0mm et une arme de type 357 Magnum \u00e9tait entrepos\u00e9es dans le logement, qui servait de \u00ab\u00a0nourrice\u00a0\u00bb \u00e0 des trafiquants. La police a ainsi saisi 1, 6\u00a0kg de r\u00e9sine de cannabis, 520\u00a0g d\u2019herbe de cannabis, 989\u00a0g de k\u00e9tamine, 828\u00a0g d\u2019h\u00e9ro\u00efne, 35 sachets de MDMA et 157 cachets d\u2019ecstasy.<\/p>\n<p>Une enqu\u00eate est cours pour identifier les protagonistes du trafic.<\/p>\n","protected":false},"excerpt":{"rendered":"Dimanche 13\u00a0avril, un habitant de Vaulx-en-Velin a contact\u00e9 la police municipale pour signaler que depuis au moins quatre&hellip;\n","protected":false},"author":2,"featured_media":24155,"comment_status":"","ping_status":"","sticky":false,"template":"","format":"standard","meta":{"footnotes":""},"categories":[1889],"tags":[1111,11,2430,271,272,3152,1777,674,274,107,1011,27,2428,12,25,2429,5070,5449],"class_list":{"0":"post-24154","1":"post","2":"type-post","3":"status-publish","4":"format-standard","5":"has-post-thumbnail","7":"category-lyon","8":"tag-actu","9":"tag-actualites","10":"tag-auvergne-rhone-alpes","11":"tag-crime","12":"tag-delit-et-contravention","13":"tag-edition-est-lyonnais","14":"tag-eu","15":"tag-europe","16":"tag-faits-divers-justice","17":"tag-fil-info","18":"tag-fr","19":"tag-france","20":"tag-lyon","21":"tag-news","22":"tag-republique-francaise","23":"tag-rhone","24":"tag-vaulx-en-velin","25":"tag-vaulx-ville"},"share_on_mastodon":{"url":"https:\/\/pubeurope.com\/@fr\/114336151913867446","error":""},"_links":{"self":[{"href":"https:\/\/www.europesays.com\/fr\/wp-json\/wp\/v2\/posts\/24154","targetHints":{"allow":["GET"]}}],"collection":[{"href":"https:\/\/www.europesays.com\/fr\/wp-json\/wp\/v2\/posts"}],"about":[{"href":"https:\/\/www.europesays.com\/fr\/wp-json\/wp\/v2\/types\/post"}],"author":[{"embeddable":true,"href":"https:\/\/www.europesays.com\/fr\/wp-json\/wp\/v2\/users\/2"}],"replies":[{"embeddable":true,"href":"https:\/\/www.europesays.com\/fr\/wp-json\/wp\/v2\/comments?post=24154"}],"version-history":[{"count":0,"href":"https:\/\/www.europesays.com\/fr\/wp-json\/wp\/v2\/posts\/24154\/revisions"}],"wp:featuredmedia":[{"embeddable":true,"href":"https:\/\/www.europesays.com\/fr\/wp-json\/wp\/v2\/media\/24155"}],"wp:attachment":[{"href":"https:\/\/www.europesays.com\/fr\/wp-json\/wp\/v2\/media?parent=24154"}],"wp:term":[{"taxonomy":"category","embeddable":true,"href":"https:\/\/www.europesays.com\/fr\/wp-json\/wp\/v2\/categories?post=24154"},{"taxonomy":"post_tag","embeddable":true,"href":"https:\/\/www.europesays.com\/fr\/wp-json\/wp\/v2\/tags?post=24154"}],"curies":[{"name":"wp","href":"https:\/\/api.w.org\/{rel}","templated":true}]}}