{"id":241542,"date":"2025-07-11T03:24:10","date_gmt":"2025-07-11T03:24:10","guid":{"rendered":"https:\/\/www.europesays.com\/fr\/241542\/"},"modified":"2025-07-11T03:24:10","modified_gmt":"2025-07-11T03:24:10","slug":"a-130km-h-sur-la-prom-une-soixantaine-de-vehicules-controles-ce-mercredi-a-nice-plus-de-la-moitie-en-exces-de-vitesse","status":"publish","type":"post","link":"https:\/\/www.europesays.com\/fr\/241542\/","title":{"rendered":"A 130km\/h sur la Prom&rsquo;: une soixantaine de v\u00e9hicules contr\u00f4l\u00e9s ce mercredi \u00e0 Nice, plus de la moiti\u00e9 en exc\u00e8s de vitesse"},"content":{"rendered":"<p>              <img ci-src=\"https:\/\/www.nicematin.com\/securite\/protec\/DATA_ART_15880790-IQ2Mc3Af.jpg?vh=ad7e38&amp;ci_seal=98430a7b4f\" alt=\"\"\/><br \/>\n         <strong>S\u00e9bastien Botella \/ Nice Matin.<\/strong> <\/p>\n<p>\u00ab\u00a0Instaurer la peur du gendarme et r\u00e9primer les conduites dangereuses qui sont souvent la cause d\u2019accident de la route\u00a0\u00bb. C\u2019\u00e9tait l\u2019objectif des contr\u00f4les r\u00e9alis\u00e9s par la police nationale mercredi en fin de journ\u00e9e sur la promenade des Anglais \u00e0 la hauteur de l\u2019a\u00e9roport. Une op\u00e9ration directement en lien avec l\u2019accident de la circulation de lundi soir entre une moto et un cycliste qui a fait deux morts et qui s\u2019est produit \u00e0 cet endroit m\u00eame. \u00ab\u00a0La pr\u00e9vention fonctionne peu, il s\u2019agit maintenant de faire de la r\u00e9pression a expliqu\u00e9 le commissaire divisionnaire Aur\u00e9lien Froger en charge du contr\u00f4le. Nous avons trop de morts sur l\u2019ensemble des routes maralpines et sur cette promenade des Anglais. Il est maintenant plus que jamais urgent d\u2019\u00eatre plus pr\u00e9sent sur cet axe.\u00a0\u00bb<\/p>\n<p>En deux heures, plus de soixante v\u00e9hicules ont \u00e9t\u00e9 contr\u00f4l\u00e9s par les forces de l\u2019ordre \u00e0 la hauteur du 480 promenade des Anglais et \u00e0 l\u2019intersection entre l\u2019avenue des Grenouill\u00e8res et la promenade des Anglais. Et plus de la moiti\u00e9 \u00e9taient en exc\u00e8s de vitesse. Un v\u00e9hicule a notamment \u00e9t\u00e9 contr\u00f4l\u00e9 en fin de journ\u00e9e \u00e0 130km\/h en entr\u00e9e de ville sur la promenade des Anglais. Et cinq conducteurs au total se sont vus retirer leur permis de conduire sur-le-champ.<\/p>\n<p>Les policiers ont \u00e9galement constat\u00e9 en ce d\u00e9but de soir\u00e9e deux usages d\u2019un t\u00e9l\u00e9phone au volant, deux franchissements d\u2019une ligne continue, une inobservation de l\u2019arr\u00eat impos\u00e9 par un feu rouge, trois conduites sans port de la ceinture de s\u00e9curit\u00e9, un transport de mineur sans ceinture de s\u00e9curit\u00e9, un non-port de la ceinture de s\u00e9curit\u00e9 par passager, un transport de passagers en nombre sup\u00e9rieur \u00e0 celui des places assises, une plaque non conforme avec immobilisation, une circulation avec des pneumatiques lisses avec immobilisation, deux non-pr\u00e9sentations de permis conduire, un non-port de gants \u00e0 moto, une man\u0153uvre sans clignotant et deux d\u00e9passements par la droite.<\/p>\n<p>En ce d\u00e9but d\u2019\u00e9t\u00e9 et dans le contexte actuel du nombre d\u2019accidents mortels sur les routes maralpines, les contr\u00f4les sont appel\u00e9s \u00e0 se renouveler sur la promenade des Anglais ainsi que sur l\u2019ensemble des routes du d\u00e9partement annoncent les forces de l\u2019ordre qui entendent r\u00e9primer s\u00e9v\u00e8rement les \u00e9carts de comportement des conducteurs, \u00ab\u00a0en esp\u00e9rant voir enfin ces comportements diminuer\u00a0\u00bb.<\/p>\n","protected":false},"excerpt":{"rendered":"S\u00e9bastien Botella \/ Nice Matin. \u00ab\u00a0Instaurer la peur du gendarme et r\u00e9primer les conduites dangereuses qui sont souvent&hellip;\n","protected":false},"author":2,"featured_media":241543,"comment_status":"","ping_status":"","sticky":false,"template":"","format":"standard","meta":{"footnotes":""},"categories":[2819],"tags":[1111,11,1777,674,1011,27,12,2401,882,25,656],"class_list":{"0":"post-241542","1":"post","2":"type-post","3":"status-publish","4":"format-standard","5":"has-post-thumbnail","7":"category-nice","8":"tag-actu","9":"tag-actualites","10":"tag-eu","11":"tag-europe","12":"tag-fr","13":"tag-france","14":"tag-news","15":"tag-nice","16":"tag-provence-alpes-cote-dazur","17":"tag-republique-francaise","18":"tag-securite"},"share_on_mastodon":{"url":"https:\/\/pubeurope.com\/@fr\/114832465180918433","error":""},"_links":{"self":[{"href":"https:\/\/www.europesays.com\/fr\/wp-json\/wp\/v2\/posts\/241542","targetHints":{"allow":["GET"]}}],"collection":[{"href":"https:\/\/www.europesays.com\/fr\/wp-json\/wp\/v2\/posts"}],"about":[{"href":"https:\/\/www.europesays.com\/fr\/wp-json\/wp\/v2\/types\/post"}],"author":[{"embeddable":true,"href":"https:\/\/www.europesays.com\/fr\/wp-json\/wp\/v2\/users\/2"}],"replies":[{"embeddable":true,"href":"https:\/\/www.europesays.com\/fr\/wp-json\/wp\/v2\/comments?post=241542"}],"version-history":[{"count":0,"href":"https:\/\/www.europesays.com\/fr\/wp-json\/wp\/v2\/posts\/241542\/revisions"}],"wp:featuredmedia":[{"embeddable":true,"href":"https:\/\/www.europesays.com\/fr\/wp-json\/wp\/v2\/media\/241543"}],"wp:attachment":[{"href":"https:\/\/www.europesays.com\/fr\/wp-json\/wp\/v2\/media?parent=241542"}],"wp:term":[{"taxonomy":"category","embeddable":true,"href":"https:\/\/www.europesays.com\/fr\/wp-json\/wp\/v2\/categories?post=241542"},{"taxonomy":"post_tag","embeddable":true,"href":"https:\/\/www.europesays.com\/fr\/wp-json\/wp\/v2\/tags?post=241542"}],"curies":[{"name":"wp","href":"https:\/\/api.w.org\/{rel}","templated":true}]}}