{"id":241546,"date":"2025-07-11T03:27:25","date_gmt":"2025-07-11T03:27:25","guid":{"rendered":"https:\/\/www.europesays.com\/fr\/241546\/"},"modified":"2025-07-11T03:27:25","modified_gmt":"2025-07-11T03:27:25","slug":"detention-provisoire-pour-le-gardien-de-prison-qui-aurait-fait-entrer-telephones-et-drogue-a-nantes","status":"publish","type":"post","link":"https:\/\/www.europesays.com\/fr\/241546\/","title":{"rendered":"D\u00e9tention provisoire pour le gardien de prison qui aurait fait entrer t\u00e9l\u00e9phones et drogue \u00e0 Nantes"},"content":{"rendered":"<p>Le juge des libert\u00e9s et de la d\u00e9tention a d\u00e9cid\u00e9 le 8\u00a0juillet 2025 d\u2019incarc\u00e9rer un agent p\u00e9nitentiaire travaillant \u00e0 la prison de Nantes-Carquefou (<a target=\"_self\" href=\"https:\/\/www.lanouvellerepublique.fr\/loire-atlantique\" rel=\"noopener\">Loire-Atlantique<\/a>). Le surveillant avait \u00e9t\u00e9 <a target=\"_self\" href=\"https:\/\/www.lanouvellerepublique.fr\/loire-atlantique\/nantes-un-surveillant-de-prison-aurait-fourni-de-la-drogue-et-des-portables-a-des-detenus-1751550753\" rel=\"noopener\">plac\u00e9 en garde \u00e0 vue le 1er\u00a0juillet 2025<\/a>. Il est soup\u00e7onn\u00e9 d\u2019avoir accept\u00e9 de l\u2019argent pour faire entrer dans l\u2019\u00e9tablissement des t\u00e9l\u00e9phones et de la drogue, explique <a target=\"_blank\" href=\"https:\/\/www.ouest-france.fr\/societe\/faits-divers\/le-surveillant-soupconne-de-corruption-a-la-maison-darret-de-nantes-place-en-detention-provisoire-c4166f78-5c12-11f0-b63d-e15c64c65f39\" rel=\"noopener\">Ouest-France<\/a>.<\/p>\n<p>L\u2019enqu\u00eate continue<\/p>\n<p>Des investigations sont toujours en cours mais le fonctionnaire a d\u2019ores et d\u00e9j\u00e0 \u00e9t\u00e9 mis en examen pour \u00ab\u00a0remise ou sortie de correspondance, somme d\u2019argent ou objet de d\u00e9tenu par une personne charg\u00e9e de la surveillance de d\u00e9tenus\u00a0\u00bb, \u00ab\u00a0corruption passive\u00a0\u00bb et \u00ab\u00a0d\u00e9tention de stup\u00e9fiants\u00a0\u00bb.<\/p>\n<p>Le procureur de la R\u00e9publique, Antoine Leroy, cit\u00e9 par <a target=\"_blank\" href=\"https:\/\/actu.fr\/pays-de-la-loire\/nantes_44109\/a-la-prison-de-nantes-soupconne-de-corruption-un-surveillant-place-en-detention-provisoire_62887118.html\" rel=\"noopener\">Actu Nantes<\/a>, a fait savoir que le suspect \u00e9tait d\u00e9tenu dans une prison qui n\u2019est pas celle o\u00f9 il exer\u00e7ait depuis plusieurs ann\u00e9es et o\u00f9 son arrestation avait suscit\u00e9 de nombreuses r\u00e9actions parmi ses coll\u00e8gues. Un autre surveillant p\u00e9nitentiaire de l\u2019\u00e9tablissement avait \u00e9t\u00e9 condamn\u00e9 par la justice pour des faits comparables en mars\u00a02025.<\/p>\n","protected":false},"excerpt":{"rendered":"Le juge des libert\u00e9s et de la d\u00e9tention a d\u00e9cid\u00e9 le 8\u00a0juillet 2025 d\u2019incarc\u00e9rer un agent p\u00e9nitentiaire travaillant&hellip;\n","protected":false},"author":2,"featured_media":241547,"comment_status":"","ping_status":"","sticky":false,"template":"","format":"standard","meta":{"footnotes":""},"categories":[2818],"tags":[1111,11,1674,1777,674,274,1011,27,3047,766,12,2636,25],"class_list":{"0":"post-241546","1":"post","2":"type-post","3":"status-publish","4":"format-standard","5":"has-post-thumbnail","7":"category-nantes","8":"tag-actu","9":"tag-actualites","10":"tag-communes","11":"tag-eu","12":"tag-europe","13":"tag-faits-divers-justice","14":"tag-fr","15":"tag-france","16":"tag-loire-atlantique","17":"tag-nantes","18":"tag-news","19":"tag-pays-de-la-loire","20":"tag-republique-francaise"},"share_on_mastodon":{"url":"https:\/\/pubeurope.com\/@fr\/114832477056570085","error":""},"_links":{"self":[{"href":"https:\/\/www.europesays.com\/fr\/wp-json\/wp\/v2\/posts\/241546","targetHints":{"allow":["GET"]}}],"collection":[{"href":"https:\/\/www.europesays.com\/fr\/wp-json\/wp\/v2\/posts"}],"about":[{"href":"https:\/\/www.europesays.com\/fr\/wp-json\/wp\/v2\/types\/post"}],"author":[{"embeddable":true,"href":"https:\/\/www.europesays.com\/fr\/wp-json\/wp\/v2\/users\/2"}],"replies":[{"embeddable":true,"href":"https:\/\/www.europesays.com\/fr\/wp-json\/wp\/v2\/comments?post=241546"}],"version-history":[{"count":0,"href":"https:\/\/www.europesays.com\/fr\/wp-json\/wp\/v2\/posts\/241546\/revisions"}],"wp:featuredmedia":[{"embeddable":true,"href":"https:\/\/www.europesays.com\/fr\/wp-json\/wp\/v2\/media\/241547"}],"wp:attachment":[{"href":"https:\/\/www.europesays.com\/fr\/wp-json\/wp\/v2\/media?parent=241546"}],"wp:term":[{"taxonomy":"category","embeddable":true,"href":"https:\/\/www.europesays.com\/fr\/wp-json\/wp\/v2\/categories?post=241546"},{"taxonomy":"post_tag","embeddable":true,"href":"https:\/\/www.europesays.com\/fr\/wp-json\/wp\/v2\/tags?post=241546"}],"curies":[{"name":"wp","href":"https:\/\/api.w.org\/{rel}","templated":true}]}}