{"id":241550,"date":"2025-07-11T03:29:18","date_gmt":"2025-07-11T03:29:18","guid":{"rendered":"https:\/\/www.europesays.com\/fr\/241550\/"},"modified":"2025-07-11T03:29:18","modified_gmt":"2025-07-11T03:29:18","slug":"balzac-paris-pose-ses-valises-a-bordeaux-6","status":"publish","type":"post","link":"https:\/\/www.europesays.com\/fr\/241550\/","title":{"rendered":"Balzac Paris pose ses valises \u00e0 Bordeaux"},"content":{"rendered":"<p>\n                                    <b>Publi\u00e9 le<\/b><br \/>\n                                    <\/p>\n<p>                                        10 juillet 2025<\/p>\n<p class=\"article-content col-md-8 offset-md-1\">\n                                Balzac Paris continue son maillage de l\u2019Hexagone. Apr\u00e8s ses ouvertures dans le Marais \u00e0 Paris ainsi qu\u2019\u00e0 Toulouse, la marque fran\u00e7aise de mode responsable inaugure le 16 juillet un nouveau point de vente \u00e0 Bordeaux au 18, Cours de l\u2019Intendance, dans le quartier du Triangle d\u2019Or.<\/p>\n<p><img decoding=\"async\" class=\"news-image\" style=\"width:100%;max-width:631px;\" src=\"https:\/\/www.europesays.com\/fr\/wp-content\/uploads\/2025\/07\/987b.gif\" alt=\"La future boutique Balzac Paris de Bordeaux\" loading=\"lazy\"\/>La future boutique Balzac Paris de Bordeaux &#8211; DR<\/p>\n<p class=\"col-md-8 offset-md-1 article-content--texte\">La boutique, situ\u00e9e sur une art\u00e8re pi\u00e9tonne bord\u00e9e d\u2019h\u00f4tels particuliers, s\u2019\u00e9tend sur plus de 300 m\u00e8tres carr\u00e9s r\u00e9partis sur deux niveaux. L\u2019am\u00e9nagement int\u00e9rieur a \u00e9t\u00e9 con\u00e7u par le studio RMGB. L\u2019espace associe mat\u00e9riaux durables, mobilier sur-mesure et lignes \u00e9pur\u00e9es. Un kiosque central occupe le rez-de-chauss\u00e9e tandis qu&rsquo;\u00e0 l&rsquo;\u00e9tage s\u2019\u00e9panouit la seconde main.<\/p>\n<p>La direction artistique s\u2019inspire de l\u2019univers marin, avec des \u00e9l\u00e9ments d\u00e9coratifs tels que des appliques rappelant les hublots, le jonc de mer au sol ou encore ses arches cabines. Les finitions int\u00e8grent des objets et mat\u00e9riaux choisis aupr\u00e8s de maisons comme Normandy Ceramics pour les c\u00e9ramiques vert kiwi ou les tissus Pierre Frey. L\u2019escalier a \u00e9t\u00e9 con\u00e7u comme une \u0153uvre d\u2019art par l\u2019artiste espagnol Rafa Garcia.<\/p>\n<p class=\"col-md-8 offset-md-1 article-content--texte\">Fond\u00e9e en 2014 par Chrysoline et Victorien de Gastines avec Charles Fourmaux, Balzac Paris est certifi\u00e9e B Corp et est devenue entreprise \u00e0 mission en 2022. La marque revendique une production principalement europ\u00e9enne et une approche orient\u00e9e vers la mode durable. En 2023, elle a r\u00e9alis\u00e9 un chiffre d\u2019affaires de 24 millions d\u2019euros, enregistrant une croissance annuelle de 30%.<\/p>\n<p>L\u2019ouverture de la boutique bordelaise intervient dans le cadre d\u2019un d\u00e9veloppement national, avec d\u2019autres implantations pr\u00e9vues \u00e0 Aix-en-Provence, Marseille et Lyon. En parall\u00e8le, la marque continue de diversifier son offre, notamment avec le retour d\u2019un vestiaire masculin en 2024 et le lancement r\u00e9cent d\u2019une ligne beaut\u00e9.<br \/>\u00a0\n                            <\/p>\n<p>\n                                Tous droits de reproduction et de repr\u00e9sentation r\u00e9serv\u00e9s.<br \/>\u00a9 2025 FashionNetwork.com\n                            <\/p>\n","protected":false},"excerpt":{"rendered":"Publi\u00e9 le 10 juillet 2025 Balzac Paris continue son maillage de l\u2019Hexagone. Apr\u00e8s ses ouvertures dans le Marais&hellip;\n","protected":false},"author":2,"featured_media":240972,"comment_status":"","ping_status":"","sticky":false,"template":"","format":"standard","meta":{"footnotes":""},"categories":[2817],"tags":[1111,11,2424,1997,537,2423,1777,674,1011,27,2425,985,12,2219,2298,2426,2427,25,2421,2422],"class_list":{"0":"post-241550","1":"post","2":"type-post","3":"status-publish","4":"format-standard","5":"has-post-thumbnail","7":"category-bordeaux","8":"tag-actu","9":"tag-actualites","10":"tag-beaute","11":"tag-bordeaux","12":"tag-contact","13":"tag-cosmetiques","14":"tag-eu","15":"tag-europe","16":"tag-fr","17":"tag-france","18":"tag-luxe","19":"tag-mode","20":"tag-news","21":"tag-nouvelle-aquitaine","22":"tag-parfum","23":"tag-professionnel","24":"tag-professionnels","25":"tag-republique-francaise","26":"tag-reseau","27":"tag-textile"},"share_on_mastodon":{"url":"https:\/\/pubeurope.com\/@fr\/114832484843989310","error":""},"_links":{"self":[{"href":"https:\/\/www.europesays.com\/fr\/wp-json\/wp\/v2\/posts\/241550","targetHints":{"allow":["GET"]}}],"collection":[{"href":"https:\/\/www.europesays.com\/fr\/wp-json\/wp\/v2\/posts"}],"about":[{"href":"https:\/\/www.europesays.com\/fr\/wp-json\/wp\/v2\/types\/post"}],"author":[{"embeddable":true,"href":"https:\/\/www.europesays.com\/fr\/wp-json\/wp\/v2\/users\/2"}],"replies":[{"embeddable":true,"href":"https:\/\/www.europesays.com\/fr\/wp-json\/wp\/v2\/comments?post=241550"}],"version-history":[{"count":0,"href":"https:\/\/www.europesays.com\/fr\/wp-json\/wp\/v2\/posts\/241550\/revisions"}],"wp:featuredmedia":[{"embeddable":true,"href":"https:\/\/www.europesays.com\/fr\/wp-json\/wp\/v2\/media\/240972"}],"wp:attachment":[{"href":"https:\/\/www.europesays.com\/fr\/wp-json\/wp\/v2\/media?parent=241550"}],"wp:term":[{"taxonomy":"category","embeddable":true,"href":"https:\/\/www.europesays.com\/fr\/wp-json\/wp\/v2\/categories?post=241550"},{"taxonomy":"post_tag","embeddable":true,"href":"https:\/\/www.europesays.com\/fr\/wp-json\/wp\/v2\/tags?post=241550"}],"curies":[{"name":"wp","href":"https:\/\/api.w.org\/{rel}","templated":true}]}}