{"id":241553,"date":"2025-07-11T03:31:12","date_gmt":"2025-07-11T03:31:12","guid":{"rendered":"https:\/\/www.europesays.com\/fr\/241553\/"},"modified":"2025-07-11T03:31:12","modified_gmt":"2025-07-11T03:31:12","slug":"de-retour-le-vent-rafraichira-t-il-toulouse-et-loccitanie-les-previsions-meteo-pour-ce-vendredi","status":"publish","type":"post","link":"https:\/\/www.europesays.com\/fr\/241553\/","title":{"rendered":"De retour, le vent rafra\u00eechira-t-il Toulouse et l&rsquo;Occitanie ? Les pr\u00e9visions m\u00e9t\u00e9o pour ce vendredi"},"content":{"rendered":"<p>            Par<br \/>\n        <strong><br \/>\n            <a href=\"https:\/\/actu.fr\/auteur\/mareva-laville-actu-fr\" title=\"Consulter tous les articles de Mar\u00e9va Laville\" rel=\"nofollow noopener\" target=\"_blank\">Mar\u00e9va Laville<\/a><br \/>\n        <\/strong><\/p>\n<p>        Publi\u00e9 le<\/p>\n<p>            11 juil. 2025 \u00e0 5h04        <\/p>\n<p>Du soleil et du vent. C\u2019est ce que pr\u00e9voit <a href=\"https:\/\/actu.fr\/tag\/meteo-france\" rel=\"nofollow noopener\" target=\"_blank\">M\u00e9t\u00e9o France<\/a> pour ce jeudi 10\u00a0juillet 2025 \u00e0 <a href=\"http:\/\/www.actu.fr\/toulouse\" rel=\"nofollow noopener\" target=\"_blank\"><strong>Toulouse<\/strong><\/a>. Si la matin\u00e9e d\u00e9marrera avec un grand <strong>soleil<\/strong> sous 27\u00b0C, le mercure laissera place \u00e0 quelques nuages apport\u00e9s par le vent dans l\u2019apr\u00e8s-midi. Des <strong>rafales de 40\u00a0km\/h<\/strong> sont pr\u00e9vues d\u00e8s le matin et tout au long de la journ\u00e9e, o\u00f9 elles pourront monter jusqu\u2019\u00e0 45\u00a0km\/h.<\/p>\n<p class=\" wall-content\">Mais pas de quoi faire baisser le thermom\u00e8tre pour autant ! L\u2019apr\u00e8s-midi \u00e0 Toulouse, il fera encore 33\u00b0C et<strong> jusqu\u2019\u00e0 34\u00b0C,<\/strong> entre deux \u00e9claircies. Le soir, comptez encore 27\u00b0C et une nuit tout aussi douce, sous 22\u00b0C.<\/p>\n<p>    <img   decoding=\"async\" loading=\"lazy\" src=\"https:\/\/www.europesays.com\/fr\/wp-content\/uploads\/2025\/07\/vendredi11-toulouse-960x557.png\" alt=\"Voici les pr\u00e9visions m\u00e9t\u00e9o pour vendredi 11 juillet 2025 \u00e0 Toulouse.\" width=\"960\" height=\"557\"\/><br \/>\n    Voici les pr\u00e9visions m\u00e9t\u00e9o pour vendredi 11 juillet 2025 \u00e0 Toulouse. (\u00a9Capture d\u2019\u00e9cran M\u00e9t\u00e9o France)Et en Occitanie\u2009?<\/p>\n<p class=\" wall-content\">C\u2019est avec du soleil \u00e9galement que ce jeudi d\u00e9butera en <a href=\"http:\/\/www.actu.fr\/occitanie\" rel=\"nofollow noopener\" target=\"_blank\"><strong>Occitanie<\/strong><\/a>, avec <strong>27\u00b0C le matin sur le littoral<\/strong> et dans les terres, \u00e0 Albi et Auch notamment. De belles temp\u00e9ratures qu\u2019on retrouvera au cours de l\u2019apr\u00e8s-midi malgr\u00e9 quelques nuages, voire un ciel voil\u00e9 au sud de la r\u00e9gion et du vent dans le Gard, l\u2019Aude, le Tarn et la Haute-Garonne. <strong>33\u00b0C sont annonc\u00e9s \u00e0 Albi, Castres et Auch, 32\u00b0C \u00e0 N\u00eemes, Saint-Gaudens, Montauban et Tarbes, 31\u00b0C \u00e0 Foix et Carcassonne et 30\u00b0C \u00e0 Montpellier.<\/strong><\/p>\n<p class=\" wall-content\">La pointe des Pyr\u00e9n\u00e9es-Orientales est, en revanche, plus \u00e0 craindre puisque des <strong>orages<\/strong> pourraient frapper Font-Romeu. La temp\u00e9rature baissera donc \u00e0 19\u00b0C dans cette partie est des Pyr\u00e9n\u00e9es.<\/p>\n<p>    <img   decoding=\"async\" loading=\"lazy\" src=\"https:\/\/www.europesays.com\/fr\/wp-content\/uploads\/2025\/07\/vendredi11-occitanie-960x640.png\" alt=\"Voici les pr\u00e9visions m\u00e9t\u00e9o pour vendredi 11 juillet 2025 en Occitanie.\" width=\"960\" height=\"640\"\/><br \/>\n    Voici les pr\u00e9visions m\u00e9t\u00e9o pour vendredi 11 juillet 2025 en Occitanie. (\u00a9Capture d\u2019\u00e9cran M\u00e9t\u00e9o France)Vid\u00e9os : en ce moment sur Actu<\/p>\n<p class=\" wall-content\">Suivez toute l\u2019actualit\u00e9 de vos villes et m\u00e9dias favoris en vous inscrivant \u00e0 <a href=\"https:\/\/moncompte.actu.fr\" title=\"D\u00e9couvez Mon Actu\" rel=\"nofollow noopener\" data-trk=\"{&quot;cta&quot;:{&quot;action&quot;:&quot;https:\\\/\\\/moncompte.actu.fr&quot;,&quot;category&quot;:&quot;mon compte&quot;,&quot;from&quot;:&quot;article footer&quot;,&quot;name&quot;:&quot;Mon actu&quot;,&quot;type&quot;:&quot;cta&quot;}}\" target=\"_blank\">Mon Actu<\/a>.<\/p>\n","protected":false},"excerpt":{"rendered":"Par Mar\u00e9va Laville Publi\u00e9 le 11 juil. 2025 \u00e0 5h04 Du soleil et du vent. C\u2019est ce que&hellip;\n","protected":false},"author":2,"featured_media":241554,"comment_status":"","ping_status":"","sticky":false,"template":"","format":"standard","meta":{"footnotes":""},"categories":[2816],"tags":[1111,11,1777,674,1011,27,2487,2357,12,2680,25,2312],"class_list":{"0":"post-241553","1":"post","2":"type-post","3":"status-publish","4":"format-standard","5":"has-post-thumbnail","7":"category-toulouse","8":"tag-actu","9":"tag-actualites","10":"tag-eu","11":"tag-europe","12":"tag-fr","13":"tag-france","14":"tag-meteo","15":"tag-meteo-france","16":"tag-news","17":"tag-occitanie","18":"tag-republique-francaise","19":"tag-toulouse"},"share_on_mastodon":{"url":"https:\/\/pubeurope.com\/@fr\/114832492728839318","error":""},"_links":{"self":[{"href":"https:\/\/www.europesays.com\/fr\/wp-json\/wp\/v2\/posts\/241553","targetHints":{"allow":["GET"]}}],"collection":[{"href":"https:\/\/www.europesays.com\/fr\/wp-json\/wp\/v2\/posts"}],"about":[{"href":"https:\/\/www.europesays.com\/fr\/wp-json\/wp\/v2\/types\/post"}],"author":[{"embeddable":true,"href":"https:\/\/www.europesays.com\/fr\/wp-json\/wp\/v2\/users\/2"}],"replies":[{"embeddable":true,"href":"https:\/\/www.europesays.com\/fr\/wp-json\/wp\/v2\/comments?post=241553"}],"version-history":[{"count":0,"href":"https:\/\/www.europesays.com\/fr\/wp-json\/wp\/v2\/posts\/241553\/revisions"}],"wp:featuredmedia":[{"embeddable":true,"href":"https:\/\/www.europesays.com\/fr\/wp-json\/wp\/v2\/media\/241554"}],"wp:attachment":[{"href":"https:\/\/www.europesays.com\/fr\/wp-json\/wp\/v2\/media?parent=241553"}],"wp:term":[{"taxonomy":"category","embeddable":true,"href":"https:\/\/www.europesays.com\/fr\/wp-json\/wp\/v2\/categories?post=241553"},{"taxonomy":"post_tag","embeddable":true,"href":"https:\/\/www.europesays.com\/fr\/wp-json\/wp\/v2\/tags?post=241553"}],"curies":[{"name":"wp","href":"https:\/\/api.w.org\/{rel}","templated":true}]}}