{"id":241557,"date":"2025-07-11T03:34:10","date_gmt":"2025-07-11T03:34:10","guid":{"rendered":"https:\/\/www.europesays.com\/fr\/241557\/"},"modified":"2025-07-11T03:34:10","modified_gmt":"2025-07-11T03:34:10","slug":"avec-la-reforme-de-la-loi-plm-la-crainte-dun-big-bang-politique-a-marseille","status":"publish","type":"post","link":"https:\/\/www.europesays.com\/fr\/241557\/","title":{"rendered":"avec la r\u00e9forme de la loi PLM, la crainte d\u2019un big bang politique \u00e0 Marseille"},"content":{"rendered":"<p><strong>D\u00c9CRYPTAGE &#8211; <\/strong>Certains \u00e9lus ancr\u00e9s depuis des d\u00e9cennies s\u2019inqui\u00e8tent d\u2019un possible marchepied pour des forces jusqu\u2019ici marginales, comme LFI ou le RN.<\/p>\n<p class=\"fig-paragraph\"><a href=\"http:\/\/www.lefigaro.fr\/actualite-france\/incendie-a-marseille-maisons-detruites-collines-brulees-voitures-calcinees-les-images-apocalyptiques-des-degats-causes-par-les-flammes-20250709\" target=\"_blank\" data-fig-type=\"NewsFlash\" rel=\"noopener nofollow\" data-gtm-custom-categorie=\"navigation\" data-gtm-custom-action=\"crossclick\" data-gtm-custom-label=\"Contextuel\" data-gtm-event=\"customEventSPE\" data-fig-domain=\"LEFIGARO\">Apr\u00e8s les terribles incendies\u00a0<\/a>qui ont fait rage aux portes de la ville, c\u2019est cette fois la campagne municipale qui s\u2019est enflamm\u00e9e. Sauf coup de th\u00e9\u00e2tre du Conseil constitutionnel,\u00a0<a href=\"http:\/\/www.lefigaro.fr\/politique\/municipales-2026-le-parlement-adopte-definitivement-la-reforme-du-mode-de-scrutin-a-paris-lyon-et-marseille-20250710\" target=\"_blank\" data-fig-type=\"NewsFlash\" rel=\"noopener nofollow\" data-gtm-custom-categorie=\"navigation\" data-gtm-custom-action=\"crossclick\" data-gtm-custom-label=\"Contextuel\" data-gtm-event=\"customEventSPE\" data-fig-domain=\"LEFIGARO\">la logique d\u2019\u00e9lections par secteurs<\/a>, qui comprennent chacun deux arrondissements, appartiendra bient\u00f4t \u00e0 l\u2019histoire ancienne de la Cit\u00e9 phoc\u00e9enne. Pendant pr\u00e8s d\u2019un demi-si\u00e8cle, la vie politique marseillaise s\u2019est pourtant structur\u00e9e autour de l\u2019h\u00e9ritage de Gaston Defferre avec la logique de \u00ab\u00a0secteurs cl\u00e9s\u00a0\u00bb, qui permettaient de conqu\u00e9rir un certain nombre de si\u00e8ges indispensables pour ravir les cl\u00e9s de l\u2019H\u00f4tel de ville. \u00c0 ce petit jeu, la gauche et la droite traditionnelles, historiquement implant\u00e9es \u00e0 Marseille, parvenaient \u00e0 encha\u00eener les victoires, alors m\u00eame que Jean-Luc M\u00e9lenchon et Marine Le\u00a0Pen sont arriv\u00e9s sur le podium, \u00e0 l\u2019\u00e9chelle de la ville, aux deux derni\u00e8res pr\u00e9sidentielles (2017 et 2022).<\/p>\n<p class=\"fig-paragraph\">\u00ab\u00a0Avec la logique des secteurs, la droite macroniste avait une capacit\u00e9 \u00e0 les conserver car ils se retrouvaient\u2026<\/p>\n<p class=\"fig-premium-paywall__infos\">\n        Cet article est r\u00e9serv\u00e9 aux abonn\u00e9s.        Il vous reste 82% \u00e0 d\u00e9couvrir.\n    <\/p>\n<p>                <img  data- alt=\"Le Figaro\" class=\"fig-img--complete fig-img\"\/><\/p>\n<p class=\"fig-premium-paywall__title\">Vous avez envie de lire la suite ?<\/p>\n<p class=\"fig-premium-paywall__subtitle\">D\u00e9bloquez tous les articles imm\u00e9diatement.<\/p>\n<p class=\"fig-premium-paywall__connect\">\n                D\u00e9j\u00e0 abonn\u00e9\u00a0?                <a class=\"fig-premium-paywall__connect-link\" href=\"https:\/\/connect.lefigaro.fr\/login?client=horizon_web&amp;type=main&amp;redirect_uri=https%3A%2F%2Fwww.lefigaro.fr%2Felections%2Fmunicipales%2Fmunicipales-2026-avec-la-reforme-de-la-loi-plm-la-crainte-d-un-big-bang-politique-a-marseille-20250710\" data-js-gtm=\"{&quot;customCategorie&quot;: &quot;conversion&quot;, &quot;customAction&quot;: &quot;before_Landing_Connexion_paywall_auto&quot;, &quot;customLabel&quot;: &quot;bGVmaWdhcm8uZnJfXzFmMDVkODk0LWEzNGEtNmMzOC05NTU1LWY3ZDdlNGJkYjRjOF9fTmV3c0ZsYXNo_Municipales 2026\u00a0: avec la r\u00e9forme de la loi PLM, la crainte d\u2019un big bang politique \u00e0 Marseille_99&quot;, &quot;customIDSPE&quot;: &quot;bGVmaWdhcm8uZnJfXzFmMDVkODk0LWEzNGEtNmMzOC05NTU1LWY3ZDdlNGJkYjRjOF9fTmV3c0ZsYXNo&quot;, &quot;event&quot;: &quot;customEventSPE&quot;}\" rel=\"nofollow noopener\" target=\"_blank\"><br \/>\n                    Connectez-vous<br \/>\n                <\/a>\n            <\/p>\n","protected":false},"excerpt":{"rendered":"D\u00c9CRYPTAGE &#8211; Certains \u00e9lus ancr\u00e9s depuis des d\u00e9cennies s\u2019inqui\u00e8tent d\u2019un possible marchepied pour des forces jusqu\u2019ici marginales, comme&hellip;\n","protected":false},"author":2,"featured_media":241558,"comment_status":"","ping_status":"","sticky":false,"template":"","format":"standard","meta":{"footnotes":""},"categories":[2814],"tags":[1111,11,6469,1777,674,1011,27,780,884,12,882,25,2848],"class_list":{"0":"post-241557","1":"post","2":"type-post","3":"status-publish","4":"format-standard","5":"has-post-thumbnail","7":"category-marseille","8":"tag-actu","9":"tag-actualites","10":"tag-benoit-payan","11":"tag-eu","12":"tag-europe","13":"tag-fr","14":"tag-france","15":"tag-lfi","16":"tag-marseille","17":"tag-news","18":"tag-provence-alpes-cote-dazur","19":"tag-republique-francaise","20":"tag-rn"},"share_on_mastodon":{"url":"https:\/\/pubeurope.com\/@fr\/114832504509398251","error":""},"_links":{"self":[{"href":"https:\/\/www.europesays.com\/fr\/wp-json\/wp\/v2\/posts\/241557","targetHints":{"allow":["GET"]}}],"collection":[{"href":"https:\/\/www.europesays.com\/fr\/wp-json\/wp\/v2\/posts"}],"about":[{"href":"https:\/\/www.europesays.com\/fr\/wp-json\/wp\/v2\/types\/post"}],"author":[{"embeddable":true,"href":"https:\/\/www.europesays.com\/fr\/wp-json\/wp\/v2\/users\/2"}],"replies":[{"embeddable":true,"href":"https:\/\/www.europesays.com\/fr\/wp-json\/wp\/v2\/comments?post=241557"}],"version-history":[{"count":0,"href":"https:\/\/www.europesays.com\/fr\/wp-json\/wp\/v2\/posts\/241557\/revisions"}],"wp:featuredmedia":[{"embeddable":true,"href":"https:\/\/www.europesays.com\/fr\/wp-json\/wp\/v2\/media\/241558"}],"wp:attachment":[{"href":"https:\/\/www.europesays.com\/fr\/wp-json\/wp\/v2\/media?parent=241557"}],"wp:term":[{"taxonomy":"category","embeddable":true,"href":"https:\/\/www.europesays.com\/fr\/wp-json\/wp\/v2\/categories?post=241557"},{"taxonomy":"post_tag","embeddable":true,"href":"https:\/\/www.europesays.com\/fr\/wp-json\/wp\/v2\/tags?post=241557"}],"curies":[{"name":"wp","href":"https:\/\/api.w.org\/{rel}","templated":true}]}}