{"id":241559,"date":"2025-07-11T03:35:10","date_gmt":"2025-07-11T03:35:10","guid":{"rendered":"https:\/\/www.europesays.com\/fr\/241559\/"},"modified":"2025-07-11T03:35:10","modified_gmt":"2025-07-11T03:35:10","slug":"marseille-25-000-logements-disposeraient-dau-moins-trois-pieces-non-utilisees-110-000-dans-la-metropole","status":"publish","type":"post","link":"https:\/\/www.europesays.com\/fr\/241559\/","title":{"rendered":"Marseille, 25\u00a0000 logements disposeraient d\u2019au moins trois pi\u00e8ces non utilis\u00e9es, 110\u00a0000 dans la M\u00e9tropole"},"content":{"rendered":"<p>Serait-ce le nouveau responsable de la <a href=\"https:\/\/www.laprovence.com\/article\/region\/20668393422908\/face-a-la-crise-du-logement-a-marseille-elus-et-associations-plaident-pour-la-requisition\" target=\"_blank\" rel=\"noopener\">crise du logement<\/a>\u00a0? Si <a href=\"https:\/\/www.laprovence.com\/article\/region\/2788421554842914\/restrictions-anti-airbnb-la-ville-de-marseille-confortee-en-justice-face-au-syndicat-des-loueurs-meubles\" target=\"_blank\" rel=\"noopener\">Airbnb est souvent point\u00e9 du doigt<\/a> par la mairie de Marseille, la M\u00e9tropole Aix-Marseille-Provence (AMP) a d\u00e9sign\u00e9 l\u2019un de ses coupables\u00a0: la sous-occupation. L\u2019intercommunalit\u00e9 a, en effet, command\u00e9 <a href=\"https:\/\/www.insee.fr\/fr\/statistiques\/8606928\" target=\"_blank\" rel=\"noopener\">une \u00e9tude \u00e0 l\u2019Insee<\/a> sur ces appartements ou maisons qui disposeraient de pi\u00e8ces vides.<\/p>\n<p>Il en ressort une statistique\u00a0: en\u00a02022, sur le territoire m\u00e9tropolitain, 110\u00a0000\u00a0r\u00e9sidences principales sont fortement sous-occup\u00e9es, c\u2019est-\u00e0-dire qu\u2019au moins trois pi\u00e8ces ne sont pas utilis\u00e9es. Dont un tiers se r\u00e9partit entre Marseille (25\u00a0000 logements, soit 6% de son parc) et Aix (10\u00a0000, 13%). En France, un m\u00e9nage sur quatre est dans cette situation.<\/p>\n<p>AMP n\u2019est pourtant pas la plus mauvaise \u00e9l\u00e8ve, avec 13% de r\u00e9sidences principales en sous-occupation tr\u00e8s accentu\u00e9e, contre 17% pour la moyenne des m\u00e9tropoles fran\u00e7aises. C\u2019est 15% en Paca. Entre\u00a02006 et\u00a02022, la M\u00e9tropole a vu bondir ce type de sous-occupation de 29% (contre +\u00a024% de moyenne nationale).<\/p>\n","protected":false},"excerpt":{"rendered":"Serait-ce le nouveau responsable de la crise du logement\u00a0? Si Airbnb est souvent point\u00e9 du doigt par la&hellip;\n","protected":false},"author":2,"featured_media":241560,"comment_status":"","ping_status":"","sticky":false,"template":"","format":"standard","meta":{"footnotes":""},"categories":[2814],"tags":[6541,38111,17,1111,11,1777,674,1011,27,2846,884,12,882,16,25,37137,38110],"class_list":{"0":"post-241559","1":"post","2":"type-post","3":"status-publish","4":"format-standard","5":"has-post-thumbnail","7":"category-marseille","8":"tag-6541","9":"tag-38111","10":"tag-17","11":"tag-actu","12":"tag-actualites","13":"tag-eu","14":"tag-europe","15":"tag-fr","16":"tag-france","17":"tag-logements","18":"tag-marseille","19":"tag-news","20":"tag-provence-alpes-cote-dazur","21":"tag-region","22":"tag-republique-francaise","23":"tag-seraient","24":"tag-sous-occupes"},"share_on_mastodon":{"url":"https:\/\/pubeurope.com\/@fr\/114832508401127139","error":""},"_links":{"self":[{"href":"https:\/\/www.europesays.com\/fr\/wp-json\/wp\/v2\/posts\/241559","targetHints":{"allow":["GET"]}}],"collection":[{"href":"https:\/\/www.europesays.com\/fr\/wp-json\/wp\/v2\/posts"}],"about":[{"href":"https:\/\/www.europesays.com\/fr\/wp-json\/wp\/v2\/types\/post"}],"author":[{"embeddable":true,"href":"https:\/\/www.europesays.com\/fr\/wp-json\/wp\/v2\/users\/2"}],"replies":[{"embeddable":true,"href":"https:\/\/www.europesays.com\/fr\/wp-json\/wp\/v2\/comments?post=241559"}],"version-history":[{"count":0,"href":"https:\/\/www.europesays.com\/fr\/wp-json\/wp\/v2\/posts\/241559\/revisions"}],"wp:featuredmedia":[{"embeddable":true,"href":"https:\/\/www.europesays.com\/fr\/wp-json\/wp\/v2\/media\/241560"}],"wp:attachment":[{"href":"https:\/\/www.europesays.com\/fr\/wp-json\/wp\/v2\/media?parent=241559"}],"wp:term":[{"taxonomy":"category","embeddable":true,"href":"https:\/\/www.europesays.com\/fr\/wp-json\/wp\/v2\/categories?post=241559"},{"taxonomy":"post_tag","embeddable":true,"href":"https:\/\/www.europesays.com\/fr\/wp-json\/wp\/v2\/tags?post=241559"}],"curies":[{"name":"wp","href":"https:\/\/api.w.org\/{rel}","templated":true}]}}