{"id":241566,"date":"2025-07-11T03:41:10","date_gmt":"2025-07-11T03:41:10","guid":{"rendered":"https:\/\/www.europesays.com\/fr\/241566\/"},"modified":"2025-07-11T03:41:10","modified_gmt":"2025-07-11T03:41:10","slug":"feux-dartifice-concerts-et-defile-du-14-juillet-2","status":"publish","type":"post","link":"https:\/\/www.europesays.com\/fr\/241566\/","title":{"rendered":"Feux d\u2019artifice, concerts et d\u00e9fil\u00e9 du 14 juillet"},"content":{"rendered":"<p><strong>PARIS eST UNE F\u00caTE &#8211; La capitale pr\u00e9pare les festivit\u00e9s avant la F\u00eate Nationale qui s&rsquo;annonce grandiose. D\u00e9couvrez le programme pour ne rien manquer en \u00cele-de-France lundi<\/strong><\/p>\n<p>Comme chaque ann\u00e9e, les festivit\u00e9s seront nombreuses afin de c\u00e9l\u00e9brer comme il se doit le 14 juillet \u00e0 Paris et en \u00cele-de-France. D\u00e9couvrez le programme du d\u00e9fil\u00e9, du concert au pied de la tour Eiffel et des feux d\u2019artifice pr\u00e9vus dans la capitale pour la F\u00eate Nationale.<\/p>\n<p>Le d\u00e9fil\u00e9 du 14 juillet, de retour sur les Champs-\u00c9lys\u00e9es<\/p>\n<p>Ce lundi, le spectacle d\u00e9marrera \u00e9videmment sur la plus belle avenue du monde avec le c\u00e9l\u00e8bre d\u00e9fil\u00e9 militaire. Apr\u00e8s avoir \u00e9t\u00e9 d\u00e9localis\u00e9e l\u2019an dernier sur l\u2019avenue Foch en raison des <a href=\"https:\/\/www.20minutes.fr\/sport\/jo\/?at_medium=RSS%20feed&amp;at_campaign=ynews&amp;utm_source=yahoo&amp;utm_medium=rss&amp;utm_campaign=news_feed&amp;utm_content=in_article_link\" rel=\"nofollow noopener\" target=\"_blank\" data-ylk=\"slk:Jeux Olympiques;elm:context_link;itc:0;sec:content-canvas\" class=\"link \">Jeux Olympiques<\/a>, la c\u00e9r\u00e9monie se tiendra d\u00e8s 10 heures dans son cadre traditionnel. Sous les yeux du public et du pr\u00e9sident de la R\u00e9publique, une parade sera mise en place afin d\u2019effectuer le plus grand d\u00e9fil\u00e9 militaire d\u2019<a href=\"https:\/\/www.20minutes.fr\/dossier\/europe?at_medium=RSS%20feed&amp;at_campaign=ynews&amp;utm_source=yahoo&amp;utm_medium=rss&amp;utm_campaign=news_feed&amp;utm_content=in_article_link\" rel=\"nofollow noopener\" target=\"_blank\" data-ylk=\"slk:Europe;elm:context_link;itc:0;sec:content-canvas\" class=\"link \">Europe<\/a>. On retrouvera les forces arm\u00e9es fran\u00e7aises, dans les airs (10h30) et au sol. Les unit\u00e9s \u00e9trang\u00e8res seront aussi invit\u00e9es \u00e0 d\u00e9filer.<\/p>\n<p>L\u2019<a href=\"https:\/\/www.20minutes.fr\/dossier\/indonesie?at_medium=RSS%20feed&amp;at_campaign=ynews&amp;utm_source=yahoo&amp;utm_medium=rss&amp;utm_campaign=news_feed&amp;utm_content=in_article_link\" rel=\"nofollow noopener\" target=\"_blank\" data-ylk=\"slk:Indon\u00e9sie;elm:context_link;itc:0;sec:content-canvas\" class=\"link \">Indon\u00e9sie<\/a> sera invit\u00e9e afin de comm\u00e9morer les 75 ans de ses relations diplomatiques avec la France. La th\u00e9matique en 2025 est \u00e9galement le centenaire de l\u2019association \u00ab\u00a0La Flamme sous l\u2019Arc de Triomphe\u00a0\u00bb, qui est charg\u00e9e de raviver la flamme du Soldat Inconnu chaque soir depuis 1923. Si vous comptez vous rendre sur place, sachez que la circulation est interdite de 6 heures \u00e0 14 heures, et le stationnement est proscrit \u00e0 partir de la veille au soir. Il est conseill\u00e9 d\u2019arriver sur place le plus t\u00f4t possible afin d\u2019avoir une meilleure visibilit\u00e9 et une place confortable.<\/p>\n<p>Le Br\u00e9sil s\u2019invite sous la tour Eiffel<\/p>\n<p>Apr\u00e8s l(&#8230;)<\/p>\n<p><a href=\"https:\/\/www.20minutes.fr\/paris\/4163056-20250710-fete-nationale-2025-paris-feux-artifice-concerts-defile-14-juillet?at_medium=RSS%20feed&amp;at_campaign=ynews&amp;utm_source=yahoo&amp;utm_medium=rss&amp;utm_campaign=news_feed&amp;utm_content=read_more_link\" rel=\"nofollow noopener\" target=\"_blank\" data-ylk=\"slk:Lire la suite sur 20minutes;elm:context_link;itc:0;sec:content-canvas\" class=\"link \">Lire la suite sur 20minutes<\/a><\/p>\n<p>\u00c0 lire aussi :<br \/><a href=\"https:\/\/www.20minutes.fr\/tempo\/4162298-20250707-voir-plus-beaux-feux-artifice-14-juillet-annee?at_medium=RSS%20feed&amp;at_campaign=ynews&amp;utm_source=yahoo&amp;utm_medium=rss&amp;utm_campaign=news_feed&amp;utm_content=related_content_link\" rel=\"nofollow noopener\" target=\"_blank\" data-ylk=\"slk:O\u00f9 voir les plus beaux feux d\u2019artifice du 14 juillet de 2025 ?;elm:context_link;itc:0;sec:content-canvas\" class=\"link \">O\u00f9 voir les plus beaux feux d\u2019artifice du 14 juillet de 2025 ?<\/a><br \/><a href=\"https:\/\/www.20minutes.fr\/actu-generale\/4100804-20240712-14-juillet-2024-sortir-paris-bals-pompiers?at_medium=RSS%20feed&amp;at_campaign=ynews&amp;utm_source=yahoo&amp;utm_medium=rss&amp;utm_campaign=news_feed&amp;utm_content=related_content_link\" rel=\"nofollow noopener\" target=\"_blank\" data-ylk=\"slk:14 juillet 2024 : O\u00f9 sortir \u00e0 Paris pour les bals des pompiers ?;elm:context_link;itc:0;sec:content-canvas\" class=\"link \">14 juillet 2024 : O\u00f9 sortir \u00e0 Paris pour les bals des pompiers ?<\/a><\/p>\n","protected":false},"excerpt":{"rendered":"PARIS eST UNE F\u00caTE &#8211; La capitale pr\u00e9pare les festivit\u00e9s avant la F\u00eate Nationale qui s&rsquo;annonce grandiose. D\u00e9couvrez&hellip;\n","protected":false},"author":2,"featured_media":241567,"comment_status":"","ping_status":"","sticky":false,"template":"","format":"standard","meta":{"footnotes":""},"categories":[1888],"tags":[1111,1928,11,1927,1777,674,1011,27,38112,15001,23194,12,1926,626,38113,1925,10253,25],"class_list":{"0":"post-241566","1":"post","2":"type-post","3":"status-publish","4":"format-standard","5":"has-post-thumbnail","7":"category-paris","8":"tag-actu","9":"tag-actu-paris","10":"tag-actualites","11":"tag-actualites-paris","12":"tag-eu","13":"tag-europe","14":"tag-fr","15":"tag-france","16":"tag-la-fete-nationale","17":"tag-les-champs-elysees","18":"tag-ministere-des-armees","19":"tag-news","20":"tag-news-paris","21":"tag-paris","22":"tag-paris-est-une-fete","23":"tag-paris-news","24":"tag-president-de-la-republique","25":"tag-republique-francaise"},"share_on_mastodon":{"url":"https:\/\/pubeurope.com\/@fr\/114832532069041869","error":""},"_links":{"self":[{"href":"https:\/\/www.europesays.com\/fr\/wp-json\/wp\/v2\/posts\/241566","targetHints":{"allow":["GET"]}}],"collection":[{"href":"https:\/\/www.europesays.com\/fr\/wp-json\/wp\/v2\/posts"}],"about":[{"href":"https:\/\/www.europesays.com\/fr\/wp-json\/wp\/v2\/types\/post"}],"author":[{"embeddable":true,"href":"https:\/\/www.europesays.com\/fr\/wp-json\/wp\/v2\/users\/2"}],"replies":[{"embeddable":true,"href":"https:\/\/www.europesays.com\/fr\/wp-json\/wp\/v2\/comments?post=241566"}],"version-history":[{"count":0,"href":"https:\/\/www.europesays.com\/fr\/wp-json\/wp\/v2\/posts\/241566\/revisions"}],"wp:featuredmedia":[{"embeddable":true,"href":"https:\/\/www.europesays.com\/fr\/wp-json\/wp\/v2\/media\/241567"}],"wp:attachment":[{"href":"https:\/\/www.europesays.com\/fr\/wp-json\/wp\/v2\/media?parent=241566"}],"wp:term":[{"taxonomy":"category","embeddable":true,"href":"https:\/\/www.europesays.com\/fr\/wp-json\/wp\/v2\/categories?post=241566"},{"taxonomy":"post_tag","embeddable":true,"href":"https:\/\/www.europesays.com\/fr\/wp-json\/wp\/v2\/tags?post=241566"}],"curies":[{"name":"wp","href":"https:\/\/api.w.org\/{rel}","templated":true}]}}