{"id":241568,"date":"2025-07-11T03:42:23","date_gmt":"2025-07-11T03:42:23","guid":{"rendered":"https:\/\/www.europesays.com\/fr\/241568\/"},"modified":"2025-07-11T03:42:23","modified_gmt":"2025-07-11T03:42:23","slug":"brigitte-macron-deboutee-en-appel-dans-son-proces-en-diffamation-contre-natacha-rey","status":"publish","type":"post","link":"https:\/\/www.europesays.com\/fr\/241568\/","title":{"rendered":"Brigitte Macron d\u00e9bout\u00e9e en appel dans son proc\u00e8s en diffamation contre Natacha Rey"},"content":{"rendered":"<p>      <img fetchpriority=\"high\" decoding=\"async\" class=\"mx-auto\" src=\"data:image\/svg+xml,%3Csvg%20xmlns%3D%27http%3A%2F%2Fwww.w3.org%2F2000%2Fsvg%27%20fill%3D%22%23e4e4e4%22%20viewBox%3D%270%200%20510%20340%27%20width%3D%22510%22%20height%3D%22340%22%3E%3Cpath%20d%3D%27M0%200h510v340H0z%27%2F%3E%3C%2Fsvg%3E\"  loading=\"eager\" width=\"510\" height=\"340\" data-oncrawl-image-size=\"510x340\" alt=\"Brigitte Macron, le 5\u00a0juin \u00e0 Paris.\"\/>      <\/p>\n<p class=\"latino-100m text-grey-800\">\n            Brigitte Macron, le 5\u00a0juin \u00e0 Paris.\u00a0ROMUALD MEIGNEUX\/SIPA        <\/p>\n<p>    Lire\u00a0plus\u00a0tard  <\/p>\n<p><a aria-label=\"Nous suivre sur Google News\" href=\"https:\/\/news.google.com\/publications\/CAAqBwgKMJe4nQkw3dFs?hl=fr&amp;gl=FR&amp;ceid=FR%3Afr\" target=\"_blank\" data-piano=\"Page_Article,Sous_date_publi,Nous_suivre_sur_google_news,1er_clic,action\" class=\"btn btn--small btn--tertiary btn--icon-only\" rel=\"noopener\"><\/p>\n<p>      Google Actualit\u00e9s<br \/>\n  <\/a><\/p>\n<p>  Partager<\/p>\n<p>        Facebook<\/p>\n<p>        Bluesky<\/p>\n<p>        E-mail<\/p>\n<p>        Copier le lien<\/p>\n<p>      Envoyer<\/p>\n<p>      S\u2019abonner    <\/p>\n<p class=\"node__paragraphe antonia-750r text-grey-800 pb-24 pb-md-30\">\n\u00ab\u00a0On est relax\u00e9\u00a0!\u00a0\u00bb Ce jeudi 10\u00a0juillet, au tribunal de Paris, l\u2019avocate Maud Marian ne peut retenir une explosion de joie. La cour d\u2019appel de Paris vient d\u2019annoncer que sa cliente Amandine Roy et Natacha Rey (repr\u00e9sent\u00e9e par son avocat Fran\u00e7ois Danglehant) sont relax\u00e9es dans la proc\u00e9dure de diffamation lanc\u00e9e contre elles par Brigitte Macron. Les deux femmes, qui n\u2019\u00e9taient pas pr\u00e9sentes lors de l\u2019annonce du jugement, ont \u00e9t\u00e9 poursuivies pour diffamation d\u00e9but janvier 2022, apr\u00e8s avoir diffus\u00e9 une vid\u00e9o de plus de quatre heures dans laquelle Natacha Rey, compl\u00e8tement inconnue \u00e0 l\u2019\u00e9poque, expliquait \u00eatre une journaliste ind\u00e9pendante, avoir enqu\u00eat\u00e9 et d\u00e9couvert que Brigitte Macron \u00e9tait un homme, plus pr\u00e9cis\u00e9ment son fr\u00e8re Jean-Michel Trogneux.<\/p>\n<p class=\"latino-500b text-grey-600 pb-16\">A lire aussi<\/p>\n<p><a href=\"https:\/\/www.nouvelobs.com\/politique\/20240315.OBS85786\/fake-news-sur-brigitte-macron-dans-la-tete-des-complotistes.html\" data-article-key=\"20240315.OBS85786\" class=\"link--box flex-grow-1\" data-piano=\"Page_Article,Lire_aussi,,Lien1,navigation\" target=\"_blank\" rel=\"noopener\"><\/p>\n<p>                <img decoding=\"async\" src=\"data:image\/svg+xml,%3Csvg%20xmlns%3D%27http%3A%2F%2Fwww.w3.org%2F2000%2Fsvg%27%20fill%3D%22%23e4e4e4%22%20viewBox%3D%270%200%20120%2080%27%20width%3D%22120%22%20height%3D%2280%22%3E%3Cpath%20d%3D%27M0%200h120v80H0z%27%2F%3E%3C%2Fsvg%3E\"  width=\"120\" height=\"79\" loading=\"lazy\" alt=\"Brigitte et Emmanuel Macron lors de l\u2019hommage national \u00e0 Jacques Delors, aux Invalides, \u00e0 Paris, le 5\u00a0janvier 2024.\"\/><\/p>\n<p class=\"latino-300r latino-lg-600m text-grey-800\">\n                      <strong class=\"latino-300b latino-lg-600m text-grey-500\">Analyse\u00a0<\/strong><br \/>\n                    Fake news sur Brigitte Macron\u00a0: dans la t\u00eate des complotistes        <\/p>\n<p><\/a><\/p>\n<p class=\"node__paragraphe antonia-750r text-grey-800 pb-24 pb-md-30\">\nLa vid\u00e9o, diffus\u00e9e sur la petite cha\u00eene YouTube de la voyante Amandine Roy, avait fait un \u00e9norme buzz sur internet, obligeant la premi\u00e8re dame \u00e0 venir d\u00e9mentir sur le plateau de TF1, et \u00e0 porter plainte. Les deux femmes, <a href=\"https:\/\/www.nouvelobs.com\/justice\/20240912.OBS93505\/proces-en-diffamation-envers-brigitte-macron-natacha-rey-condamnee.html\" target=\"_blank\" rel=\"noopener\">condamn\u00e9es en premi\u00e8re instance en 2024, <\/a>ont donc \u00e9t\u00e9 relax\u00e9es en appel ce 10\u00a0juillet 2025, la cour estimant que les 18 passages de la vid\u00e9o retenus par les avocats de Brigitte Macron ne constituent pas une diffamation, ou rel\u00e8vent de la bonne foi.<\/p>\n<p class=\"latino-500b text-grey-600 pb-16\">A lire aussi<\/p>\n<p><a href=\"https:\/\/www.nouvelobs.com\/justice\/20240620.OBS90002\/intox-sur-brigitte-macron-deux-femmes-jugees-pour-diffamation.html\" data-article-key=\"20240620.OBS90002\" class=\"link--box flex-grow-1\" data-piano=\"Page_Article,Lire_aussi,,Lien2,navigation\" target=\"_blank\" rel=\"noopener\"><\/p>\n<p>                <img decoding=\"async\" src=\"data:image\/svg+xml,%3Csvg%20xmlns%3D%27http%3A%2F%2Fwww.w3.org%2F2000%2Fsvg%27%20fill%3D%22%23e4e4e4%22%20viewBox%3D%270%200%20120%2080%27%20width%3D%22120%22%20height%3D%2280%22%3E%3Cpath%20d%3D%27M0%200h120v80H0z%27%2F%3E%3C%2Fsvg%3E\"  width=\"120\" height=\"80\" loading=\"lazy\" alt=\"Brigitte Macron devant le palais de l\u2019Elys\u00e9e le 7\u00a0juin 2024. \"\/><\/p>\n<p class=\"latino-300r latino-lg-600m text-grey-800\">\n                      <strong class=\"latino-300b latino-lg-600m text-grey-500\">R\u00e9cit\u00a0<\/strong><br \/>\n                    Intox sur Brigitte Macron\u00a0: deux femmes jug\u00e9es pour diffamation        <\/p>\n<p><\/a><\/p>\n<p class=\"node__paragraphe antonia-750r text-grey-800 pb-24 pb-md-30\">\nCette d\u00e9cision de justice est une tr\u00e8s mauvaise nouvelle pour Brigitte Macron, qui n\u2019en finit pas de tenter de sortir d\u2019une histoire qui ne cesse de rebondir et de prendre de l\u2019ampleur, y compris au niveau international, notamment \u00e0 cause d\u2019un livre, \u00ab\u00a0Becoming Brigitte\u00a0\u00bb, \u00e9crit par un journaliste d\u2019extr\u00eame droite, Xavier Poussard, et des vid\u00e9os de l\u2019influenceuse am\u00e9ricaine trumpiste Candace Owen. Jean Ennochi, l\u2019avocat de Brigitte Macron, a indiqu\u00e9 que celle-ci allait se pourvoir en cassation. A noter que Brigitte Macron a aussi lanc\u00e9 une deuxi\u00e8me proc\u00e9dure pour \u00ab\u00a0cyberharc\u00e8lement\u00a0\u00bb contre une dizaine de personnes, dont Aur\u00e9lien Poirson Atlan, qui tenait le tr\u00e8s actif compte \u00ab\u00a0Zoe Sagan\u00a0\u00bb sur Twitter (d\u00e9sormais X).<\/p>\n","protected":false},"excerpt":{"rendered":"Brigitte Macron, le 5\u00a0juin \u00e0 Paris.\u00a0ROMUALD MEIGNEUX\/SIPA Lire\u00a0plus\u00a0tard Google Actualit\u00e9s Partager Facebook Bluesky E-mail Copier le lien Envoyer&hellip;\n","protected":false},"author":2,"featured_media":241569,"comment_status":"","ping_status":"","sticky":false,"template":"","format":"standard","meta":{"footnotes":""},"categories":[1888],"tags":[17,11,7431,38114,38115,22016,1777,674,1011,27,303,11514,9994,12,626,316,2694,25],"class_list":{"0":"post-241568","1":"post","2":"type-post","3":"status-publish","4":"format-standard","5":"has-post-thumbnail","7":"category-paris","8":"tag-17","9":"tag-actualites","10":"tag-appel","11":"tag-brigitte","12":"tag-deboutee","13":"tag-diffamation","14":"tag-eu","15":"tag-europe","16":"tag-fr","17":"tag-france","18":"tag-justice","19":"tag-macron","20":"tag-natacha","21":"tag-news","22":"tag-paris","23":"tag-politique","24":"tag-proces","25":"tag-republique-francaise"},"share_on_mastodon":{"url":"https:\/\/pubeurope.com\/@fr\/114832536259820297","error":""},"_links":{"self":[{"href":"https:\/\/www.europesays.com\/fr\/wp-json\/wp\/v2\/posts\/241568","targetHints":{"allow":["GET"]}}],"collection":[{"href":"https:\/\/www.europesays.com\/fr\/wp-json\/wp\/v2\/posts"}],"about":[{"href":"https:\/\/www.europesays.com\/fr\/wp-json\/wp\/v2\/types\/post"}],"author":[{"embeddable":true,"href":"https:\/\/www.europesays.com\/fr\/wp-json\/wp\/v2\/users\/2"}],"replies":[{"embeddable":true,"href":"https:\/\/www.europesays.com\/fr\/wp-json\/wp\/v2\/comments?post=241568"}],"version-history":[{"count":0,"href":"https:\/\/www.europesays.com\/fr\/wp-json\/wp\/v2\/posts\/241568\/revisions"}],"wp:featuredmedia":[{"embeddable":true,"href":"https:\/\/www.europesays.com\/fr\/wp-json\/wp\/v2\/media\/241569"}],"wp:attachment":[{"href":"https:\/\/www.europesays.com\/fr\/wp-json\/wp\/v2\/media?parent=241568"}],"wp:term":[{"taxonomy":"category","embeddable":true,"href":"https:\/\/www.europesays.com\/fr\/wp-json\/wp\/v2\/categories?post=241568"},{"taxonomy":"post_tag","embeddable":true,"href":"https:\/\/www.europesays.com\/fr\/wp-json\/wp\/v2\/tags?post=241568"}],"curies":[{"name":"wp","href":"https:\/\/api.w.org\/{rel}","templated":true}]}}