{"id":241570,"date":"2025-07-11T03:43:10","date_gmt":"2025-07-11T03:43:10","guid":{"rendered":"https:\/\/www.europesays.com\/fr\/241570\/"},"modified":"2025-07-11T03:43:10","modified_gmt":"2025-07-11T03:43:10","slug":"paris-le-velo-enjeu-majeur-des-municipales","status":"publish","type":"post","link":"https:\/\/www.europesays.com\/fr\/241570\/","title":{"rendered":"Paris\u00a0: le v\u00e9lo, enjeu majeur des municipales"},"content":{"rendered":"<p class=\"paragraph text_align_left lp-f-body-02\">Le prochain mandat s\u2019annonce d\u00e9cisif pour le v\u00e9lo \u00e0 Paris. Alors qu\u2019<a href=\"https:\/\/www.leparisien.fr\/politique\/anne-hidalgo\/\" target=\"_blank\" rel=\"noreferrer nofollow noopener\">Anne Hidalgo<\/a> aura marqu\u00e9 ses ann\u00e9es \u00e0 la t\u00eate de la Ville par le d\u00e9veloppement du v\u00e9lo, dans la lign\u00e9e d\u2019un <a href=\"https:\/\/www.leparisien.fr\/info-paris-ile-de-france-oise\/transports\/le-nombre-de-velos-a-bondi-de-52-en-un-an-a-paris-28-05-2020-8325573.php\" target=\"_blank\" rel=\"noreferrer nofollow noopener\">boom post-Covid<\/a>, le ou la future maire de Paris aura fort \u00e0 faire sur cette th\u00e9matique.<\/p>\n<p class=\"paragraph text_align_left lp-f-body-02\">Car le d\u00e9veloppement de la pratique du v\u00e9lo est un vrai d\u00e9fi pour les politiques publiques, d\u2019autant plus que le partage de l\u2019espace public est devenu l\u2019un <a href=\"https:\/\/www.leparisien.fr\/info-paris-ile-de-france-oise\/transports\/voitures-et-velos-comment-prevenir-les-tensions-sur-la-route-31-10-2024-4L3N76V73JHPLEVDMQCJDLUTKQ.php\" target=\"_blank\" rel=\"noreferrer nofollow noopener\">des sujets de crispation num\u00e9ro <\/a>un entre Parisiens. Tous les candidats d\u00e9clar\u00e9s aux <a href=\"https:\/\/www.leparisien.fr\/elections\/municipales\/municipales-paris\/\" target=\"_blank\" rel=\"noreferrer nofollow noopener\">\u00e9lections municipales de mars<\/a> prochain l\u2019ont bien compris.<\/p>\n","protected":false},"excerpt":{"rendered":"Le prochain mandat s\u2019annonce d\u00e9cisif pour le v\u00e9lo \u00e0 Paris. Alors qu\u2019Anne Hidalgo aura marqu\u00e9 ses ann\u00e9es \u00e0&hellip;\n","protected":false},"author":2,"featured_media":241571,"comment_status":"","ping_status":"","sticky":false,"template":"","format":"standard","meta":{"footnotes":""},"categories":[1888],"tags":[11,5949,1777,674,1011,27,3554,12,626,316,25],"class_list":{"0":"post-241570","1":"post","2":"type-post","3":"status-publish","4":"format-standard","5":"has-post-thumbnail","7":"category-paris","8":"tag-actualites","9":"tag-elections","10":"tag-eu","11":"tag-europe","12":"tag-fr","13":"tag-france","14":"tag-municipales","15":"tag-news","16":"tag-paris","17":"tag-politique","18":"tag-republique-francaise"},"share_on_mastodon":{"url":"https:\/\/pubeurope.com\/@fr\/114832539989340185","error":""},"_links":{"self":[{"href":"https:\/\/www.europesays.com\/fr\/wp-json\/wp\/v2\/posts\/241570","targetHints":{"allow":["GET"]}}],"collection":[{"href":"https:\/\/www.europesays.com\/fr\/wp-json\/wp\/v2\/posts"}],"about":[{"href":"https:\/\/www.europesays.com\/fr\/wp-json\/wp\/v2\/types\/post"}],"author":[{"embeddable":true,"href":"https:\/\/www.europesays.com\/fr\/wp-json\/wp\/v2\/users\/2"}],"replies":[{"embeddable":true,"href":"https:\/\/www.europesays.com\/fr\/wp-json\/wp\/v2\/comments?post=241570"}],"version-history":[{"count":0,"href":"https:\/\/www.europesays.com\/fr\/wp-json\/wp\/v2\/posts\/241570\/revisions"}],"wp:featuredmedia":[{"embeddable":true,"href":"https:\/\/www.europesays.com\/fr\/wp-json\/wp\/v2\/media\/241571"}],"wp:attachment":[{"href":"https:\/\/www.europesays.com\/fr\/wp-json\/wp\/v2\/media?parent=241570"}],"wp:term":[{"taxonomy":"category","embeddable":true,"href":"https:\/\/www.europesays.com\/fr\/wp-json\/wp\/v2\/categories?post=241570"},{"taxonomy":"post_tag","embeddable":true,"href":"https:\/\/www.europesays.com\/fr\/wp-json\/wp\/v2\/tags?post=241570"}],"curies":[{"name":"wp","href":"https:\/\/api.w.org\/{rel}","templated":true}]}}