{"id":241582,"date":"2025-07-11T03:49:09","date_gmt":"2025-07-11T03:49:09","guid":{"rendered":"https:\/\/www.europesays.com\/fr\/241582\/"},"modified":"2025-07-11T03:49:09","modified_gmt":"2025-07-11T03:49:09","slug":"bientot-une-nouvelle-delegation-de-lue-en-libye-apres-lexpulsion-dun-premier-groupe-2","status":"publish","type":"post","link":"https:\/\/www.europesays.com\/fr\/241582\/","title":{"rendered":"Bient\u00f4t une nouvelle d\u00e9l\u00e9gation de l&rsquo;UE en Libye apr\u00e8s l&rsquo;expulsion d&rsquo;un premier groupe"},"content":{"rendered":"<p><img decoding=\"async\" class=\"c-ad__placeholder__logo\" src=\"https:\/\/static.euronews.com\/website\/images\/logos\/logo-euronews-grey-6-180x22.svg\" width=\"180\" height=\"22\" alt=\"\" loading=\"lazy\"\/>PUBLICIT\u00c9<\/p>\n<p>Les dirigeants de l&rsquo;Union europ\u00e9enne ont d\u00e9cid\u00e9 d&rsquo;envoyer une nouvelle d\u00e9l\u00e9gation diplomatique en Libye apr\u00e8s que le chef militaire Khalifa Haftar a demand\u00e9 aux repr\u00e9sentants pr\u00e9c\u00e9dents de quitter le pays.<\/p>\n<p>S&rsquo;exprimant en marge de la conf\u00e9rence sur le redressement de l&rsquo;Ukraine \u00e0 Rome, le Premier ministre grec Kyriakos Mitsotakis, la pr\u00e9sidente de la Commission europ\u00e9enne Ursula von der Leyen, la cheffe du gouvernement italien Giorgia Meloni et le Premier ministre maltais Robert Abella ont d\u00e9clar\u00e9 qu&rsquo;il \u00e9tait important de renouer le dialogue avec la Libye.<\/p>\n<p>Les quatre dirigeants ont convenu de la n\u00e9cessit\u00e9 de r\u00e9activer l&rsquo;initiative \u00ab\u00a0Team Europe\u00a0\u00bb, en d\u00e9ployant \u00e0 nouveau en Libye une d\u00e9l\u00e9gation de la Commission europ\u00e9enne ainsi que des ministres de Gr\u00e8ce, d&rsquo;Italie et de Malte.<\/p>\n<p>La <a href=\"https:\/\/international-partnerships.ec.europa.eu\/policies\/team-europe-initiatives_fr\" target=\"_blank\" rel=\"noreferrer nofollow noopener\">Team Europe se compose de l&rsquo;Union europ\u00e9enne<\/a>, des \u00c9tats membres de l&rsquo;UE, ainsi que de la Banque europ\u00e9enne d&rsquo;investissement (BEI) et de la Banque europ\u00e9enne pour la reconstruction et le d\u00e9veloppement (BERD), et vise \u00e0 constituer une approche coordonn\u00e9e pour r\u00e9soudre les probl\u00e8mes.<\/p>\n<p>Les discussions de Rome interviennent apr\u00e8s que le chef militaire Khalifa Haftar, qui d\u00e9tient le pouvoir dans une grande partie de l&rsquo;est de la Libye, a orchestr\u00e9 une r\u00e9union mardi afin de \u00ab\u00a0pi\u00e9ger\u00a0\u00bb une d\u00e9l\u00e9gation de l&rsquo;UE pour qu&rsquo;elle reconnaisse la l\u00e9gitimit\u00e9 de l&rsquo;administration libyenne dirig\u00e9e par Benghazi, a d\u00e9clar\u00e9 \u00e0 Euronews une source proche de l&rsquo;affaire.<\/p>\n<p>La d\u00e9l\u00e9gation a \u00e9t\u00e9 d\u00e9clar\u00e9e \u00ab\u00a0persona non grata\u00a0\u00bb et a \u00e9t\u00e9 invit\u00e9e \u00e0 quitter le territoire libyen \u00e0 son arriv\u00e9e \u00e0 l&rsquo;a\u00e9roport de Benghazi.<\/p>\n<p>La mission comprenait le commissaire aux affaires int\u00e9rieures et \u00e0 la migration Magnus Brunner, le ministre italien de l&rsquo;int\u00e9rieur Matteo Piantedosi, le ministre maltais de l&rsquo;int\u00e9rieur Byron Camilleri, le ministre grec de la migration et de l&rsquo;asile Athanasios Plevris, et l&rsquo;ambassadeur de l&rsquo;UE en Libye Nicola Orlando.<\/p>\n<p>La mission s&rsquo;est rendue dans l&rsquo;est de la Libye apr\u00e8s avoir rencontr\u00e9 \u00e0 Tripoli des repr\u00e9sentants du gouvernement d&rsquo;unit\u00e9 nationale (GNU), l&rsquo;ex\u00e9cutif reconnu \u00e0 international, dirig\u00e9 par Abdul Hamid Mohammed Dbeibah, qui contr\u00f4le Tripoli et l&rsquo;ouest de la Libye.<\/p>\n<p>Cet incident diplomatique risque de compliquer les efforts d\u00e9ploy\u00e9s par l&rsquo;Europe pour emp\u00eacher la vague d&rsquo;immigration clandestine de la Libye vers l&rsquo;Europe.<\/p>\n<p>Les arriv\u00e9es se sont multipli\u00e9es ces derni\u00e8res semaines, \u00e0 tel point que la Gr\u00e8ce a d\u00e9cid\u00e9 mercredi de suspendre temporairement les demandes d&rsquo;asile pour les personnes arrivant d&rsquo;Afrique du Nord par la mer.<\/p>\n<p><a href=\"https:\/\/fr.euronews.com\/my-europe\/2025\/07\/10\/des-centaines-de-migrants-quittent-la-crete-pour-rejoindre-la-grece-continentale\" rel=\"nofollow noopener\" target=\"_blank\">Plus de 500 personnes<\/a> ont \u00e9t\u00e9 transf\u00e9r\u00e9es vers le port de Lavrio, pr\u00e8s d&rsquo;Ath\u00e8nes, plus t\u00f4t dans la journ\u00e9e de jeudi, apr\u00e8s avoir \u00e9t\u00e9 intercept\u00e9es au sud de l&rsquo;\u00eele de Cr\u00e8te.<\/p>\n<p>Les transferts vers le continent ont \u00e9t\u00e9 ordonn\u00e9s parce que les centres d&rsquo;accueil improvis\u00e9s en Cr\u00e8te ont atteint leur capacit\u00e9 maximale, avec environ 500 nouvelles arriv\u00e9es par jour sur l&rsquo;\u00eele m\u00e9diterran\u00e9enne depuis ce week-end.<\/p>\n<p><strong>Tenter de rejoindre l&rsquo;Europe<\/strong><\/p>\n<p>Les autorit\u00e9s de Cr\u00e8te s&rsquo;efforcent de fournir des services de base et utilisent des installations temporaires pour h\u00e9berger les migrants, principalement originaires de Somalie, du Soudan, d&rsquo;\u00c9gypte et du Maroc, selon les responsables de l&rsquo;\u00eele.<\/p>\n<p>La Gr\u00e8ce reste un point d&rsquo;entr\u00e9e essentiel dans l&rsquo;Union europ\u00e9enne pour les personnes fuyant les conflits et les difficult\u00e9s au Moyen-Orient, en Afrique et en Asie.<\/p>\n<p>Les arriv\u00e9es ont explos\u00e9 l&rsquo;ann\u00e9e derni\u00e8re, avec <strong>plus de 60 000 migrants d\u00e9barquant en Gr\u00e8ce &#8211; la majorit\u00e9 par voie maritime &#8211; contre environ 48 000 en 2023<\/strong>, selon les donn\u00e9es de l&rsquo;Agence des Nations unies pour les r\u00e9fugi\u00e9s.<\/p>\n<p>\u00c0 la mi-juin 2025, la Gr\u00e8ce avait enregistr\u00e9 <strong>16 290 arriv\u00e9es, dont plus de 14 600 par voie maritime<\/strong>.<\/p>\n<p>Les autorit\u00e9s grecques ayant renforc\u00e9 les patrouilles le long de la fronti\u00e8re maritime orientale avec la Turquie, les trafiquants semblent choisir de plus en plus la route la plus longue et la plus dangereuse pour traverser la M\u00e9diterran\u00e9e depuis l&rsquo;Afrique du Nord, en utilisant des bateaux plus grands capables de transporter davantage de personnes.<\/p>\n","protected":false},"excerpt":{"rendered":"PUBLICIT\u00c9 Les dirigeants de l&rsquo;Union europ\u00e9enne ont d\u00e9cid\u00e9 d&rsquo;envoyer une nouvelle d\u00e9l\u00e9gation diplomatique en Libye apr\u00e8s que le&hellip;\n","protected":false},"author":2,"featured_media":241583,"comment_status":"","ping_status":"","sticky":false,"template":"","format":"standard","meta":{"footnotes":""},"categories":[1586],"tags":[11,1777,674,1011,27,4367,1251,38020,12,25,364],"class_list":{"0":"post-241582","1":"post","2":"type-post","3":"status-publish","4":"format-standard","5":"has-post-thumbnail","7":"category-europe","8":"tag-actualites","9":"tag-eu","10":"tag-europe","11":"tag-fr","12":"tag-france","13":"tag-libye","14":"tag-migrants","15":"tag-migrants-africains","16":"tag-news","17":"tag-republique-francaise","18":"tag-union-europeenne"},"share_on_mastodon":{"url":"https:\/\/pubeurope.com\/@fr\/114832563502040673","error":""},"_links":{"self":[{"href":"https:\/\/www.europesays.com\/fr\/wp-json\/wp\/v2\/posts\/241582","targetHints":{"allow":["GET"]}}],"collection":[{"href":"https:\/\/www.europesays.com\/fr\/wp-json\/wp\/v2\/posts"}],"about":[{"href":"https:\/\/www.europesays.com\/fr\/wp-json\/wp\/v2\/types\/post"}],"author":[{"embeddable":true,"href":"https:\/\/www.europesays.com\/fr\/wp-json\/wp\/v2\/users\/2"}],"replies":[{"embeddable":true,"href":"https:\/\/www.europesays.com\/fr\/wp-json\/wp\/v2\/comments?post=241582"}],"version-history":[{"count":0,"href":"https:\/\/www.europesays.com\/fr\/wp-json\/wp\/v2\/posts\/241582\/revisions"}],"wp:featuredmedia":[{"embeddable":true,"href":"https:\/\/www.europesays.com\/fr\/wp-json\/wp\/v2\/media\/241583"}],"wp:attachment":[{"href":"https:\/\/www.europesays.com\/fr\/wp-json\/wp\/v2\/media?parent=241582"}],"wp:term":[{"taxonomy":"category","embeddable":true,"href":"https:\/\/www.europesays.com\/fr\/wp-json\/wp\/v2\/categories?post=241582"},{"taxonomy":"post_tag","embeddable":true,"href":"https:\/\/www.europesays.com\/fr\/wp-json\/wp\/v2\/tags?post=241582"}],"curies":[{"name":"wp","href":"https:\/\/api.w.org\/{rel}","templated":true}]}}