{"id":241594,"date":"2025-07-11T03:57:10","date_gmt":"2025-07-11T03:57:10","guid":{"rendered":"https:\/\/www.europesays.com\/fr\/241594\/"},"modified":"2025-07-11T03:57:10","modified_gmt":"2025-07-11T03:57:10","slug":"je-pense-que-novak-gagnera-federer-lache-son-pronostic-pour-la-demi-finale-entre-djokovic-et-sinner-a-wimbledon","status":"publish","type":"post","link":"https:\/\/www.europesays.com\/fr\/241594\/","title":{"rendered":"\u00ab Je pense que Novak gagnera \u00bb, Federer l\u00e2che son pronostic pour la demi-finale entre Djokovic et Sinner \u00e0 Wimbledon"},"content":{"rendered":"<p>                <img decoding=\"async\" src=\"https:\/\/www.europesays.com\/fr\/wp-content\/uploads\/2025\/07\/aJvV.jpg\" alt=\"\u00ab Je pense que Novak gagnera \u00bb, Federer l\u00e2che son pronostic pour la demi-finale entre Djokovic et Sinner \u00e0 Wimbledon\"\/><\/p>\n<p>Pour la deuxi\u00e8me fois cette saison, Novak Djokovic et Jannik Sinner vont s\u2019affronter en demi-finale d\u2019un Grand Chelem.<\/p>\n<p>\u00c0 Roland-Garros, l\u2019Italien avait pris le dessus en trois sets, mais Djokovic avait impressionn\u00e9 par sa r\u00e9silience. Sur gazon londonien, o\u00f9 l\u2019ancien n\u00b01 mondial a lev\u00e9 les bras \u00e0 sept reprises, le sc\u00e9nario devrait \u00eatre tout autre.<\/p>\n<p>Intercept\u00e9 par un journaliste du m\u00e9dia Sportklub sur le site de Wimbledon, Roger Federer a bri\u00e8vement donn\u00e9 son pronostic pour ce match tr\u00e8s attendu.<\/p>\n<p><strong>Journaliste : \u00ab Qui gagnera demain ? \u00bb<\/strong><\/p>\n<p><strong>Federer, apr\u00e8s un temps d&rsquo;h\u00e9sitation : \u00ab Novak, je pense. \u00bb<\/strong><\/p>\n","protected":false},"excerpt":{"rendered":"Pour la deuxi\u00e8me fois cette saison, Novak Djokovic et Jannik Sinner vont s\u2019affronter en demi-finale d\u2019un Grand Chelem.&hellip;\n","protected":false},"author":2,"featured_media":241595,"comment_status":"","ping_status":"","sticky":false,"template":"","format":"standard","meta":{"footnotes":""},"categories":[1415],"tags":[1011,27,60,1467],"class_list":{"0":"post-241594","1":"post","2":"type-post","3":"status-publish","4":"format-standard","5":"has-post-thumbnail","7":"category-tennis","8":"tag-fr","9":"tag-france","10":"tag-sports","11":"tag-tennis"},"share_on_mastodon":{"url":"https:\/\/pubeurope.com\/@fr\/114832595004632347","error":""},"_links":{"self":[{"href":"https:\/\/www.europesays.com\/fr\/wp-json\/wp\/v2\/posts\/241594","targetHints":{"allow":["GET"]}}],"collection":[{"href":"https:\/\/www.europesays.com\/fr\/wp-json\/wp\/v2\/posts"}],"about":[{"href":"https:\/\/www.europesays.com\/fr\/wp-json\/wp\/v2\/types\/post"}],"author":[{"embeddable":true,"href":"https:\/\/www.europesays.com\/fr\/wp-json\/wp\/v2\/users\/2"}],"replies":[{"embeddable":true,"href":"https:\/\/www.europesays.com\/fr\/wp-json\/wp\/v2\/comments?post=241594"}],"version-history":[{"count":0,"href":"https:\/\/www.europesays.com\/fr\/wp-json\/wp\/v2\/posts\/241594\/revisions"}],"wp:featuredmedia":[{"embeddable":true,"href":"https:\/\/www.europesays.com\/fr\/wp-json\/wp\/v2\/media\/241595"}],"wp:attachment":[{"href":"https:\/\/www.europesays.com\/fr\/wp-json\/wp\/v2\/media?parent=241594"}],"wp:term":[{"taxonomy":"category","embeddable":true,"href":"https:\/\/www.europesays.com\/fr\/wp-json\/wp\/v2\/categories?post=241594"},{"taxonomy":"post_tag","embeddable":true,"href":"https:\/\/www.europesays.com\/fr\/wp-json\/wp\/v2\/tags?post=241594"}],"curies":[{"name":"wp","href":"https:\/\/api.w.org\/{rel}","templated":true}]}}