{"id":241605,"date":"2025-07-11T04:06:11","date_gmt":"2025-07-11T04:06:11","guid":{"rendered":"https:\/\/www.europesays.com\/fr\/241605\/"},"modified":"2025-07-11T04:06:11","modified_gmt":"2025-07-11T04:06:11","slug":"une-candidate-de-secret-story-hospitalisee-et-placee-dans-un-centre-de-repos-je-ne-vois-pas-dautre-issue-que-mendormir-et-ne-jamais-me-reveiller","status":"publish","type":"post","link":"https:\/\/www.europesays.com\/fr\/241605\/","title":{"rendered":"Une candidate de Secret Story hospitalis\u00e9e et plac\u00e9e dans un centre de repos: \u00ab\u00a0Je ne vois pas d&rsquo;autre issue que m&rsquo;endormir et ne jamais me r\u00e9veiller\u00a0\u00bb"},"content":{"rendered":"<p class=\"ap-StoryElement ap-StoryElement--mb js-paywall-target ap-StoryText\">Mais voil\u00e0. Depuis le lancement de cette saison, une sombre affaire vient ternir l&rsquo;image du programme. \u00c0 l&rsquo;instar de la derni\u00e8re promotion de la Star Academy, o\u00f9 Ebony avait \u00e9t\u00e9 la cible d&rsquo;une vague de haine qui avait secou\u00e9 la toile, Secret Story 13 se retrouve, elle aussi, entach\u00e9e par des accusations de harc\u00e8lement et de racisme.<\/p>\n<p><a href=\"https:\/\/www.dhnet.be\/medias\/television\/2025\/07\/04\/secret-story-huees-retours-des-anciens-et-elimination-en-direct-qui-dethan-marianne-ou-constance-a-quitte-laventure-ce-jeudi-APKWSISKP5DNDKLEYDZ4TMKOME\/\" target=\"_blank\" rel=\"noopener noreferrer\" class=\"ap-StoryInterstitialLink ap-StoryElement ap-StoryElement--mb\">\u00ab\u00a0Secret Story\u00a0\u00bb : hu\u00e9es, retours des anciens et \u00e9limination en direct\u2026 Qui d&rsquo;Ethan, Marianne ou Constance a quitt\u00e9 l&rsquo;aventure ce jeudi ?<\/a><b>Des excuses\u2026 qui ne convainquent pas<\/b><\/p>\n<p class=\"ap-StoryElement ap-StoryElement--mb ap-StoryText\">Plusieurs candidats sont dans la ligne de mire : les Belges Pimprenelle et C\u00e9lia, mais aussi Constance, Adrien\u2026 et surtout Marianne, \u00e9limin\u00e9e la semaine derni\u00e8re. Mais alors qu&rsquo;elle pensait avoir droit \u00e0 une sortie tout \u00e0 fait normale, \u00e0 peine arriv\u00e9e sur le plateau, le malaise s&rsquo;installe. Elle est hu\u00e9e par le public. Sur les r\u00e9seaux sociaux, les internautes se d\u00e9cha\u00eenent. Et ce n&rsquo;est qu&rsquo;en r\u00e9cup\u00e9rant son t\u00e9l\u00e9phone qu&rsquo;elle d\u00e9couvre l&rsquo;ampleur des d\u00e9g\u00e2ts.<\/p>\n<p class=\"ap-StoryElement ap-StoryElement--mb ap-StoryText\">Choqu\u00e9e, Marianne publie alors un message sur Instagram pour donner sa version des faits. \u00ab\u00a0Certaines choses ont \u00e9t\u00e9 mal per\u00e7ues, sorties de leur contexte\u2026 mais ce qui me choque aujourd&rsquo;hui, c&rsquo;est la violence que je re\u00e7ois pour quelque chose qui n&rsquo;a jamais exist\u00e9\u00a0\u00bb, expliquait-elle. \u00ab\u00a0On ne peut pas s&rsquo;entendre avec tout le monde, dans le jeu comme dans la vie, mais jamais je n&rsquo;ai tenu de propos racistes ni harcel\u00e9 qui que ce soit.\u00a0\u00bb Mais rien n&rsquo;y fait. Les internautes ne sont pas convaincus, et les commentaires sous ses interviews sont d&rsquo;une rare violence. Une vague de haine s&rsquo;installe, et ne cesse de grandir.<\/p>\n<p><a href=\"https:\/\/www.dhnet.be\/lifestyle\/magazine\/2025\/07\/02\/que-sest-il-passe-ce-mardi-soir-dans-secret-story-une-candidate-disparait-apres-une-remarque-polemique-videos-BMRKA5OYUJA5DP54QJRGWNGWNE\/\" target=\"_blank\" rel=\"noopener noreferrer\" class=\"ap-StoryInterstitialLink ap-StoryElement ap-StoryElement--mb\">Que s&rsquo;est-il pass\u00e9 ce mardi soir dans Secret Story ? Une candidate dispara\u00eet apr\u00e8s une remarque pol\u00e9mique ! (VID\u00c9OS)<\/a><b>Un appel de d\u00e9tresse envoy\u00e9 \u00e0 la production<\/b><\/p>\n<p class=\"ap-StoryElement ap-StoryElement--mb ap-StoryText\">Depuis, c&rsquo;est silence radio sur le compte Instagram de l&rsquo;ancienne candidate. On se demandait m\u00eame si elle serait pr\u00e9sente sur le plateau ce jeudi pour le prime. Il n&rsquo;en sera rien. Ce jeudi, le chroniqueur et sp\u00e9cialiste de la t\u00e9l\u00e9-r\u00e9alit\u00e9 JeremStar a publi\u00e9 une interview exclusive avec Marianne. Une vid\u00e9o longue de 50 minutes, dans laquelle l&rsquo;ancienne candidate se livre, boulevers\u00e9e.<\/p>\n<p class=\"ap-StoryElement ap-StoryElement--mb ap-StoryText\">\u00ab\u00a0C&rsquo;est compliqu\u00e9, parce que je me sens affaiblie\u00a0\u00bb, confie-t-elle, la voix tremblante. Elle explique ne plus oser sortir de chez elle, par peur d&rsquo;\u00eatre reconnue ou agress\u00e9e. Elle d\u00e9voile \u00e9galement des messages gla\u00e7ants, des commentaires haineux, mais aussi un vocal adress\u00e9 \u00e0 la production, qu&rsquo;elle envoie en pleine nuit \u00e0 Endemol, \u00e9galement producteur de la Star Academy.\u00a0\u00bb Je sais qu&rsquo;il est 3h, mais vous m&rsquo;avez dit que je pouvais vous appeler quand je voulais\u2026 \u00c7a ne va pas du tout. Vous avez d\u00e9truit ma vie. Ce que je lis sur moi, les images qu&rsquo;on a montr\u00e9es\u2026 C&rsquo;est normal que les gens pensent \u00e7a de moi. Comment j&rsquo;ai pu vous faire confiance ? Je suis d\u00e9truite. Ma famille est d\u00e9truite. Ma vie enti\u00e8re est d\u00e9truite. \u00c0 cause de vous, je vais me foutre en l&rsquo;air.\u00a0\u00bb Un message d&rsquo;une extr\u00eame gravit\u00e9, enregistr\u00e9 en larmes.<\/p>\n<p><b>Psychologue, garde du corps et centre de repos<\/b><\/p>\n<p class=\"ap-StoryElement ap-StoryElement--mb ap-StoryText\">Suite \u00e0 ce message, un psychologue aurait \u00e9t\u00e9 mis \u00e0 disposition de Marianne. \u00ab\u00a0Il s&rsquo;agit du m\u00eame que je voyais pendant l&rsquo;aventure\u00a0\u00bb, pr\u00e9cise-t-elle. Mais cela semble loin d&rsquo;\u00eatre suffisant. Car depuis sa sortie, Marianne ne re\u00e7oit que des messages de haine. \u00ab\u00a0Pour toujours, je serai Marianne la harceleuse et la raciste de Secret Story 13\u00a0\u00bb, confie-t-elle \u00e0 JeremStar.<\/p>\n<p class=\"ap-StoryElement ap-StoryElement--mb ap-StoryText\">Le vid\u00e9aste lui demande alors de lire un message re\u00e7u r\u00e9cemment : \u00ab\u00a0\u00c9coute-moi bien, je vais te retrouver, toi et ta famille. On va vous harceler comme jamais, vous traquer. Tu vas comprendre ce que c&rsquo;est, la mis\u00e8re, grosse truie.\u00a0\u00bb<\/p>\n<p class=\"ap-StoryElement ap-StoryElement--mb ap-StoryText\">Face \u00e0 ce climat de menaces, un garde du corps lui aurait \u00e9t\u00e9 propos\u00e9, ce qu&rsquo;elle a refus\u00e9, estimant que cela renforcerait encore le sentiment de danger qu&rsquo;elle vivait.<\/p>\n<p><a href=\"https:\/\/www.dhnet.be\/medias\/television\/2025\/06\/30\/secret-story-deux-belges-vises-par-des-accusations-de-harcelement-la-voix-fait-revenir-des-anciens-candidats-a-la-rescousse-videos-PNQWOP73ZZFDZDDPQAHXBMULYM\/\" target=\"_blank\" rel=\"noopener noreferrer\" class=\"ap-StoryInterstitialLink ap-StoryElement ap-StoryElement--mb\">\u00ab\u00a0Secret Story\u00a0\u00bb : deux Belges vis\u00e9s par des accusations de harc\u00e8lement, La Voix fait revenir des anciens candidats \u00e0 la rescousse ! (VID\u00c9OS)<\/a><b>Une hospitalisation dans un centre de repos<\/b><\/p>\n<p class=\"ap-StoryElement ap-StoryElement--mb ap-StoryText\">Marianne va m\u00eame jusqu&rsquo;\u00e0 dire qu&rsquo;il n&rsquo;existe plus d&rsquo;\u00e9chappatoire : \u00ab\u00a0Secret Story, c&rsquo;est la pire connerie de toute ma vie. Je ne vois pas d&rsquo;autre issue que m&rsquo;endormir et ne jamais me r\u00e9veiller.\u00a0\u00bb<\/p>\n<p class=\"ap-StoryElement ap-StoryElement--mb ap-StoryText\">Des propos alarmants, qui soul\u00e8vent donc une vraie question : l&rsquo;\u00e9ventuelle responsabilit\u00e9 de la production dans la construction de l&rsquo;image des candidats. \u00c0 l&rsquo;heure o\u00f9 les r\u00e9seaux sociaux amplifient chaque geste, chaque mot, chaque regard, le montage des s\u00e9quences et la narration impos\u00e9e peuvent d\u00e9truire une vie, une r\u00e9putation. Ne faudrait-il pas mettre en place de vraies mesures afin d&rsquo;y faire face ?<\/p>\n<p class=\"ap-StoryElement ap-StoryElement--mb ap-StoryText\">Selon JeremStar, la production aurait finalement plac\u00e9 Marianne en centre de repos, avec son accord. Un acte in\u00e9dit en treize saisons du programme. \u00ab\u00a0Jamais la production n&rsquo;avait plac\u00e9 ainsi un candidat dans une maison de repos\u00a0\u00bb, souligne-t-il.<\/p>\n","protected":false},"excerpt":{"rendered":"Mais voil\u00e0. Depuis le lancement de cette saison, une sombre affaire vient ternir l&rsquo;image du programme. \u00c0 l&rsquo;instar&hellip;\n","protected":false},"author":2,"featured_media":241606,"comment_status":"","ping_status":"","sticky":false,"template":"","format":"standard","meta":{"footnotes":""},"categories":[1356],"tags":[58,59,1011,27,24365,252,1364],"class_list":{"0":"post-241605","1":"post","2":"type-post","3":"status-publish","4":"format-standard","5":"has-post-thumbnail","7":"category-television","8":"tag-divertissement","9":"tag-entertainment","10":"tag-fr","11":"tag-france","12":"tag-la-star-academy","13":"tag-television","14":"tag-tv"},"share_on_mastodon":{"url":"https:\/\/pubeurope.com\/@fr\/114832630373867178","error":""},"_links":{"self":[{"href":"https:\/\/www.europesays.com\/fr\/wp-json\/wp\/v2\/posts\/241605","targetHints":{"allow":["GET"]}}],"collection":[{"href":"https:\/\/www.europesays.com\/fr\/wp-json\/wp\/v2\/posts"}],"about":[{"href":"https:\/\/www.europesays.com\/fr\/wp-json\/wp\/v2\/types\/post"}],"author":[{"embeddable":true,"href":"https:\/\/www.europesays.com\/fr\/wp-json\/wp\/v2\/users\/2"}],"replies":[{"embeddable":true,"href":"https:\/\/www.europesays.com\/fr\/wp-json\/wp\/v2\/comments?post=241605"}],"version-history":[{"count":0,"href":"https:\/\/www.europesays.com\/fr\/wp-json\/wp\/v2\/posts\/241605\/revisions"}],"wp:featuredmedia":[{"embeddable":true,"href":"https:\/\/www.europesays.com\/fr\/wp-json\/wp\/v2\/media\/241606"}],"wp:attachment":[{"href":"https:\/\/www.europesays.com\/fr\/wp-json\/wp\/v2\/media?parent=241605"}],"wp:term":[{"taxonomy":"category","embeddable":true,"href":"https:\/\/www.europesays.com\/fr\/wp-json\/wp\/v2\/categories?post=241605"},{"taxonomy":"post_tag","embeddable":true,"href":"https:\/\/www.europesays.com\/fr\/wp-json\/wp\/v2\/tags?post=241605"}],"curies":[{"name":"wp","href":"https:\/\/api.w.org\/{rel}","templated":true}]}}