{"id":241611,"date":"2025-07-11T04:09:11","date_gmt":"2025-07-11T04:09:11","guid":{"rendered":"https:\/\/www.europesays.com\/fr\/241611\/"},"modified":"2025-07-11T04:09:11","modified_gmt":"2025-07-11T04:09:11","slug":"cet-aliment-a-consommer-tous-les-jours-pour-une-sante-de-fer-selon-un-gastro-enterologue","status":"publish","type":"post","link":"https:\/\/www.europesays.com\/fr\/241611\/","title":{"rendered":"cet aliment \u00e0 consommer tous les jours pour une sant\u00e9 de fer, selon un gastro-ent\u00e9rologue"},"content":{"rendered":"<p>C\u00a0\u00bbest une question que l&rsquo;on se pose rarement au petit d\u00e9jeuner, mais qui pourrait bien changer nos habitudes : que consomment les m\u00e9decins pour pr\u00e9server leur sant\u00e9 intestinale ? Sur TikTok, le gastro-ent\u00e9rologue Joseph Salhab, suivi par plus de deux millions de personnes, a d\u00e9voil\u00e9 ce qu&rsquo;il mange tous les jours, sans exception. Une astuce toute simple, relay\u00e9e par Gala, qui pourrait contribuer \u00e0 r\u00e9duire les risques de cancer du c\u00f4lon. Rassurez-vous, ce n&rsquo;est pas un nouveau jus detox, ni une poudre miracle \u00e0 diluer dans de lait de soja !<\/p>\n<p>    Face au cancer du c\u00f4lon, ce petit r\u00e9flexe peut faire la diff\u00e9rence selon ce m\u00e9decin <\/p>\n<p>Dans sa vid\u00e9o, avant d&rsquo;\u00e9voquer l&rsquo;aliment en question, le Dr Salhab rappelle l&rsquo;importance d&rsquo;un mode de vie sain pour limiter les risques. Une alimentation \u00e9quilibr\u00e9e, <a href=\"https:\/\/www.grazia.fr\/beaute\/forme-minceur\/600-calories-en-une-seance-cette-activite-physique-est-parfaite-pour-se-defouler-1101275.html\" rel=\"nofollow noopener\" target=\"_blank\">une activit\u00e9 physique r\u00e9guli\u00e8re<\/a> et un d\u00e9pistage pr\u00e9coce restent les piliers de la pr\u00e9vention. Car oui, le cancer du c\u00f4lon peut se manifester sans pr\u00e9venir, avec <strong>des sympt\u00f4mes peu sp\u00e9cifiques comme une fatigue inhabituelle ou un changement de transit<\/strong>.<\/p>\n<p>Mais au-del\u00e0 des bilans m\u00e9dicaux, <strong>certaines habitudes du quotidien peuvent aussi faire la diff\u00e9rence<\/strong>. Parmi elles, celle qu&rsquo;il applique lui-m\u00eame sans jamais y d\u00e9roger. Et comme on vous le disait plus haut, cette habitude ne rel\u00e8ve pas du miracle. C&rsquo;est un aliment <strong>que l&rsquo;on trouve facilement en grande surface ou en \u00e9picerie bio<\/strong>, ou qu&rsquo;on a parfois m\u00eame d\u00e9j\u00e0 dans ses placards.<\/p>\n<p>    Le lien m\u00e9connu entre cet aliment et le cancer du c\u00f4lon <\/p>\n<p>\u00ab\u00a0Je mange une poign\u00e9e de fruits \u00e0 coque chaque jour pour la sant\u00e9 de mes intestins et de mon foie\u00a0\u00bb, d\u00e9clare le Dr Salhab dans sa vid\u00e9o. Il pr\u00e9cise : \u00ab\u00a0Les noix sont<strong> l&rsquo;un des en-cas les plus sains pour l&rsquo;ensemble du corps<\/strong>, en particulier pour la sant\u00e9 de l&rsquo;intestin et du foie.\u00a0\u00bb Et il ne s&rsquo;agit pas d&rsquo;une simple intuition personnelle.<\/p>\n<p>Le sp\u00e9cialiste \u00e9voque en effet une \u00e9tude selon laquelle \u00ab\u00a0les personnes chez qui un cancer du c\u00f4lon avait d\u00e9j\u00e0 \u00e9t\u00e9 diagnostiqu\u00e9, qui avaient suivi le traitement m\u00e9dical standard, et qui mangeaient 2 poign\u00e9es de noix chaque semaine voyaient <strong>leur taux de survie s&rsquo;am\u00e9liorer et leur taux de r\u00e9cidive diminuer<\/strong>.\u00a0\u00bb Une donn\u00e9e qui donne \u00e0 r\u00e9fl\u00e9chir. Au-del\u00e0 de leur int\u00e9r\u00eat en <a href=\"https:\/\/www.grazia.fr\/beaute\/forme-minceur\/voici-la-quantite-de-yaourt-a-manger-chaque-semaine-pour-reduire-les-risques-de-cancer-du-colon-1141082.html\" rel=\"nofollow noopener\" target=\"_blank\">pr\u00e9vention du cancer du c\u00f4lon<\/a>, les fruits \u00e0 coque regorgent de nutriments. Dans la m\u00eame vid\u00e9o, le m\u00e9decin souligne leurs nombreux atouts. Notamment qu&rsquo;ils sont riches en vitamine E, et qu&rsquo;ils <strong>r\u00e9duisent le risque de st\u00e9atose h\u00e9patique<\/strong>. Comprenez qu&rsquo;ils prot\u00e8gent le foie d&rsquo;une accumulation de graisses, probl\u00e8me de plus en plus courant.<\/p>\n<blockquote class=\"tiktok-embed\" cite=\"https:\/\/www.tiktok.com\/@thestomachdoc\/video\/7477273353678621995#038;refer=embed&amp;referer_url=www.gala.fr%2Fbien-etre%2Fsante%2Fcancer-du-colon-un-gastro-enterologue-devoile-ce-qu-il-mange-tous-les-jours-pour-preserver-sa-sante-intestinale-20250707&amp;referer_video_id=7477273353678621995\" data-video-id=\"7477273353678621995\" style=\"max-width: 605px;min-width: 325px;\">\n<p>\t            <a target=\"_blank\" href=\"https:\/\/www.tiktok.com\/@thestomachdoc\/video\/7477273353678621995#038;refer=embed&amp;referer_url=www.gala.fr%2Fbien-etre%2Fsante%2Fcancer-du-colon-un-gastro-enterologue-devoile-ce-qu-il-mange-tous-les-jours-pour-preserver-sa-sante-intestinale-20250707&amp;referer_video_id=7477273353678621995\" rel=\"nofollow noopener\"><br \/>\n\t                <img decoding=\"async\" src=\"https:\/\/www.tiktok.com\/img\/logo.png\" alt=\"TikTok Logo\"\/><br \/>\n\t            <\/a><\/p>\n<\/blockquote>\n<p> Int\u00e9grer les bons aliments pour r\u00e9duire les risques de cancer du c\u00f4lon <\/p>\n<p>Mais ce n&rsquo;est pas tout. Le Dr Salhab ajoute que leur consommation r\u00e9guli\u00e8re permettrait aussi de diminuer les risques de maladies de la v\u00e9sicule biliaire, notamment les calculs, et d&rsquo;att\u00e9nuer certains d\u00e9sagr\u00e9ments digestifs comme<strong> les br\u00fblures d&rsquo;estomac ou le reflux acide<\/strong>, gr\u00e2ce \u00e0 leur richesse en fibres. Sans parler de leurs effets potentiels sur le cerveau ou le c\u0153ur. Alors, faut-il se jeter sur le premier sachet de noix venu ? Oui, mais avec un minimum de discernement. Le mieux est de varier les plaisirs : <strong>noix de cajou, amandes, noix de p\u00e9can ou encore noisettes<\/strong>, tant qu&rsquo;elles sont <strong>nature, non sal\u00e9es et non grill\u00e9es \u00e0 l&rsquo;huile<\/strong>. Une poign\u00e9e par jour suffit, inutile d&rsquo;en faire trop !<\/p>\n<p>Enfin, n&rsquo;attendez pas l&rsquo;apparition de sympt\u00f4mes pour modifier vos habitudes. Que l&rsquo;on soit en pleine sant\u00e9 ou d\u00e9j\u00e0 concern\u00e9 par <a href=\"https:\/\/www.grazia.fr\/beaute\/forme-minceur\/dapres-des-medecins-cette-boisson-completement-naturelle-permet-dameliorer-la-digestion-et-lutter-contre-les-troubles-intestinaux-1083420.html\" rel=\"nofollow noopener\" target=\"_blank\">des troubles digestifs<\/a>, l&rsquo;introduction des fruits \u00e0 coque dans son quotidien est \u00e0 la fois simple et b\u00e9n\u00e9fique. \u00c0 condition, bien s\u00fbr, de <strong>respecter les conseils d&rsquo;un professionnel de sant\u00e9<\/strong>.<\/p>\n<p>                <script async src=\"\/\/www.tiktok.com\/embed.js\"><\/script><\/p>\n","protected":false},"excerpt":{"rendered":"C\u00a0\u00bbest une question que l&rsquo;on se pose rarement au petit d\u00e9jeuner, mais qui pourrait bien changer nos habitudes&hellip;\n","protected":false},"author":2,"featured_media":241612,"comment_status":"","ping_status":"","sticky":false,"template":"","format":"standard","meta":{"footnotes":""},"categories":[10],"tags":[1011,27,72,71],"class_list":{"0":"post-241611","1":"post","2":"type-post","3":"status-publish","4":"format-standard","5":"has-post-thumbnail","7":"category-sante","8":"tag-fr","9":"tag-france","10":"tag-health","11":"tag-sante"},"share_on_mastodon":{"url":"https:\/\/pubeurope.com\/@fr\/114832642155966483","error":""},"_links":{"self":[{"href":"https:\/\/www.europesays.com\/fr\/wp-json\/wp\/v2\/posts\/241611","targetHints":{"allow":["GET"]}}],"collection":[{"href":"https:\/\/www.europesays.com\/fr\/wp-json\/wp\/v2\/posts"}],"about":[{"href":"https:\/\/www.europesays.com\/fr\/wp-json\/wp\/v2\/types\/post"}],"author":[{"embeddable":true,"href":"https:\/\/www.europesays.com\/fr\/wp-json\/wp\/v2\/users\/2"}],"replies":[{"embeddable":true,"href":"https:\/\/www.europesays.com\/fr\/wp-json\/wp\/v2\/comments?post=241611"}],"version-history":[{"count":0,"href":"https:\/\/www.europesays.com\/fr\/wp-json\/wp\/v2\/posts\/241611\/revisions"}],"wp:featuredmedia":[{"embeddable":true,"href":"https:\/\/www.europesays.com\/fr\/wp-json\/wp\/v2\/media\/241612"}],"wp:attachment":[{"href":"https:\/\/www.europesays.com\/fr\/wp-json\/wp\/v2\/media?parent=241611"}],"wp:term":[{"taxonomy":"category","embeddable":true,"href":"https:\/\/www.europesays.com\/fr\/wp-json\/wp\/v2\/categories?post=241611"},{"taxonomy":"post_tag","embeddable":true,"href":"https:\/\/www.europesays.com\/fr\/wp-json\/wp\/v2\/tags?post=241611"}],"curies":[{"name":"wp","href":"https:\/\/api.w.org\/{rel}","templated":true}]}}