{"id":241620,"date":"2025-07-11T04:14:10","date_gmt":"2025-07-11T04:14:10","guid":{"rendered":"https:\/\/www.europesays.com\/fr\/241620\/"},"modified":"2025-07-11T04:14:10","modified_gmt":"2025-07-11T04:14:10","slug":"grece-quatre-ressortissants-chinois-ont-ete-arretes-pour-avoir-photographie-les-rafale-de-la-base-de-tanagra","status":"publish","type":"post","link":"https:\/\/www.europesays.com\/fr\/241620\/","title":{"rendered":"Gr\u00e8ce : Quatre ressortissants chinois ont \u00e9t\u00e9 arr\u00eat\u00e9s pour avoir photographi\u00e9 les Rafale de la base de Tanagra"},"content":{"rendered":"<p><img fetchpriority=\"high\" decoding=\"async\" src=\"https:\/\/www.europesays.com\/fr\/wp-content\/uploads\/2025\/07\/rafale-grece-20220119.jpg\" alt=\"\" width=\"600\" height=\"429\" class=\"alignnone size-full wp-image-64790\"  \/><\/p>\n<p>Le 9 juillet, quatre ressortissants chinois [un couple de 47 ans, un adolescent de 15 ans et un homme de 53 ans] ont \u00e9t\u00e9 arr\u00eat\u00e9s apr\u00e8s avoir \u00e9t\u00e9 surpris en train de prendre des photographies de la base a\u00e9rienne de Tanagra, qui, situ\u00e9e au nord d\u2019Ath\u00e8nes, abrite les vingt-quatre Rafale de la 114e escadre ainsi que le quartier g\u00e9n\u00e9ral de la force a\u00e9rienne tactique hell\u00e9nique. Un site du groupe Hellenic Aerospace Industries est implant\u00e9 juste \u00e0 c\u00f4t\u00e9. <\/p>\n<p>C\u2019est d\u2019ailleurs le personnel de s\u00e9curit\u00e9 de ce dernier qui a d\u2019abord \u00e9t\u00e9 intrigu\u00e9 par le comportement de ces individus, \u00e0 qui il leur a \u00e9t\u00e9 demand\u00e9 de quitter la zone. Ce qu\u2019ils n\u2019ont pas fait, puisqu\u2019ils se sont dirig\u00e9s vers un pont situ\u00e9 \u00e0 proximit\u00e9, tout en continuant \u00e0 photographier les installations de la base de Tanagra. <\/p>\n<p>Inform\u00e9e, la police de la force a\u00e9rienne hell\u00e9nique [Aeronomia] est alors intervenue. Arr\u00eat\u00e9s, les quatre \u00ab\u00a0photographes\u00a0\u00bb ont \u00e9t\u00e9 conduits au commissariat local. L\u00e0, ces ressortissants chinois ont pr\u00e9tendu \u00eatre de \u00ab\u00a0simples touristes\u00a0\u00bb. Seulement, alors que le pass\u00e9 antique de la Gr\u00e8ce a laiss\u00e9 de nombreux monuments dignes d\u2019int\u00e9r\u00eat, il a \u00e9t\u00e9 \u00e9tabli qu\u2019ils \u00e9taient en possession de nombreux clich\u00e9s d\u2019avions Rafale et des installations de la base. Ce qui a \u00e9veill\u00e9 la curiosit\u00e9 de l\u2019Ethniki Ypiresia Pliroforion [EYP], le service de renseignement grec. <\/p>\n<p>\u00ab\u00a0Les quatre personnes arr\u00eat\u00e9es affirment \u00eatre venues pour faire du tourisme et disent ignorer qu\u2019elles se trouvaient dans une zone militaire. Les autorit\u00e9s, cependant, ne sont pas convaincues. Leur insistance \u00e0 photographier des zones sensibles, m\u00eame apr\u00e8s avoir \u00e9t\u00e9 invit\u00e9es \u00e0 s\u2019\u00e9loigner, soul\u00e8ve de s\u00e9rieuses questions quant \u00e0 savoir si cette \u2018promenade innocente\u2019 cache autre chose\u00a0\u00bb, a r\u00e9sum\u00e9 le site d\u2019information Pentapostagma. <\/p>\n<p>Une enqu\u00eate ayant \u00e9t\u00e9 ouverte pour espionnage, ces quatre ressortissants chinois devaient \u00eatre pr\u00e9sent\u00e9s \u00e0 un procureur, en vue d\u2019une possible inculpation, ce 10 juillet. Les autorit\u00e9s grecques cherchent en effet \u00e0 d\u00e9terminer s\u2019il s\u2019agit d\u2019un incident isol\u00e9 ou d\u2019une op\u00e9ration \u00ab\u00a0syst\u00e9matique\u00a0\u00bb de collecte de renseignements. <\/p>\n<p>En tout cas, cette affaire a trouv\u00e9 un \u00e9cho en Inde, qui entretient d\u2019excellentes relations diplomatiques [et militaires] avec la Gr\u00e8ce. Et cela d\u2019autant plus qu\u2019elle survient au moment o\u00f9 la Chine est accus\u00e9e de mener une campagne de d\u00e9nigrement contre le Rafale, apr\u00e8s que le Pakistan a affirm\u00e9 que l\u2019un de ses chasseurs J-10 [de conception chinoise] avait abattu un avion de ce type en mai dernier, lors de l\u2019op\u00e9ration Sindoor. <\/p>\n<p>\u00ab\u00a0La Gr\u00e8ce a r\u00e9cemment particip\u00e9 \u00e0 plusieurs exercices a\u00e9riens et navals avec l\u2019Inde, comme Tarang Shakti et INIOCHOS 25\u00a0\u00bb, a ainsi soulign\u00e9 India Today. <\/p>\n","protected":false},"excerpt":{"rendered":"Le 9 juillet, quatre ressortissants chinois [un couple de 47 ans, un adolescent de 15 ans et un&hellip;\n","protected":false},"author":2,"featured_media":241621,"comment_status":"","ping_status":"","sticky":false,"template":"","format":"standard","meta":{"footnotes":""},"categories":[5],"tags":[11,309,4777,38119,1011,27,8906,14,12,15828,24167,38120,28],"class_list":{"0":"post-241620","1":"post","2":"type-post","3":"status-publish","4":"format-standard","5":"has-post-thumbnail","7":"category-international","8":"tag-actualites","9":"tag-chine","10":"tag-espionnage","11":"tag-eyp","12":"tag-fr","13":"tag-france","14":"tag-grece","15":"tag-international","16":"tag-news","17":"tag-rafale","18":"tag-renseignement","19":"tag-tanagra","20":"tag-world"},"share_on_mastodon":{"url":"https:\/\/pubeurope.com\/@fr\/114832661760320219","error":""},"_links":{"self":[{"href":"https:\/\/www.europesays.com\/fr\/wp-json\/wp\/v2\/posts\/241620","targetHints":{"allow":["GET"]}}],"collection":[{"href":"https:\/\/www.europesays.com\/fr\/wp-json\/wp\/v2\/posts"}],"about":[{"href":"https:\/\/www.europesays.com\/fr\/wp-json\/wp\/v2\/types\/post"}],"author":[{"embeddable":true,"href":"https:\/\/www.europesays.com\/fr\/wp-json\/wp\/v2\/users\/2"}],"replies":[{"embeddable":true,"href":"https:\/\/www.europesays.com\/fr\/wp-json\/wp\/v2\/comments?post=241620"}],"version-history":[{"count":0,"href":"https:\/\/www.europesays.com\/fr\/wp-json\/wp\/v2\/posts\/241620\/revisions"}],"wp:featuredmedia":[{"embeddable":true,"href":"https:\/\/www.europesays.com\/fr\/wp-json\/wp\/v2\/media\/241621"}],"wp:attachment":[{"href":"https:\/\/www.europesays.com\/fr\/wp-json\/wp\/v2\/media?parent=241620"}],"wp:term":[{"taxonomy":"category","embeddable":true,"href":"https:\/\/www.europesays.com\/fr\/wp-json\/wp\/v2\/categories?post=241620"},{"taxonomy":"post_tag","embeddable":true,"href":"https:\/\/www.europesays.com\/fr\/wp-json\/wp\/v2\/tags?post=241620"}],"curies":[{"name":"wp","href":"https:\/\/api.w.org\/{rel}","templated":true}]}}