{"id":241622,"date":"2025-07-11T04:15:13","date_gmt":"2025-07-11T04:15:13","guid":{"rendered":"https:\/\/www.europesays.com\/fr\/241622\/"},"modified":"2025-07-11T04:15:13","modified_gmt":"2025-07-11T04:15:13","slug":"drame-en-mer-dans-les-cotes-darmor-des-centaines-de-gens-du-voyage-convergent-a-yffiniac","status":"publish","type":"post","link":"https:\/\/www.europesays.com\/fr\/241622\/","title":{"rendered":"Drame en mer\u00a0dans les C\u00f4tes-d\u2019Armor\u00a0: des centaines de gens du voyage convergent \u00e0 Yffiniac"},"content":{"rendered":"<p>Face \u00e0 ce drame terrible, en m\u00e9moire des victimes et pour soutenir les proches dans le deuil, comme c\u2019est la tradition, des centaines de membres de la communaut\u00e9 ont afflu\u00e9 dans la journ\u00e9e, d\u2019abord autour du cr\u00e9matorium de Saint-Brieuc.<\/p>\n<p>\u00ab\u00a0Nous avons s\u00e9curis\u00e9 l\u2019arriv\u00e9e des pompes fun\u00e8bres pr\u00e8s de l\u2019h\u00f4pital, jusqu\u2019\u00e0 ce que les corps soient r\u00e9cup\u00e9r\u00e9s par la famille. C\u2019\u00e9tait cet apr\u00e8s-midi et il y avait d\u00e9j\u00e0 plus d\u2019une centaine de personnes\u00a0\u00bb, pr\u00e9cisait en fin de journ\u00e9e Arnaud Garnier, directeur d\u00e9partemental de la Police nationale (DDPN).<\/p>\n<p>L\u2019hippodrome pris d\u2019assaut<\/p>\n<p>En pleine gestion du passage du Tour de France dans sa commune, Denis Hamayon, maire d\u2019Yffiniac, a d\u00fb se d\u00e9multiplier \u00e9galement du c\u00f4t\u00e9 de l\u2019hippodrome, o\u00f9 les caravanes avaient trouv\u00e9 l\u2019espace pour se poser. Il a d\u2019ailleurs eu quelques sueurs froides en d\u00e9but d\u2019apr\u00e8s-midi. \u00ab\u00a0Un agent de l\u2019Agglo travaillait \u00e0 l\u2019hippodrome et les portes \u00e9taient ouvertes. Du coup, les premi\u00e8res caravanes se sont install\u00e9es l\u00e0\u00a0!\u00a0\u00bb<\/p>\n<blockquote><p>Ces gens sont tr\u00e8s touch\u00e9s par ces d\u00e9c\u00e8s. Il y a un tr\u00e8s grand poids \u00e9motionnel, c\u2019est palpable<\/p><\/blockquote>\n<p>Le policier municipal et la gendarmerie de Pl\u00e9neuf ont pu discuter avec les arrivants, qui dans un souci d\u2019apaisement, ont accept\u00e9 de sortir et ont pos\u00e9 leurs v\u00e9hicules sur des parcelles voisines. Sans discontinuer. \u00ab\u00a0Les arriv\u00e9es ont \u00e9t\u00e9 incessantes depuis ce matin. J\u2019estime qu\u2019il y a environ 350 caravanes, jauge le maire, et l\u2019un des responsables m\u2019a dit vers 20\u00a0h qu\u2019une quarantaine \u00e9tait encore attendue.\u00a0\u00bb<\/p>\n<p>Un maire qui, bien que d\u00e9contenanc\u00e9 par cet afflux soudain &#8211; \u00ab\u00a0il doit y avoir pas loin de 2\u00a0000\u00a0personnes ce soir\u00a0\u00bb &#8211; a ressenti aussi l\u2019immense \u00e9motion de cette communaut\u00e9 qui vient de perdre trois des siens dans des circonstances dramatiques. \u00ab\u00a0Ces gens sont tr\u00e8s touch\u00e9s par ces d\u00e9c\u00e8s. Il y a un tr\u00e8s grand poids \u00e9motionnel, c\u2019est palpable.\u00a0\u00bb<\/p>\n<p><img decoding=\"async\" src=\"https:\/\/www.europesays.com\/fr\/wp-content\/uploads\/2025\/07\/68701b39a319ea1a2c04d1c2.1.jpeg\" width=\"480\" height=\"300\" class=\"web_golden_m\" loading=\"lazy\" alt=\"Dans un premier temps remis en question, le feu d\u2019artifice qui doit \u00eatre tir\u00e9 de l\u2019hippodrome lundi n\u2019est pour l\u2019heure pas en p\u00e9ril.\"\/>Dans un premier temps remis en question, le feu d\u2019artifice qui doit \u00eatre tir\u00e9 de l\u2019hippodrome lundi n\u2019est pour l\u2019heure pas en p\u00e9ril. (Le T\u00e9l\u00e9gramme\/Morgane Br\u00e9fort)Eau, \u00e9lectricit\u00e9 et tron\u00e7onneuse<\/p>\n<p>Les champs investis sont des parcelles \u00e0 herbes qui viennent d\u2019\u00eatre fauch\u00e9es. \u00ab\u00a0Le terrain pour les grands rassemblements est d\u00e9j\u00e0 occup\u00e9, \u00e0 Pordic, pointe Denis Hamayon. L\u2019organisation, du ressort de l\u2019Agglo et de la pr\u00e9fecture, a \u00e9t\u00e9 d\u00e9p\u00each\u00e9e sur place. Des containers poubelle ont \u00e9t\u00e9 amen\u00e9s et une tranch\u00e9e a \u00e9t\u00e9 ouverte pour l\u2019eau. Quant \u00e0 l\u2019\u00e9lectricit\u00e9, les gens du voyage savent tr\u00e8s bien g\u00e9rer\u00a0\u00bb.<\/p>\n<p>Seuls petits couacs, le portique du parking secondaire de l\u2019hippodrome, d\u00e9coup\u00e9 \u00e0 la tron\u00e7onneuse pour laisser passer les caravanes\u2026 et le terrain du centre a\u00e9r\u00e9 de Coat-Erbeau, occup\u00e9 \u00e9galement. \u00ab\u00a0Il n\u2019y a qu\u2019une dizaine de v\u00e9hicules ce soir, note le maire, mais demain matin\u00a0?\u00a0\u00bb \u00c0 20\u00a0h, le commandant en second du groupement de gendarmerie, Laurent Kerdoncuff, estimait \u00e0 500\u00a0le nombre de caravanes.<\/p>\n<p>Pas de p\u00e9ril pour le feu d\u2019artifice<\/p>\n<p>Dans un premier temps remis en question, le feu d\u2019artifice qui doit \u00eatre tir\u00e9 de l\u2019hippodrome lundi n\u2019est pour l\u2019heure pas en p\u00e9ril. \u00ab\u00a0Dans les traditions des gens du voyage, explique le maire, ces rassemblements de deuil peuvent durer jusqu\u2019\u00e0 quinze jours. Mais apr\u00e8s v\u00e9rification, aucune des parcelles occup\u00e9es ce soir n\u2019est dans le p\u00e9rim\u00e8tre de s\u00e9curit\u00e9 du tir. Donc pour le moment, il est maintenu\u00a0\u00bb.<\/p>\n<p>En revanche, il y a une certaine inqui\u00e9tude pour les spectateurs qui doivent venir manger les 1\u00a0000 parts de moules frites entre 18\u00a0h\u00a030 et 22\u00a0h, avant d\u2019\u00eatre rejoints par 2\u00a0000 ou 3\u00a0000\u00a0autres pour le feu d\u2019artifice. \u00ab\u00a0Pour le moment, les espaces de stationnement sont pr\u00e9serv\u00e9s. On ne peut pas tout g\u00e9rer la premi\u00e8re journ\u00e9e. Et demain c\u2019est le Tour de France. Donc \u00e7a ne se passe finalement pas si mal\u00a0\u00bb, conclut un Denis Hamayon philosophe, qui demain va affronter un agenda pour le moins charg\u00e9.<\/p>\n","protected":false},"excerpt":{"rendered":"Face \u00e0 ce drame terrible, en m\u00e9moire des victimes et pour soutenir les proches dans le deuil, comme&hellip;\n","protected":false},"author":2,"featured_media":241623,"comment_status":"","ping_status":"","sticky":false,"template":"","format":"standard","meta":{"footnotes":""},"categories":[4],"tags":[11,38121,829,2171,765,118,1011,27,12,25,4937,37281,38122],"class_list":{"0":"post-241622","1":"post","2":"type-post","3":"status-publish","4":"format-standard","5":"has-post-thumbnail","7":"category-france","8":"tag-actualites","9":"tag-binic-etables-sur-mer","10":"tag-bretagne","11":"tag-cotes-darmor","12":"tag-en-continu","13":"tag-faits-divers","14":"tag-fr","15":"tag-france","16":"tag-news","17":"tag-republique-francaise","18":"tag-saint-brieuc","19":"tag-saint-quay-portrieux","20":"tag-yffiniac"},"share_on_mastodon":{"url":"https:\/\/pubeurope.com\/@fr\/114832665799826908","error":""},"_links":{"self":[{"href":"https:\/\/www.europesays.com\/fr\/wp-json\/wp\/v2\/posts\/241622","targetHints":{"allow":["GET"]}}],"collection":[{"href":"https:\/\/www.europesays.com\/fr\/wp-json\/wp\/v2\/posts"}],"about":[{"href":"https:\/\/www.europesays.com\/fr\/wp-json\/wp\/v2\/types\/post"}],"author":[{"embeddable":true,"href":"https:\/\/www.europesays.com\/fr\/wp-json\/wp\/v2\/users\/2"}],"replies":[{"embeddable":true,"href":"https:\/\/www.europesays.com\/fr\/wp-json\/wp\/v2\/comments?post=241622"}],"version-history":[{"count":0,"href":"https:\/\/www.europesays.com\/fr\/wp-json\/wp\/v2\/posts\/241622\/revisions"}],"wp:featuredmedia":[{"embeddable":true,"href":"https:\/\/www.europesays.com\/fr\/wp-json\/wp\/v2\/media\/241623"}],"wp:attachment":[{"href":"https:\/\/www.europesays.com\/fr\/wp-json\/wp\/v2\/media?parent=241622"}],"wp:term":[{"taxonomy":"category","embeddable":true,"href":"https:\/\/www.europesays.com\/fr\/wp-json\/wp\/v2\/categories?post=241622"},{"taxonomy":"post_tag","embeddable":true,"href":"https:\/\/www.europesays.com\/fr\/wp-json\/wp\/v2\/tags?post=241622"}],"curies":[{"name":"wp","href":"https:\/\/api.w.org\/{rel}","templated":true}]}}