{"id":241626,"date":"2025-07-11T04:17:24","date_gmt":"2025-07-11T04:17:24","guid":{"rendered":"https:\/\/www.europesays.com\/fr\/241626\/"},"modified":"2025-07-11T04:17:24","modified_gmt":"2025-07-11T04:17:24","slug":"la-stephanoise-zoe-et-son-binome-louise-se-jettent-dans-laventure","status":"publish","type":"post","link":"https:\/\/www.europesays.com\/fr\/241626\/","title":{"rendered":"la St\u00e9phanoise Zo\u00e9 et son bin\u00f4me Louise se jettent dans l\u2019aventure"},"content":{"rendered":"<blockquote class=\"question\"><p>Vous vous connaissez depuis longtemps\u00a0?<\/p><\/blockquote>\n<p>Zo\u00e9\u00a0: \u00ab\u00a0On s\u2019est rencontr\u00e9es dans l\u2019Allier, au coll\u00e8ge, quand on avait douze ans. On a chacune v\u00e9cu nos vies et moi j\u2019ai v\u00e9cu un peu \u00e0 l\u2019\u00e9tranger donc on s\u2019est moins vues moins mais on se retrouvait toujours pendant les vacances pour faire des grandes randonn\u00e9es ou des festivals. On n\u2019a jamais perdu le contact.\u00a0\u00bb<\/p>\n<blockquote class=\"question\"><p>Qu\u2019est-ce qui vous a motiv\u00e9es \u00e0 participer \u00e0 cette \u00e9mission\u00a0?<\/p><\/blockquote>\n<p>Louise\u00a0: \u00ab\u00a0Au d\u00e9part, Zo\u00e9 comme moi, on ne la connaissait pas du tout. Je l\u2019ai d\u00e9couverte par hasard \u00e0 l\u2019\u00e9t\u00e9 2023. J\u2019ai vu Nans et Mouts gal\u00e9rer \u00e0 chercher un h\u00e9bergement. Je les ai trouv\u00e9s tr\u00e8s dr\u00f4les et ils m\u2019ont fait penser \u00e0 Zo\u00e9 et moi en voyage. Deux semaines plus tard, j\u2019ai vu un appel sur Facebook demandant \u00e0 des femmes si elles avaient envie de tenter l\u2019aventure \u201cNues et Culott\u00e9es\u201d. Alors j\u2019ai motiv\u00e9 Zo\u00e9.\u00a0\u00bb<\/p>\n<p>  \u00ab\u00a0Pendant un tournage, la production ne sait m\u00eame pas o\u00f9 on est\u00a0!\u00a0\u00bb<\/p>\n<blockquote class=\"question\"><p>Comment avez-vous \u00e9t\u00e9 cast\u00e9es\u00a0?<\/p><\/blockquote>\n<p>Zo\u00e9\u00a0: \u00ab\u00a0En g\u00e9n\u00e9ral, pour un casting il faut se pr\u00e9senter et on a une sc\u00e8ne \u00e0 jouer. On est \u00e0 la fois cast\u00e9 pour notre interpr\u00e9tation et pour notre physique. Pour \u201cNues et culott\u00e9es\u201d, \u00e7a s\u2019est pass\u00e9 compl\u00e8tement diff\u00e9remment\u00a0: il n\u2019y a aucun crit\u00e8re physique ni technique. On n\u2019est pas du tout r\u00e9alisatrices \u00e0 la base et nous devions envoyer un film \u00e0 la production. En septembre\u00a02023, on est parties ensemble pendant cinq jours, de l\u2019Allier jusqu\u2019aux C\u00e9vennes, avec pour objectif d\u2019organiser une danse collective au sommet d\u2019une montagne avec les gens qu\u2019on aurait rencontr\u00e9s pendant le trajet. On a film\u00e9 avec nos t\u00e9l\u00e9phones.\u00a0\u00bb<\/p>\n<p>Louise\u00a0: \u00ab\u00a0D\u00e9but 2024, on a appris qu\u2019on \u00e9tait dans les quatre bin\u00f4mes s\u00e9lectionn\u00e9s sur vingt-et-un qui avaient postul\u00e9. On a d\u00fb refaire un film apr\u00e8s avoir \u00e9t\u00e9 coach\u00e9es et avec du meilleur mat\u00e9riel. En juin\u00a02024, ils nous ont propos\u00e9 de faire des films mais pour \u00eatre diffus\u00e9s cette fois-ci.\u00a0\u00bb<\/p>\n<blockquote class=\"question\"><p>Quels conseils avez-vous demand\u00e9s \u00e0 vos pr\u00e9d\u00e9cesseurs Nans et Mouts \u00a0?<\/p><\/blockquote>\n<p>Louise\u00a0: \u00ab\u00a0Des conseils sur la mani\u00e8re de filmer parce qu\u2019on partait de z\u00e9ro. Filmer la nature, par exemple, \u00e7a apporte une autre dimension au t\u00e9moignage humain.\u00a0\u00bb<\/p>\n<p>                                            <img class=\"placeholder-svg\" loading=\"lazy\" decoding=\"async\" src=\"https:\/\/cdn-files.prsmedia.fr\/files\/REDAC\/images\/svg\/placeholders\/youtube.svg\" alt=\"Youtube PlaceHolder\"\/>               <\/p>\n<p>Ce contenu est bloqu\u00e9 car vous n&rsquo;avez pas accept\u00e9 les cookies et autres traceurs.<\/p>\n<p>En cliquant sur \u00ab J\u2019accepte \u00bb, les cookies et autres traceurs seront d\u00e9pos\u00e9s et vous pourrez visualiser les contenus  (<a href=\"\" class=\"consentModule_policy\" target=\"_blank\" title=\"Consulter la politique de protection des donn\u00e9es du fournisseur\">plus d&rsquo;informations<\/a>).<\/p>\n<p>En cliquant sur \u00ab J\u2019accepte tous les cookies \u00bb, vous autorisez des d\u00e9p\u00f4ts de cookies et autres traceurs pour le stockage de vos donn\u00e9es sur nos sites et applications \u00e0 des fins de personnalisation et de ciblage publicitaire.<\/p>\n<p class=\"consentModule_secondaryText\">Vous gardez la possibilit\u00e9 de retirer votre consentement \u00e0 tout moment en consultant notre <a href=\"https:\/\/www.leprogres.fr\/protection-des-donnees\" target=\"_blank\" title=\"Consulter notre politique de protection des donn\u00e9es\" rel=\"noopener\">politique de protection des donn\u00e9es<\/a>. <br \/>&#13;<br \/>\n            <a href=\"https:\/\/www.leprogres.fr\/economie\/2025\/07\/11\/javascript:Didomi.notice.show()\" class=\"consentModule_cmp\" target=\"_blank\" rel=\"noopener\">G\u00e9rer mes choix<\/a>&#13;\n        <\/p>\n<p>&#13;<br \/>\n                        J&rsquo;accepte&#13;<br \/>\n            J&rsquo;accepte tous les cookies&#13;\n        <\/p>\n<blockquote class=\"question\"><p>Quel a \u00e9t\u00e9 votre sentiment au moment o\u00f9 vous vous \u00eates retrouv\u00e9es en tenue d\u2019\u00c8ve dans la for\u00eat de Broc\u00e9liande pour \u00ab\u00a0Objectif \u00eele de Sein\u00a0\u00bb, le premier \u00e9pisode\u00a0?<\/p><\/blockquote>\n<p>Louise\u00a0: \u00ab\u00a0\u00c0 ce moment-l\u00e0, je me suis dit qu\u2019il n\u2019y avait plus de marche arri\u00e8re possible. \u00c7a faisait un petit peu peur j\u2019avoue. Il y a eu un petit moment de doute. On s\u2019est fait des jupes avec des branchages. Quand on est nues au d\u00e9but du film, on est vraiment toutes seules. Ce qui \u00e9tait un peu difficile au d\u00e9but, c\u2019\u00e9tait de trouver la mani\u00e8re d\u2019\u00eatre naturelle. Il a fallu que j\u2019accepte cette cam\u00e9ra tout le temps.\u00a0\u00bb<\/p>\n<p>Zo\u00e9\u00a0: \u00ab\u00a0Pour le premier \u00e9pisode, on avait une pression de dingue\u00a0: je ne me sentais pas du tout l\u00e9gitime en tant que r\u00e9alisatrice. Il faut vraiment savoir que personne ne nous suit. Pendant un tournage, la production ne sait m\u00eame pas o\u00f9 on est\u00a0! Il y a trois cam\u00e9ras qui tournent en permanence\u00a0: les deux cam\u00e9ras du baluchon et une cam\u00e9ra de poing.\u00a0\u00bb<\/p>\n<p>  \u00ab\u00a0La curiosit\u00e9 de l\u2019autre, c\u2019est un truc qu\u2019on a d\u00e9velopp\u00e9 ensemble depuis longtemps\u00a0\u00bb<\/p>\n<blockquote class=\"question\"><p>\u00catre seules et non pas sur un plateau avec toute une \u00e9quipe autour, \u00e7a favorise le naturel\u00a0?<\/p><\/blockquote>\n<p>Zo\u00e9\u00a0: \u00ab\u00a0En fait, on ne pense plus du tout \u00e0 la cam\u00e9ra parce que nous ne sommes pas l\u2019objet du film. L\u2019objet du film, c\u2019est l\u2019aventure et les gens qu\u2019on rencontre. Il faut \u00e0 la fois qu\u2019on l\u00e2che prise et qu\u2019on pense \u00e0 filmer telle ou telle s\u00e9quence. C\u2019est un peu schizophr\u00e9nique (rires).\u00a0\u00bb<\/p>\n<blockquote class=\"question\"><p>Vous n\u2019avez jamais eu de moments de tensions ou de panique quand il fallait trouver o\u00f9 dormir\u00a0?<\/p><\/blockquote>\n<p>Louise\u00a0: \u00ab\u00a0Sur le premier \u00e9pisode, des moments de paniques li\u00e9s \u00e0 l\u2019h\u00e9bergement, on n\u2019en a pas eu.\u00a0\u00bb<\/p>\n<p>Zo\u00e9\u00a0: \u00ab\u00a0Des tensions, c\u2019est arriv\u00e9 un petit peu. Quand on trouve l\u2019h\u00e9bergement le soir, g\u00e9n\u00e9ralement les gens nous proposent un repas et le petit d\u00e9jeuner. En journ\u00e9e, ce n\u2019est pas forc\u00e9ment facile d\u2019avoir acc\u00e8s \u00e0 la nourriture. Des fois, on restait longtemps sans manger. Et qui dit ventre vide dit fatigue et quelques tensions.\u00a0\u00bb<\/p>\n<blockquote class=\"question\"><p>Vous avez essuy\u00e9 beaucoup de refus d\u2019h\u00e9bergeurs\u00a0?<\/p><\/blockquote>\n<p>Louise\u00a0: \u00ab\u00a0\u00c7a d\u00e9pendait des jours. Dans le premier \u00e9pisode en Bretagne, on a trouv\u00e9 assez facilement. On a eu quelques \u201cnon\u201d et c\u2019est normal\u00a0: quand deux inconnues d\u00e9barquent comme \u00e7a, on n\u2019est pas forc\u00e9ment disponibles pour ouvrir sa porte et son c\u0153ur.\u00a0\u00bb<\/p>\n<blockquote class=\"question\"><p>Faire confiance \u00e0 des inconnus, c\u2019est naturel chez vous\u00a0?<\/p><\/blockquote>\n<p>Zo\u00e9\u00a0: \u00ab\u00a0Avec Louise, on est souvent parties en voyage ensemble, notamment dans les Balkans pendant six mois avec notre sac \u00e0 dos. On avait vraiment pour projet de rencontrer les gens, d\u2019aller \u00e0 leur contact en proposant des stages de danse ou de th\u00e9\u00e2tre. La curiosit\u00e9 de l\u2019autre, c\u2019est un truc qu\u2019on a d\u00e9velopp\u00e9 ensemble depuis longtemps. Je pense que c\u2019est ce qui est fort dans notre bin\u00f4me.\u00a0\u00bb<\/p>\n<p>  \u00ab\u00a0J\u2019apparais tr\u00e8s concentr\u00e9e \u00e0 l\u2019image mais \u00e9videmment, je retenais mes larmes\u00a0\u00bb<\/p>\n<blockquote class=\"question\"><p>Deuil, maladie, abus sexuels, victime d\u2019expropriation\u2026 Parmi tous ceux qui vous ont accueillis dans \u00ab\u00a0Objectif \u00eele de Sein\u00a0\u00bb, tous ont v\u00e9cu des p\u00e9riodes difficiles. Le t\u00e9moignage de Didier, dont la femme est d\u00e9c\u00e9d\u00e9e du Covid trois mois apr\u00e8s leur mariage, \u00e9tait-il le plus bouleversant\u00a0?<\/p><\/blockquote>\n<p>Louise\u00a0: \u00ab\u00a0Les autres t\u00e9moignages \u00e9taient tr\u00e8s forts aussi. Mais oui, Didier m\u2019a boulevers\u00e9 parce que \u00e7a fait \u00e9cho\u00a0: tout le monde a v\u00e9cu un deuil. Il nous a fait confiance et s\u2019est ouvert de mani\u00e8re tr\u00e8s intime. Il avait encore beaucoup d\u2019\u00e9motion et de tendresse pour son \u00e9pouse d\u00e9c\u00e9d\u00e9e. J\u2019apparais tr\u00e8s concentr\u00e9e \u00e0 l\u2019image mais \u00e9videmment, je retenais mes larmes.\u00a0\u00bb<\/p>\n<blockquote class=\"question\"><p>Vous n\u2019avez jamais eu peur lors de ce premier \u00e9pisode\u00a0?<\/p><\/blockquote>\n<p>Zo\u00e9\u00a0: \u00ab\u00a0Avec Louise, on a d\u00e9velopp\u00e9 un double radar. On n\u2019a pas eu forc\u00e9ment un sentiment de peur parce qu\u2019avec les personnes qu\u2019on n\u2019a pas trop senties, on a un code entre nous qui nous permet d\u2019\u00e9viter ces situations.\u00a0\u00bb<\/p>\n<blockquote class=\"question\"><p>Quelle a \u00e9t\u00e9 votre plus belle rencontre sur les trois \u00e9pisodes\u00a0?<\/p><\/blockquote>\n<p>Louise\u00a0: \u00ab\u00a0Il y a eu vraiment beaucoup de tr\u00e8s belles rencontres et pour des raisons totalement diff\u00e9rentes. Certaines personnes parce qu\u2019elles nous ont fait confiance, se sont livr\u00e9es et nous ont partag\u00e9 des choses tr\u00e8s intimes et pleines d\u2019\u00e9motions. D\u2019autres parce qu\u2019on a fait des choses un peu folles et joyeuses avec elles. Les gens qu\u2019on rencontre, ce sont eux les h\u00e9ros du film.\u00a0\u00bb<\/p>\n<p>  \u00ab\u00a0\u00c7a fait 25 ans qu\u2019on se conna\u00eet avec Louise, on a grandi ensemble, comme des s\u0153urs\u00a0\u00bb<\/p>\n<blockquote class=\"question\"><p>Est-ce que ces aventures ont chang\u00e9 quelque chose en vous\u00a0?<\/p><\/blockquote>\n<p>Zo\u00e9\u00a0: \u00ab\u00a0C\u2019est tellement intense et tellement sans filet qu\u2019il faut apprendre \u00e0 l\u00e2cher prise et \u00e0 faire totalement confiance \u00e0 la fois \u00e0 soi-m\u00eame, au bin\u00f4me, \u00e0 l\u2019humanit\u00e9, \u00e0 l\u2019autre\u2026 Ce que j\u2019ai appris, c\u2019est que la bonne porte s\u2019ouvre au bon moment. Il ne faut pas paniquer et ne pas \u00eatre impatient tout de suite.\u00a0\u00bb<\/p>\n<p>Louise\u00a0: \u00ab\u00a0Je suis de nature assez confiante donc \u00e7a m\u2019a renforc\u00e9 l\u00e0-dedans. Mais j\u2019ai appris \u00e0 avoir plus d\u2019audace. Dans l\u2019\u00e9mission, il faut \u00eatre \u201cculott\u00e9es\u201d sinon on ne peut pas y arriver. Dans le premier \u00e9pisode, on va voir des p\u00eacheurs pour leur demander de nous emmener en bateau sur l\u2019\u00eele de Sein. Dans la vie de tous les jours, je ne l\u2019aurais peut-\u00eatre pas fait. Mais l\u00e0 je l\u2019ai fait. Et ce qui est magnifique, c\u2019est que quand on va voir les gens avec une audace joyeuse, ils ont envie de participer et d\u2019\u00eatre embarqu\u00e9s dans l\u2019aventure. Et \u00e7a cr\u00e9e des choses super belles.\u00a0\u00bb<\/p>\n<blockquote class=\"question\"><p>Est-ce que de telles aventures, \u00e7a renforce l\u2019amiti\u00e9\u00a0?<\/p><\/blockquote>\n<p>Zo\u00e9\u00a0: \u00ab\u00a0\u00c7a la renforce dans la mesure o\u00f9 on se d\u00e9couvre encore plus. \u00c7a fait 25 ans qu\u2019on se conna\u00eet avec Louise, on a grandi ensemble, comme des s\u0153urs. Travailler dans ces conditions d\u2019aventure\u00a0: on ne s\u2019\u00e9tait jamais rencontr\u00e9es \u00e0 cet endroit-l\u00e0. On a appris \u00e0 encore mieux se conna\u00eetre.\u00a0\u00bb<\/p>\n<p>Louise\u00a0: \u00ab\u00a0Je suis compl\u00e8tement d\u2019accord. Et justement, quand on a des petits moments de tension, on les surmonte. Et le fait de les surmonter \u00e7a renforce l\u2019amiti\u00e9.\u00a0\u00bb<\/p>\n<p class=\"note\">\u00ab\u00a0Nues et culott\u00e9es\u00a0\u00bb, trois \u00e9pisodes d\u00e8s vendredi 11\u00a0juillet sur france.tv. Diffusion sur France 5 les 16\u00a0juillet (Objectif \u00eele de Sein), 23\u00a0juillet (Objectif Val de Loire) et 30\u00a0juillet (Objectif Colorado proven\u00e7al).<\/p>\n<p class=\"insetTitle\">\u00ab\u00a0Je suis arriv\u00e9e \u00e0 Saint-\u00c9tienne il y a deux ans et j\u2019ai ador\u00e9 les St\u00e9phanois\u00a0\u00bb<\/p>\n<p>Originaire de l\u2019Allier, Louise est professeur de fran\u00e7ais pour les \u00e9trangers\u00a0: \u00ab\u00a0Je donne des cours en ligne actuellement mais j\u2019ai donn\u00e9 des cours dans pas mal de pays, au Maroc, dans les Balkans\u2026\u00a0\u00bb Zo\u00e9 est com\u00e9dienne. Elle a grandi sur les routes avec ses parents dans une compagnie de th\u00e9\u00e2tre itin\u00e9rant \u00ab\u00a0jusqu\u2019\u00e0 mes douze ans. Apr\u00e8s, on s\u2019est s\u00e9dentaris\u00e9s dans l\u2019Allier un moment, c\u2019est l\u00e0 que j\u2019ai rencontr\u00e9 Louise. Apr\u00e8s, j\u2019ai encore boug\u00e9 en Bretagne puis \u00e0 Bordeaux.\u00a0\u00bb La trentenaire est arriv\u00e9e \u00e0 Saint-\u00c9tienne il y a deux ans \u00ab\u00a0pour passer mon dipl\u00f4me d\u2019\u00c9tat de professeur de th\u00e9\u00e2tre \u00e0 la Com\u00e9die de Saint-\u00c9tienne. J\u2019ai trouv\u00e9 les gens hyper sympas, vraiment. J\u2019ai ador\u00e9 les St\u00e9phanois. Et il y a un truc dans la ville, je m\u2019y suis tout de suite attach\u00e9e. J\u2019ai pos\u00e9 mes valises et pris mon appartement ici. Je pars souvent en tourn\u00e9e dans toute la France et Saint-\u00c9tienne, c\u2019est ma piste d\u2019atterrissage. C\u2019est l\u00e0 o\u00f9 je viens me reposer entre deux spectacles ou entre deux tournages.\u00a0\u00bb<\/p>\n","protected":false},"excerpt":{"rendered":"Vous vous connaissez depuis longtemps\u00a0? Zo\u00e9\u00a0: \u00ab\u00a0On s\u2019est rencontr\u00e9es dans l\u2019Allier, au coll\u00e8ge, quand on avait douze ans.&hellip;\n","protected":false},"author":2,"featured_media":241627,"comment_status":"","ping_status":"","sticky":false,"template":"","format":"standard","meta":{"footnotes":""},"categories":[9653],"tags":[1111,11,2430,1687,7539,1777,674,107,1011,27,3367,12,25,4001,7538,273,10806,104,2205,602],"class_list":{"0":"post-241626","1":"post","2":"type-post","3":"status-publish","4":"format-standard","5":"has-post-thumbnail","7":"category-saint-etienne","8":"tag-actu","9":"tag-actualites","10":"tag-auvergne-rhone-alpes","11":"tag-culture-loisirs","12":"tag-edition-loire-sud","13":"tag-eu","14":"tag-europe","15":"tag-fil-info","16":"tag-fr","17":"tag-france","18":"tag-loire","19":"tag-news","20":"tag-republique-francaise","21":"tag-saint-etienne","22":"tag-saint-etienne-ville","23":"tag-selection-de-la-redaction","24":"tag-selection-de-la-redaction-42","25":"tag-societe","26":"tag-television-medias","27":"tag-tourisme"},"share_on_mastodon":{"url":"https:\/\/pubeurope.com\/@fr\/114832673590203217","error":""},"_links":{"self":[{"href":"https:\/\/www.europesays.com\/fr\/wp-json\/wp\/v2\/posts\/241626","targetHints":{"allow":["GET"]}}],"collection":[{"href":"https:\/\/www.europesays.com\/fr\/wp-json\/wp\/v2\/posts"}],"about":[{"href":"https:\/\/www.europesays.com\/fr\/wp-json\/wp\/v2\/types\/post"}],"author":[{"embeddable":true,"href":"https:\/\/www.europesays.com\/fr\/wp-json\/wp\/v2\/users\/2"}],"replies":[{"embeddable":true,"href":"https:\/\/www.europesays.com\/fr\/wp-json\/wp\/v2\/comments?post=241626"}],"version-history":[{"count":0,"href":"https:\/\/www.europesays.com\/fr\/wp-json\/wp\/v2\/posts\/241626\/revisions"}],"wp:featuredmedia":[{"embeddable":true,"href":"https:\/\/www.europesays.com\/fr\/wp-json\/wp\/v2\/media\/241627"}],"wp:attachment":[{"href":"https:\/\/www.europesays.com\/fr\/wp-json\/wp\/v2\/media?parent=241626"}],"wp:term":[{"taxonomy":"category","embeddable":true,"href":"https:\/\/www.europesays.com\/fr\/wp-json\/wp\/v2\/categories?post=241626"},{"taxonomy":"post_tag","embeddable":true,"href":"https:\/\/www.europesays.com\/fr\/wp-json\/wp\/v2\/tags?post=241626"}],"curies":[{"name":"wp","href":"https:\/\/api.w.org\/{rel}","templated":true}]}}