{"id":241628,"date":"2025-07-11T04:18:26","date_gmt":"2025-07-11T04:18:26","guid":{"rendered":"https:\/\/www.europesays.com\/fr\/241628\/"},"modified":"2025-07-11T04:18:26","modified_gmt":"2025-07-11T04:18:26","slug":"shark-party-au-megarama-deux-films-pour-une-soiree-a-sensation-ce-vendredi","status":"publish","type":"post","link":"https:\/\/www.europesays.com\/fr\/241628\/","title":{"rendered":"SHARK PARTY AU MEGARAMA : DEUX FILMS POUR UNE SOIR\u00c9E \u00c0 SENSATION CE VENDREDI"},"content":{"rendered":"<p>                <a href=\"https:\/\/cadenceradio.fr\" target=\"_blank\" aria-label=\"Banni\u00e8re Cadence 2025\" rel=\"noopener\"><img loading=\"lazy\" decoding=\"async\" src=\"https:\/\/www.europesays.com\/fr\/wp-content\/uploads\/2025\/07\/Banniere-Cadence-2025-scaled.jpg\" alt=\"\"   width=\"2560\" height=\"738\"\/><\/a><\/p>\n<p> Cette \u00ab\u00a0Shark Party\u00a0\u00bb propose une double programmation entre classique ind\u00e9modable et nouveaut\u00e9 en avant-premi\u00e8re pour les amateurs de sensations fortes.<\/p>\n<p><img loading=\"lazy\" decoding=\"async\" width=\"1024\" height=\"526\" src=\"https:\/\/www.europesays.com\/fr\/wp-content\/uploads\/2025\/07\/web-shark-partybd330-w1265-h650-rcrop-1024x526.png\" alt=\"\" class=\"wp-image-57179\"  \/><\/p>\n<p>L\u2019\u00e9v\u00e9nement \u00ab\u00a0Megafrissons\u00a0\u00bb du Megarama trouve son apoth\u00e9e avec cette soir\u00e9e th\u00e9matique enti\u00e8rement consacr\u00e9e aux pr\u00e9dateurs marins. \u00c0 19h30, place \u00e0 la l\u00e9gende avec la r\u00e9\u00e9dition des \u00ab\u00a0Dents de la Mer\u00a0\u00bb de Steven Spielberg. Ce chef-d\u2019\u0153uvre du suspense c\u00e9l\u00e8bre cette ann\u00e9e son 50\u00e8me anniversaire, occasion parfaite pour red\u00e9couvrir sur grand \u00e9cran ce film qui a marqu\u00e9 l\u2019histoire du cin\u00e9ma.<\/p>\n<p>Un Spielberg qui n\u2019a pas pris une ride<\/p>\n<p>Malgr\u00e9 ses cinq d\u00e9cennies d\u2019existence, \u00ab\u00a0<strong>Les Dents de la Mer<\/strong>\u00a0\u00bb conserve intact son pouvoir de fascination et de terreur. La ma\u00eetrise technique de Spielberg et la mythique bande sonore de John Williams continuent de faire frissonner les spectateurs.<\/p>\n<p>Dangerous Animals : l\u2019avant-premi\u00e8re qui intrigue<\/p>\n<p>\u00c0 22h, changement d\u2019ambiance avec l\u2019avant-premi\u00e8re de \u00ab\u00a0<strong>Dangerous Animals<\/strong>\u00ab\u00a0, film in\u00e9dit qui promet de renouveler le genre. Cette exclusivit\u00e9 temporaire offre aux spectateurs st\u00e9phanois le privil\u00e8ge de d\u00e9couvrir en avant-premi\u00e8re cette nouvelle production. Zephyr, une surfeuse intr\u00e9pide au temp\u00e9rament libre est kidnapp\u00e9e par un tueur en s\u00e9rie obs\u00e9d\u00e9 par les requins. S\u00e9questr\u00e9e sur son bateau et confront\u00e9e \u00e0 la folie de son ravisseur, elle va devoir se battre pour survivre face \u00e0 tous les pr\u00e9dateurs.<\/p>\n","protected":false},"excerpt":{"rendered":"Cette \u00ab\u00a0Shark Party\u00a0\u00bb propose une double programmation entre classique ind\u00e9modable et nouveaut\u00e9 en avant-premi\u00e8re pour les amateurs de&hellip;\n","protected":false},"author":2,"featured_media":241629,"comment_status":"","ping_status":"","sticky":false,"template":"","format":"standard","meta":{"footnotes":""},"categories":[9653],"tags":[1111,11,2430,650,1777,674,1011,27,3367,10905,12,25,4001],"class_list":{"0":"post-241628","1":"post","2":"type-post","3":"status-publish","4":"format-standard","5":"has-post-thumbnail","7":"category-saint-etienne","8":"tag-actu","9":"tag-actualites","10":"tag-auvergne-rhone-alpes","11":"tag-cinema","12":"tag-eu","13":"tag-europe","14":"tag-fr","15":"tag-france","16":"tag-loire","17":"tag-megarama","18":"tag-news","19":"tag-republique-francaise","20":"tag-saint-etienne"},"share_on_mastodon":{"url":"https:\/\/pubeurope.com\/@fr\/114832677573097412","error":""},"_links":{"self":[{"href":"https:\/\/www.europesays.com\/fr\/wp-json\/wp\/v2\/posts\/241628","targetHints":{"allow":["GET"]}}],"collection":[{"href":"https:\/\/www.europesays.com\/fr\/wp-json\/wp\/v2\/posts"}],"about":[{"href":"https:\/\/www.europesays.com\/fr\/wp-json\/wp\/v2\/types\/post"}],"author":[{"embeddable":true,"href":"https:\/\/www.europesays.com\/fr\/wp-json\/wp\/v2\/users\/2"}],"replies":[{"embeddable":true,"href":"https:\/\/www.europesays.com\/fr\/wp-json\/wp\/v2\/comments?post=241628"}],"version-history":[{"count":0,"href":"https:\/\/www.europesays.com\/fr\/wp-json\/wp\/v2\/posts\/241628\/revisions"}],"wp:featuredmedia":[{"embeddable":true,"href":"https:\/\/www.europesays.com\/fr\/wp-json\/wp\/v2\/media\/241629"}],"wp:attachment":[{"href":"https:\/\/www.europesays.com\/fr\/wp-json\/wp\/v2\/media?parent=241628"}],"wp:term":[{"taxonomy":"category","embeddable":true,"href":"https:\/\/www.europesays.com\/fr\/wp-json\/wp\/v2\/categories?post=241628"},{"taxonomy":"post_tag","embeddable":true,"href":"https:\/\/www.europesays.com\/fr\/wp-json\/wp\/v2\/tags?post=241628"}],"curies":[{"name":"wp","href":"https:\/\/api.w.org\/{rel}","templated":true}]}}