{"id":241630,"date":"2025-07-11T04:19:18","date_gmt":"2025-07-11T04:19:18","guid":{"rendered":"https:\/\/www.europesays.com\/fr\/241630\/"},"modified":"2025-07-11T04:19:18","modified_gmt":"2025-07-11T04:19:18","slug":"longwy-si-toit-lien-a-la-rencontre-des-habitants-du-quartier-voltaire","status":"publish","type":"post","link":"https:\/\/www.europesays.com\/fr\/241630\/","title":{"rendered":"Longwy. Si Toit Lien \u00e0 la rencontre des habitants du quartier Voltaire"},"content":{"rendered":"<p>Mercredi apr\u00e8s-midi, des repr\u00e9sentants de l\u2019association Si Toit Lien s\u2019installent au milieu des blocs blanch\u00e2tres de la cit\u00e9 Voltaire, \u00e0 Longwy. Malgr\u00e9 le vent qui balaie leurs flyers, le groupe rencontre un certain succ\u00e8s. Une horde d\u2019enfants s\u2019amasse autour d\u2019une table, et deux b\u00e9n\u00e9voles leur proposent un jeu sur les droits et les devoirs des propri\u00e9taires et des locataires. Les jeunes s\u2019y impliquent de bon c\u0153ur.<\/p>\n<p>Le principal champ d\u2019action de l\u2019association est la lutte contre le mal-logement. Si Toit Lien travaille d\u2019ailleurs en partenariat avec la Caisse d\u2019allocation familiale et l\u2019Agence&#8230;<\/p>\n","protected":false},"excerpt":{"rendered":"Mercredi apr\u00e8s-midi, des repr\u00e9sentants de l\u2019association Si Toit Lien s\u2019installent au milieu des blocs blanch\u00e2tres de la cit\u00e9&hellip;\n","protected":false},"author":2,"featured_media":241631,"comment_status":"","ping_status":"","sticky":false,"template":"","format":"standard","meta":{"footnotes":""},"categories":[9635],"tags":[1111,11,14238,1777,674,1011,27,775,1908,15832,15833,1702,12,25,71,801,104],"class_list":{"0":"post-241630","1":"post","2":"type-post","3":"status-publish","4":"format-standard","5":"has-post-thumbnail","7":"category-nancy","8":"tag-actu","9":"tag-actualites","10":"tag-edition-longwy","11":"tag-eu","12":"tag-europe","13":"tag-fr","14":"tag-france","15":"tag-grand-est","16":"tag-logement","17":"tag-longwy","18":"tag-longwy-ville-54e","19":"tag-nancy","20":"tag-news","21":"tag-republique-francaise","22":"tag-sante","23":"tag-social","24":"tag-societe"},"share_on_mastodon":{"url":"https:\/\/pubeurope.com\/@fr\/114832681617789050","error":""},"_links":{"self":[{"href":"https:\/\/www.europesays.com\/fr\/wp-json\/wp\/v2\/posts\/241630","targetHints":{"allow":["GET"]}}],"collection":[{"href":"https:\/\/www.europesays.com\/fr\/wp-json\/wp\/v2\/posts"}],"about":[{"href":"https:\/\/www.europesays.com\/fr\/wp-json\/wp\/v2\/types\/post"}],"author":[{"embeddable":true,"href":"https:\/\/www.europesays.com\/fr\/wp-json\/wp\/v2\/users\/2"}],"replies":[{"embeddable":true,"href":"https:\/\/www.europesays.com\/fr\/wp-json\/wp\/v2\/comments?post=241630"}],"version-history":[{"count":0,"href":"https:\/\/www.europesays.com\/fr\/wp-json\/wp\/v2\/posts\/241630\/revisions"}],"wp:featuredmedia":[{"embeddable":true,"href":"https:\/\/www.europesays.com\/fr\/wp-json\/wp\/v2\/media\/241631"}],"wp:attachment":[{"href":"https:\/\/www.europesays.com\/fr\/wp-json\/wp\/v2\/media?parent=241630"}],"wp:term":[{"taxonomy":"category","embeddable":true,"href":"https:\/\/www.europesays.com\/fr\/wp-json\/wp\/v2\/categories?post=241630"},{"taxonomy":"post_tag","embeddable":true,"href":"https:\/\/www.europesays.com\/fr\/wp-json\/wp\/v2\/tags?post=241630"}],"curies":[{"name":"wp","href":"https:\/\/api.w.org\/{rel}","templated":true}]}}