{"id":241638,"date":"2025-07-11T04:27:12","date_gmt":"2025-07-11T04:27:12","guid":{"rendered":"https:\/\/www.europesays.com\/fr\/241638\/"},"modified":"2025-07-11T04:27:12","modified_gmt":"2025-07-11T04:27:12","slug":"intrusions-mort-dun-chien-excrements-pres-de-rouen-les-squatteurs-terrorisent-une-famille","status":"publish","type":"post","link":"https:\/\/www.europesays.com\/fr\/241638\/","title":{"rendered":"Intrusions, mort d&rsquo;un chien, excr\u00e9ments&#8230; Pr\u00e8s de Rouen, les squatteurs terrorisent une famille"},"content":{"rendered":"<p>            Par<br \/>\n        <strong><br \/>\n            <a href=\"https:\/\/actu.fr\/auteur\/chloe-lentier\" title=\"Consulter tous les articles de Chlo\u00e9 LENTIER\" target=\"_blank\" rel=\"noopener\">Chlo\u00e9 LENTIER<\/a><br \/>\n        <\/strong><\/p>\n<p>        Publi\u00e9 le<\/p>\n<p>            10 juil. 2025 \u00e0 22h00        <\/p>\n<p>Des <b>coups violents<\/b> contre la porte, des <b>bruits incessants<\/b>, un climat de peur et d\u2019ins\u00e9curit\u00e9\u2026 Et face \u00e0 \u00e7a, plus d\u2019une trentaine de mails, des <b>dizaines d\u2019appels<\/b>, et des relances pour alerter sur la situation. En vain, selon elle.<\/p>\n<p class=\" wall-content\">Depuis plusieurs mois, c\u2019est le quotidien de Manon L., arriv\u00e9e il y a un an dans son<b> <\/b>appartement, <b>quartier du Puchot<\/b>, \u00e0 <a href=\"https:\/\/actu.fr\/normandie\/elbeuf_76231\" target=\"_blank\" rel=\"noopener\">Elbeuf<\/a> (Seine-Maritime).<\/p>\n<p class=\" wall-content\">\u00ab Vous trouvez \u00e7a normal ? \u00bb s\u2019indigne-t-elle. Apr\u00e8s des dizaines d\u2019appels \u00e0 la police, plus de <b>trente mails<\/b> envoy\u00e9s \u00e0 son bailleur, <b>EBS Habitat<\/b>, et autant de relances rest\u00e9es sans suite, cette m\u00e8re de deux fillettes a fini par fuir l\u2019appartement.<\/p>\n<p class=\" wall-content\">\u00ab Ce n\u2019est plus possible de vivre ici \u00bb, d\u00e9nonce-t-elle.<\/p>\n<p>D\u00e9sillusion<\/p>\n<p class=\" wall-content\">Juin 2024. Manon quitte son appartement <a href=\"https:\/\/actu.fr\/normandie\/elbeuf_76231\/pres-de-rouen-avant-la-concertation-deja-des-pistes-pour-transformer-cette-grande-rue-commercante_62464960.html\" target=\"_blank\" rel=\"noopener\">rue des Martyrs<\/a>, \u00e0 Elbeuf, pour s\u2019installer au Puchot. La raison est simple : \u00e0 la suite d\u2019un accident qui a alt\u00e9r\u00e9 sa mobilit\u00e9, elle a besoin d\u2019un <b>ascenseur<\/b>.<\/p>\n<p>Vid\u00e9os : en ce moment sur Actu<\/p>\n<p class=\" wall-content\">Mais \u00e0 peine les cartons pos\u00e9s, les ennuis commencent : <b>l\u2019immeuble est<\/b> <b>squatt\u00e9<\/b> par des individus ext\u00e9rieurs. Des coups frapp\u00e9s violemment \u00e0 sa porte, des <b>croix noires<\/b> dessin\u00e9es sur le bois, des bruits jusque tard dans la nuit\u2026<\/p>\n<p>    <img   decoding=\"async\" loading=\"lazy\" class=\"size-large\" src=\"https:\/\/www.europesays.com\/fr\/wp-content\/uploads\/2025\/07\/b5ec078a1078699ec078a10786dec0v-768x640.jpg\" alt=\"Elbeuf Puchot porte tagu\u00e9e\" width=\"768\" height=\"640\"\/><br \/>\n    Un jour, la famille a retrouv\u00e9 sa porte tagu\u00e9e d\u2019une croix noire. \u00a9Photo transmise par Manon L.<\/p>\n<p class=\" wall-content\">Alors, lorsque Manon d\u00e9cide de monter au grenier, avec sa voisine, aussi agac\u00e9e par ces incivilit\u00e9s, c\u2019est la stup\u00e9faction : des <b>d\u00e9jections humaines<\/b>, des <b>canettes de bi\u00e8re<\/b>, des <b>cigarettes<\/b> et des <b>joints<\/b>.<\/p>\n<p class=\" wall-content\">Et rien ne peut arr\u00eater les <b>squatteurs<\/b>, puisque la porte coulissante en bas de l\u2019immeuble ne fonctionne plus. \u00ab Le soir je rentrais tard apr\u00e8s mon travail, j\u2019ai toujours eu peur de tomber nez-\u00e0-nez avec l\u2019un des squatteurs \u00bb, confie Manon.<\/p>\n<p>Des alertes sans r\u00e9ponses<\/p>\n<p class=\" wall-content\">Face \u00e0 cette situation, elle tente d<b>\u2018alerter<\/b> tout le monde, mais chacun se renvoie la balle. \u00ab La police m\u2019a dit qu\u2019il n\u2019y avait pas de patrouille et qu\u2019elle verrait si elle passait. EBS m\u2019a dit de voir avec la police\u2026 \u00bb<\/p>\n<p class=\" wall-content\">Pour se rassurer, elle installe une <b>cam\u00e9ra<\/b> dans son appartement. Pas sur le palier, car EBS Habitat a refus\u00e9 malgr\u00e9 l\u2019accord de ses voisins, mais \u00e0 l\u2019int\u00e9rieur, juste pour surveiller ce qu\u2019il s\u2019y passe quand elle n\u2019est pas l\u00e0.<\/p>\n<p>Deux drames en pleine journ\u00e9e<\/p>\n<p class=\" wall-content\">C\u2019est gr\u00e2ce \u00e0 cette cam\u00e9ra que Manon re\u00e7oit, un apr\u00e8s-midi de juin, une alerte : des <b>mouvements<\/b> dans son logement alors qu\u2019il est vide. Elle se connecte et voit des mouvements. Son chien, un malinois, se met \u00e0 aboyer. La serrure finit par c\u00e9der. Paniqu\u00e9, l\u2019animal cherche \u00e0 <b>fuir<\/b>. Sa seule issue ? La fen\u00eatre. Il <b>saute du 11e \u00e9tage<\/b>.<\/p>\n<p class=\" wall-content\">\u00ab Quand on est arriv\u00e9s avec mon conjoint, on l\u2019a cherch\u00e9 partout dans l\u2019appartement. On a regard\u00e9 par la <b>fen\u00eatre<\/b>, il \u00e9tait en bas. Pas une goutte de sang, mais le c\u0153ur n\u2019a pas tenu. Le v\u00e9t\u00e9rinaire a parl\u00e9 d\u2019un arr\u00eat cardiaque. Il a eu la trouille. \u00bb Le choc est immense pour la famille.<\/p>\n<blockquote class=\"ac-article-quote wall-content\">\n<p>Comment expliquer \u00e0 une enfant de huit ans que son chien est mort pendant qu\u2019elle \u00e9tait \u00e0 l\u2019\u00e9cole ?<\/p>\n<p>Manon L., habitante du quartier du Puchot \u00e0 Elbeuf<\/p><\/blockquote>\n<p class=\" wall-content\">Quelques jours plus tard,<b> nouvelle intrusion<\/b>. Cette fois, Manon est chez elle, avec ses deux filles. Deux individus v\u00eatus de noir s\u2019introduisent dans l\u2019appartement. Elle n\u2019a qu\u2019un r\u00e9flexe : mettre ses enfants \u00e0 l\u2019<b>abri<\/b> et se saisir d\u2019un couteau de cuisine.<\/p>\n<p class=\" wall-content\">Elle touche l\u2019un des intrus \u00e0 la jambe. Il recule, la fusille du regard, puis s\u2019en va. Elle appelle la police, sans r\u00e9ponse. Ce sont ses voisins, venus lui porter secours, qui r\u00e9ussiront \u00e0 faire venir une patrouille.<\/p>\n<p>\u00ab On paie un loyer pour vivre dans la peur \u00bb<\/p>\n<p class=\" wall-content\">L\u2019ins\u00e9curit\u00e9 n\u2019est pas le seul probl\u00e8me. Les deux ascenseurs dysfonctionnent, et un s\u2019arr\u00eate au <b>10e \u00e9tage<\/b>. Pour Manon, avec ses difficult\u00e9s de mobilit\u00e9, monter les<b> marches<\/b> est un d\u00e9fi quotidien. \u00ab J\u2019ai harcel\u00e9 l\u2019agence pour qu\u2019ils interviennent. On m\u2019a r\u00e9pondu : pas avant le mois d\u2019ao\u00fbt ! \u00bb s\u2019indigne-t-elle.<\/p>\n<p class=\" wall-content\">Pendant ce temps, les livreurs refusent de monter les \u00e9tages pour distribuer les <b>courses<\/b> aux personnes \u00e2g\u00e9es.<\/p>\n<p class=\" wall-content\">Aujourd\u2019hui, Manon est partie se r\u00e9fugier chez sa m\u00e8re, avec ses enfants. La plus grande refuse d\u2019entendre parler de l\u2019appartement, <b>traumatis\u00e9e<\/b> par les deux drames.<\/p>\n<p class=\" wall-content\">La m\u00e8re de famille, elle, attend toujours une r\u00e9action de son bailleur. \u00ab Un geste, une prise en charge, une excuse\u2026 n\u2019importe quoi. Mais je n\u2019ai rien eu. \u00bb Selon elle, \u00e0 cause de ces faits, quatre familles ont quitt\u00e9 l\u2019immeuble ces derni\u00e8res semaines. Les <b>squatteurs<\/b>, eux, sont toujours l\u00e0.<\/p>\n<p class=\" wall-content\">Suivez toute l\u2019actualit\u00e9 de vos villes et m\u00e9dias favoris en vous inscrivant \u00e0 <a href=\"https:\/\/moncompte.actu.fr\" title=\"D\u00e9couvez Mon Actu\" rel=\"nofollow noopener\" data-trk=\"{&quot;cta&quot;:{&quot;action&quot;:&quot;https:\\\/\\\/moncompte.actu.fr&quot;,&quot;category&quot;:&quot;mon compte&quot;,&quot;from&quot;:&quot;article footer&quot;,&quot;name&quot;:&quot;Mon actu&quot;,&quot;type&quot;:&quot;cta&quot;}}\" target=\"_blank\">Mon Actu<\/a>.<\/p>\n","protected":false},"excerpt":{"rendered":"Par Chlo\u00e9 LENTIER Publi\u00e9 le 10 juil. 2025 \u00e0 22h00 Des coups violents contre la porte, des bruits&hellip;\n","protected":false},"author":2,"featured_media":241639,"comment_status":"","ping_status":"","sticky":false,"template":"","format":"standard","meta":{"footnotes":""},"categories":[9587],"tags":[1111,11,1174,1777,674,1011,27,2825,1908,12,5161,25,9590,104],"class_list":{"0":"post-241638","1":"post","2":"type-post","3":"status-publish","4":"format-standard","5":"has-post-thumbnail","7":"category-rouen","8":"tag-actu","9":"tag-actualites","10":"tag-cambriolage","11":"tag-eu","12":"tag-europe","13":"tag-fr","14":"tag-france","15":"tag-insecurite","16":"tag-logement","17":"tag-news","18":"tag-normandie","19":"tag-republique-francaise","20":"tag-rouen","21":"tag-societe"},"share_on_mastodon":{"url":"https:\/\/pubeurope.com\/@fr\/114832712914112353","error":""},"_links":{"self":[{"href":"https:\/\/www.europesays.com\/fr\/wp-json\/wp\/v2\/posts\/241638","targetHints":{"allow":["GET"]}}],"collection":[{"href":"https:\/\/www.europesays.com\/fr\/wp-json\/wp\/v2\/posts"}],"about":[{"href":"https:\/\/www.europesays.com\/fr\/wp-json\/wp\/v2\/types\/post"}],"author":[{"embeddable":true,"href":"https:\/\/www.europesays.com\/fr\/wp-json\/wp\/v2\/users\/2"}],"replies":[{"embeddable":true,"href":"https:\/\/www.europesays.com\/fr\/wp-json\/wp\/v2\/comments?post=241638"}],"version-history":[{"count":0,"href":"https:\/\/www.europesays.com\/fr\/wp-json\/wp\/v2\/posts\/241638\/revisions"}],"wp:featuredmedia":[{"embeddable":true,"href":"https:\/\/www.europesays.com\/fr\/wp-json\/wp\/v2\/media\/241639"}],"wp:attachment":[{"href":"https:\/\/www.europesays.com\/fr\/wp-json\/wp\/v2\/media?parent=241638"}],"wp:term":[{"taxonomy":"category","embeddable":true,"href":"https:\/\/www.europesays.com\/fr\/wp-json\/wp\/v2\/categories?post=241638"},{"taxonomy":"post_tag","embeddable":true,"href":"https:\/\/www.europesays.com\/fr\/wp-json\/wp\/v2\/tags?post=241638"}],"curies":[{"name":"wp","href":"https:\/\/api.w.org\/{rel}","templated":true}]}}