{"id":241640,"date":"2025-07-11T04:29:14","date_gmt":"2025-07-11T04:29:14","guid":{"rendered":"https:\/\/www.europesays.com\/fr\/241640\/"},"modified":"2025-07-11T04:29:14","modified_gmt":"2025-07-11T04:29:14","slug":"le-world-trade-center-ferme-ses-portes","status":"publish","type":"post","link":"https:\/\/www.europesays.com\/fr\/241640\/","title":{"rendered":"LE WORLD TRADE CENTER FERME SES PORTES"},"content":{"rendered":"<p>Posted On 11 juillet 2025 <\/p>\n<p>Quelle que soit la formulation choisie , <a target=\"_blank\" href=\"https:\/\/www.grenoblemag.com\/article\/1899\/europole-a-grenoble-le-world-trade-center-fermera-ses-portes-en-fin-d-annee\" rel=\"noopener\">l&rsquo;annonce par GrenobleMag de la fermeture du Wordl Trade Center<\/a> au 31 d\u00e9cembre, le licenciement de ses 5 salari\u00e9s,\u00a0 sont confirm\u00e9s. Pierre Streiff, le Pr\u00e9sident de la Chambre de Commerce et d&rsquo;Industrie qui ne veut probablement f\u00e2cher personne \u00e9voque un \u00ab\u00a0red\u00e9ploiement\u00a0\u00bb &#8230;<\/p>\n<p>De l&rsquo;ordre de 200 \u00e9v\u00e8nements par an se d\u00e9roulaient sur ce site au coeur d&rsquo;Europole le quartier lanc\u00e9 par la municipalit\u00e9 Carignon qui y a implant\u00e9 l&rsquo;\u00e9cole de commerce ( GEM) le Palais de Justice,,le si\u00e8ge de GEG, les municipalit\u00e9s suivantes se contentant de vendre le foncier acquis par ses pr\u00e9d\u00e9cesseurs pour du logement. Plus simple.\u00a0<\/p>\n<p><a href=\"https:\/\/i1.wp.com\/grenoble-le-changement.fr\/wp-content\/uploads\/2025\/07\/23551341.jpg.750x480_q85_crop_upscale.jpg?ssl=1\" rel=\"lightbox[83220] noopener\" target=\"_blank\"><img decoding=\"async\" data-id=\"83221\" src=\"https:\/\/i1.wp.com\/grenoble-le-changement.fr\/wp-content\/uploads\/2025\/07\/23551341.jpg.750x480_q85_crop_upscale.jpg?w=678&amp;ssl=1\" alt=\"\" class=\"wp-image-83221 jetpack-lazy-image\" data-recalc-dims=\"1\" data-lazy-src=\"https:\/\/www.europesays.com\/fr\/wp-content\/uploads\/2025\/07\/23551341.jpg.750x480_q85_crop_upscale.jpg\" \/><\/a><br \/>\n\u00a0\u00bb un nouveau coup dur pour l&rsquo;image de Grenoble \u00ab\u00a0<a target=\"_blank\" href=\"https:\/\/www.grenoblemag.com\/article\/1899\/europole-a-grenoble-le-world-trade-center-fermera-ses-portes-en-fin-d-annee\" rel=\"noopener\"> selon GrenobleMag<\/a><\/p>\n<p><strong>UN AUDITORIUM DE 900 PLACES PLUS DEMAND\u00c9<\/strong><\/p>\n<p>Evidemment si le chiffre d&rsquo;affaires avait \u00e9t\u00e9 maintenu par <a href=\"https:\/\/grenoble-le-changement.fr\/2019\/05\/08\/tourisme-et-congres-e-piolle-neffacera-pas-son-bilan\/\" target=\"_blank\" rel=\"noopener\">une demande forte de s\u00e9minaires, de congr\u00e8s ,<\/a> l&rsquo;auditorium de 900 places et les 15 salles de r\u00e9unions modulables auraient continu\u00e9 \u00e0 faire le plein.\u00a0<\/p>\n<p>Au centre d&rsquo;un noeud de transports collectifs exceptionnel ( Train\/Tram) , avec un parking souterrain de 1000 places\u00a0 ( merci qui?) le Wordl Trade Center disposait de tous les atouts pour r\u00e9ussir. Comme avec tout ce qui marche \u00e0 Grenoble, la municipalit\u00e9 a tout fait pour tout g\u00e2cher.\u00a0<\/p>\n<p><strong>DES FAMILLES REFUSENT QUE LEURS ENFANTS FASSENT LEURS \u00c9TUDES \u00e0 GRENOBLE<\/strong><\/p>\n<p>M\u00eame les liaisons ferroviaires Paris\/Grenoble en TGV \u00ab\u00a0teufteuf \u00ab\u00a0se sont d\u00e9grad\u00e9es. Souvent, plus que trois directs par jour . <a href=\"https:\/\/grenoble-le-changement.fr\/2025\/07\/08\/grenoble-encore-confirmee-comme-lanterne-rouge-pour-la-securite\/\" target=\"_blank\" rel=\"noopener\">Mais bien entendu l&rsquo;ins\u00e9curit\u00e9 end\u00e9mique,<\/a> un <a href=\"https:\/\/grenoble-le-changement.fr\/2024\/05\/11\/centre-ville-un-immense-sentiment-de-frustration-chez-les-habitantsuhcv\/\" target=\"_blank\" rel=\"noopener\">centre ville proche abim\u00e9<\/a> ont amen\u00e9 nombre de renoncements et de r\u00e9tractations \u00e0 l&rsquo;\u00e9gard de Grenoble.\u00a0 Ce n&rsquo;est un secret pour personne que des familles refusent que leurs enfants viennent faire leurs \u00e9tudes \u00e0 Grenoble, y compris apr\u00e8s avoir \u00e9t\u00e9 admis \u00e0 GEM&#8230;<\/p>\n<p><strong>J.LONGO : DEUX FOIS SA VOITURE CASS\u00c9E NE VIENT PLUS \u00e0 GRENOBLE<\/strong><\/p>\n<p>Une Jeannie Longo, qui expliquait au DL qu&rsquo;elle ne descendait plus \u00e0 Grenoble depuis St Martin le Vinoux car les deux derni\u00e8res fois qu&rsquo;elle \u00e9tait venu faire son march\u00e9 ( bio) sa voiture avait \u00e9t\u00e9 cass\u00e9e, r\u00e9sume le \u00a0\u00bb sentiment\u00a0\u00bb mille fois entendu de pr\u00e8s ou de loin de Grenoble. La ville est devenue infernale, non maitris\u00e9e.\u00a0<\/p>\n<p><a href=\"https:\/\/i2.wp.com\/grenoble-le-changement.fr\/wp-content\/uploads\/2025\/07\/Capture-de\u0301cran-2025-07-10-a\u0300-10.00.13.png?ssl=1\" rel=\"lightbox[83220] noopener\" target=\"_blank\"><img decoding=\"async\" data-id=\"83224\" src=\"https:\/\/i2.wp.com\/grenoble-le-changement.fr\/wp-content\/uploads\/2025\/07\/Capture-de\u0301cran-2025-07-10-a\u0300-10.00.13.png?resize=678%2C696&amp;ssl=1\" alt=\"\" class=\"wp-image-83224 jetpack-lazy-image\" data-recalc-dims=\"1\" data-lazy-src=\"https:\/\/i2.wp.com\/grenoble-le-changement.fr\/wp-content\/uploads\/2025\/07\/Capture-de\u0301cran-2025-07-10-a\u0300-10.00.13.png?resize=678%2C696&amp;is-pending-load=1#038;ssl=1\" \/><\/a><\/p>\n<p><a href=\"https:\/\/i0.wp.com\/grenoble-le-changement.fr\/wp-content\/uploads\/2025\/07\/Capture-de\u0301cran-2025-07-10-a\u0300-10.00.54.png?ssl=1\" rel=\"lightbox[83220] noopener\" target=\"_blank\"><img decoding=\"async\" data-id=\"83225\" src=\"https:\/\/i0.wp.com\/grenoble-le-changement.fr\/wp-content\/uploads\/2025\/07\/Capture-de\u0301cran-2025-07-10-a\u0300-10.00.54.png?resize=678%2C674&amp;ssl=1\" alt=\"\" class=\"wp-image-83225 jetpack-lazy-image\" data-recalc-dims=\"1\" data-lazy-src=\"https:\/\/i0.wp.com\/grenoble-le-changement.fr\/wp-content\/uploads\/2025\/07\/Capture-de\u0301cran-2025-07-10-a\u0300-10.00.54.png?resize=678%2C674&amp;is-pending-load=1#038;ssl=1\" \/><\/a><\/p>\n<p><a href=\"https:\/\/i0.wp.com\/grenoble-le-changement.fr\/wp-content\/uploads\/2025\/07\/Capture-de\u0301cran-2025-07-10-a\u0300-09.59.45.png?ssl=1\" rel=\"lightbox[83220] noopener\" target=\"_blank\"><img decoding=\"async\" data-id=\"83223\" src=\"https:\/\/i0.wp.com\/grenoble-le-changement.fr\/wp-content\/uploads\/2025\/07\/Capture-de\u0301cran-2025-07-10-a\u0300-09.59.45.png?resize=678%2C687&amp;ssl=1\" alt=\"\" class=\"wp-image-83223 jetpack-lazy-image\" data-recalc-dims=\"1\" data-lazy-src=\"https:\/\/i0.wp.com\/grenoble-le-changement.fr\/wp-content\/uploads\/2025\/07\/Capture-de\u0301cran-2025-07-10-a\u0300-09.59.45.png?resize=678%2C687&amp;is-pending-load=1#038;ssl=1\" \/><\/a><br \/>\nApr\u00e8s avoir travers\u00e9 le souterrain de la gare depuis le Wordl Trade Center on d\u00e9couvre le centre de Grenoble: la friche du China Moon qui ouvre les avenues F\u00e9lix Viallet et Alsace Lorraine, ( \u00e0 droite)  et cette derni\u00e8re avenue, cour des Miracles  ( images de la semaine derni\u00e8re) .Seule la Brasserie  Marsellus a relev\u00e9 avec succ\u00e8s le gant de la qualit\u00e9 <\/p>\n<p><strong>LE SPECTACLE D\u00c9SOLANT DE LA GARE \/ ALSACE LORRAINE<\/strong><\/p>\n<p>Europole est encercl\u00e9e par le tr\u00e8s riant quartier Berriat dont la d\u00e9gradation inqui\u00e8te m\u00eame les plus gauchos de ses habitants et le centre ville auquel les visiteurs du Wordl Trade Center peuvent ais\u00e9ment acc\u00e9der par le passage souterrain de la gare.<\/p>\n<p>Mais le spectacle de la place de la gare &#8211; elle m\u00eame la proie de pick- pockets-\u00a0 est \u00e9difiant . La friche du China Moon envahie de tags et d&rsquo;affiches ouvre les avenues F\u00e9lix Viallet et Alsace Lorraine depuis plusieurs ann\u00e9es et cette derni\u00e8re est devenue une cour des miracles , les mendiants avin\u00e9s s&rsquo;\u00e9tant install\u00e9s devant les Casinos . Sur quatre rez-de-chauss\u00e9es du carrefour Jaur\u00e8s\/Alsace Lorraine, avec deux arr\u00eats de tram, trois emplacements commerciaux\u00a0 immenses et superbement plac\u00e9s sont vides, tagu\u00e9s, abim\u00e9s\u00a0 ! Accentuant cette impression de d\u00e9solation.<\/p>\n<p><strong>LE NOMBRE DE VISITEURS CONGRESSISTES S&rsquo;EST AMENUIS\u00c9<\/strong><\/p>\n<p>On comprend que le nombre de visiteurs-congressistes se soit amenuis\u00e9. Pierre Streiff habille cette retraite en \u00e9voquant la r\u00e9utilisation des locaux par GEM avec les \u00e9l\u00e9ments de langage de la Doxa locale sur \u00ab\u00a0la r\u00e9duction de l\u2019empreinte environnementale de Gem, en limitant les d\u00e9placements et la location de sites ext\u00e9rieurs pour ses activit\u00e9s \u00ab\u00a0. On pourrait ajouter que moins de congr\u00e8s \u00e0 Grenoble c&rsquo;est bon pour la plan\u00e8te.\u00a0<\/p>\n<p>On n&rsquo;entrera pas dans le d\u00e9bat sur les causes du d\u00e9ficit de GEM \u00e9voqu\u00e9es par le Pr\u00e9sident de la CCI , contest\u00e9es <a target=\"_blank\" href=\"https:\/\/www.placegrenet.fr\/2025\/07\/09\/deficit-herite-de-lancienne-gouvernance-de-gem-lex-directeur-loick-roche-dement-et-demande-la-transparence-complete-a-la-cci-de-grenoble\/655743\" rel=\"noopener\">\u00a0par son ancien directeur , Lo\u00efck Roche dans Place Gre&rsquo;Net.<\/a> C&rsquo;est une controverse\u00a0 qui doit demeurer interne.<\/p>\n<p><a href=\"https:\/\/i2.wp.com\/grenoble-le-changement.fr\/wp-content\/uploads\/2025\/07\/download-2.jpg?ssl=1\" rel=\"lightbox[83220] noopener\" target=\"_blank\"><img decoding=\"async\" data-id=\"83228\" src=\"https:\/\/i2.wp.com\/grenoble-le-changement.fr\/wp-content\/uploads\/2025\/07\/download-2.jpg?w=678&amp;ssl=1\" alt=\"\" class=\"wp-image-83228 jetpack-lazy-image\" data-recalc-dims=\"1\" data-lazy-src=\"https:\/\/www.europesays.com\/fr\/wp-content\/uploads\/2025\/07\/download-2.jpg\" \/><\/a><\/p>\n<p><a href=\"https:\/\/i0.wp.com\/grenoble-le-changement.fr\/wp-content\/uploads\/2025\/07\/download-3.jpg?ssl=1\" rel=\"lightbox[83220] noopener\" target=\"_blank\"><img decoding=\"async\" data-id=\"83227\" src=\"https:\/\/i0.wp.com\/grenoble-le-changement.fr\/wp-content\/uploads\/2025\/07\/download-3.jpg?w=678&amp;ssl=1\" alt=\"\" class=\"wp-image-83227 jetpack-lazy-image\" data-recalc-dims=\"1\" data-lazy-src=\"https:\/\/www.europesays.com\/fr\/wp-content\/uploads\/2025\/07\/download-3.jpg\" \/><\/a><\/p>\n<p><a href=\"https:\/\/i0.wp.com\/grenoble-le-changement.fr\/wp-content\/uploads\/2025\/07\/download-1.jpg?ssl=1\" rel=\"lightbox[83220] noopener\" target=\"_blank\"><img decoding=\"async\" data-id=\"83226\" src=\"https:\/\/i0.wp.com\/grenoble-le-changement.fr\/wp-content\/uploads\/2025\/07\/download-1.jpg?w=678&amp;ssl=1\" alt=\"\" class=\"wp-image-83226 jetpack-lazy-image\" data-recalc-dims=\"1\" data-lazy-src=\"https:\/\/www.europesays.com\/fr\/wp-content\/uploads\/2025\/07\/download-1.jpg\" \/><\/a><br \/>\nla municipalit\u00e9 Carignon a lanc\u00e9 Europole en installant le si\u00e8ge de GEG, ( \u00e0 gauche) en obtenant le financement pour cr\u00e9er l&rsquo;\u00e9cole de Commerce, inaugur\u00e9e par Alain Carignon, (au centre)  lequel devenu Ministre obtiendra le nouveau Palais de Justice  ( \u00e0 droite) &#8230;. Avec la majorit\u00e9 Rouge\/Verts on ferme&#8230;<\/p>\n<p><strong>ON CHERCHE \u00e0 CAMOUFLER LA R\u00c9ALIT\u00c9<\/strong><\/p>\n<p>Globalement <a href=\"https:\/\/grenoble-le-changement.fr\/2025\/06\/09\/la-bobine-la-fabrique-opera-la-municipalite-eteint-la-lumiere\/\" target=\"_blank\" rel=\"noopener\">on \u00e9teint les lumi\u00e8res \u00e0 Grenoble.<\/a> En particulier au centre ville mais pas que. Ce \u00a0\u00bb nouveau coup dur\u00a0\u00bb partiellement camoufl\u00e9 par une r\u00e9thorique locale qui a pour objet de <a href=\"https:\/\/grenoble-le-changement.fr\/2025\/03\/10\/immobilier-dentreprise-et-commercial-les-effets-de-la-gestion-verts-lfi\/\" target=\"_blank\" rel=\"noopener\">ne pas r\u00e9v\u00e9ler la v\u00e9rit\u00e9 de la situatio<\/a>n, jette un \u00e9clairage suppl\u00e9mentaire sur la r\u00e9alit\u00e9.<\/p>\n<p>On se souvient des tentatives avort\u00e9es d&rsquo;un certain <a href=\"https:\/\/grenoble-le-changement.fr\/2020\/10\/05\/qui-est-responsable-de-la-mauvaise-image-de-grenoble\/\" target=\"_blank\" rel=\"noopener\">nombre d&rsquo;acteurs locaux de relancer la marque \u00ab\u00a0Grenoble-Alpes\u00a0\u00bb .<\/a> La bonne volont\u00e9 ne suffit pas. Sans d\u00e9signer la source du mal, impossible de corriger . C&rsquo;est \u00e0 nouveau ce qui se produit avec la fin du Wordl Trade Center.<\/p>\n<p><strong>BEAUCOUP D&rsquo;ORGANISMES PROFESSIONNELS JOUENT LES AUTRUCHES<\/strong><\/p>\n<p>Il est regrettable, pour l&rsquo;instant, que les organismes et syndicats professionnels , les op\u00e9rateurs \u00e9conomiques, <a href=\"https:\/\/grenoble-le-changement.fr\/2025\/01\/11\/grenoble-decroche-pour-limmobilier-et-multiplie-les-verrous-sur-les-proprietaires\/\" target=\"_blank\" rel=\"noopener\">ceux de l&rsquo;immobilier<\/a> , \u00e0 de rares exceptions pr\u00e8s, jouent les autruches pour ne froisser personne. Leur devoir serait <a href=\"https:\/\/grenoble-le-changement.fr\/2025\/06\/21\/zfe-tout-se-jouera-aux-elections-municipales\/\" target=\"_blank\" rel=\"noopener\">de participer activement \u00e0 la p\u00e9dagogie<\/a> afin d&rsquo;\u00e9clairer les citoyens sur les raisons de la crise in\u00e9dite que Grenoble connait. Afin de contribuer aux solutions connues qui sont \u00e0 l&rsquo;oppos\u00e9 de la politique locale conduite par la majorit\u00e9 Rouge\/Verts.\u00a0<\/p>\n<p>Que les grenoblois choisissent le changement en 2026, ou la continuit\u00e9 avec\u00a0 <a href=\"https:\/\/grenoble-le-changement.fr\/2025\/06\/22\/les-piollistes-entament-les-combines-dappareil-autour-de-laurence-ruffin\/\" target=\"_blank\" rel=\"noopener\">Laurence Ruffin<\/a>, la candidate d\u00e9sign\u00e9e par Piolle, le silence de certaines forces vives sera mis \u00e0 leur d\u00e9bit : elles auront manqu\u00e9 \u00e0 la bataille de l&rsquo;attractivit\u00e9 de notre territoire.\u00a0<\/p>\n","protected":false},"excerpt":{"rendered":"Posted On 11 juillet 2025 Quelle que soit la formulation choisie , l&rsquo;annonce par GrenobleMag de la fermeture&hellip;\n","protected":false},"author":2,"featured_media":241641,"comment_status":"","ping_status":"","sticky":false,"template":"","format":"standard","meta":{"footnotes":""},"categories":[9566],"tags":[1111,11,9601,2430,9607,1777,674,38123,1011,27,38124,2731,38125,38126,12,38127,25,38128],"class_list":{"0":"post-241640","1":"post","2":"type-post","3":"status-publish","4":"format-standard","5":"has-post-thumbnail","7":"category-grenoble","8":"tag-actu","9":"tag-actualites","10":"tag-alain-carignon","11":"tag-auvergne-rhone-alpes","12":"tag-eric-piolle","13":"tag-eu","14":"tag-europe","15":"tag-europole","16":"tag-fr","17":"tag-france","18":"tag-gem","19":"tag-grenoble","20":"tag-grenoble-alpes","21":"tag-loick-roche","22":"tag-news","23":"tag-pierre-sreiff","24":"tag-republique-francaise","25":"tag-wordl-trade-center"},"share_on_mastodon":{"url":"https:\/\/pubeurope.com\/@fr\/114832721073977307","error":""},"_links":{"self":[{"href":"https:\/\/www.europesays.com\/fr\/wp-json\/wp\/v2\/posts\/241640","targetHints":{"allow":["GET"]}}],"collection":[{"href":"https:\/\/www.europesays.com\/fr\/wp-json\/wp\/v2\/posts"}],"about":[{"href":"https:\/\/www.europesays.com\/fr\/wp-json\/wp\/v2\/types\/post"}],"author":[{"embeddable":true,"href":"https:\/\/www.europesays.com\/fr\/wp-json\/wp\/v2\/users\/2"}],"replies":[{"embeddable":true,"href":"https:\/\/www.europesays.com\/fr\/wp-json\/wp\/v2\/comments?post=241640"}],"version-history":[{"count":0,"href":"https:\/\/www.europesays.com\/fr\/wp-json\/wp\/v2\/posts\/241640\/revisions"}],"wp:featuredmedia":[{"embeddable":true,"href":"https:\/\/www.europesays.com\/fr\/wp-json\/wp\/v2\/media\/241641"}],"wp:attachment":[{"href":"https:\/\/www.europesays.com\/fr\/wp-json\/wp\/v2\/media?parent=241640"}],"wp:term":[{"taxonomy":"category","embeddable":true,"href":"https:\/\/www.europesays.com\/fr\/wp-json\/wp\/v2\/categories?post=241640"},{"taxonomy":"post_tag","embeddable":true,"href":"https:\/\/www.europesays.com\/fr\/wp-json\/wp\/v2\/tags?post=241640"}],"curies":[{"name":"wp","href":"https:\/\/api.w.org\/{rel}","templated":true}]}}