{"id":241644,"date":"2025-07-11T04:32:11","date_gmt":"2025-07-11T04:32:11","guid":{"rendered":"https:\/\/www.europesays.com\/fr\/241644\/"},"modified":"2025-07-11T04:32:11","modified_gmt":"2025-07-11T04:32:11","slug":"reconcilier-strasbourg-veut-rafraichir-la-ville","status":"publish","type":"post","link":"https:\/\/www.europesays.com\/fr\/241644\/","title":{"rendered":"R\u00e9concilier Strasbourg veut rafra\u00eechir la ville"},"content":{"rendered":"<p>L\u2019endroit n\u2019est pas choisi au hasard\u00a0: l\u2019aire de jeux de Rothau d\u00e9j\u00e0 bouillante sous le soleil matinal, d\u00e9sert\u00e9e par ses occupants ce jeudi 10\u00a0juillet. \u00ab\u00a0\u00c7a d\u00e9montre un probl\u00e8me\u00a0: il n\u2019y a pas d\u2019ombre, les fontaines \u00e0 eau que nous avions install\u00e9es en 2016 sont coup\u00e9es depuis des ann\u00e9es. Planter 5\u00a0000 arbres \u00e7a ne suffit pas pour se prot\u00e9ger\u00a0\u00bb, critique Paul Meyer \u00e0 l\u2019adresse de l\u2019actuelle majorit\u00e9 \u00e9cologiste, \u00ab\u00a0en retard sur le sujet\u00a0\u00bb.<\/p>\n<p>  La volont\u00e9 d\u2019appliquer la r\u00e8gle du 3-30-300<\/p>\n<p>Pour rendre la ville \u00ab\u00a0r\u00e9siliente, agr\u00e9able et protectrice lors des chaleurs extr\u00eames\u00a0\u00bb, <a href=\"https:\/\/www.dna.fr\/elections\/2025\/07\/09\/a-strasbourg-paul-meyer-se-lance-avec-nawel-rafik-elmrini\" target=\"_blank\" rel=\"nofollow noopener\">l\u2019\u00e9quipe du jeune mouvement R\u00e9concilier Strasbourg pr\u00e9sente ses propositions<\/a> \u00a0: \u00ab\u00a0Appliquer la r\u00e8gle du 3-30-300\u00a0: voir au moins trois arbres par les fen\u00eatres de son logement, 30\u00a0% de surface arbor\u00e9 par quartier et r\u00e9sider \u00e0 moins de 300 m\u00e8tres d\u2019un espace vert\u00a0\u00bb, r\u00e9sume dans une formule choc l\u2019ancien adjoint de Roland Ries.<\/p>\n<p>Le mouvement entend porter un \u00ab\u00a0am\u00e9nagement durable\u00a0\u00bb par un \u00ab\u00a0plan ombre qui prot\u00e9gerait les espaces publics des rayons du soleil par des v\u00e9lums et ciels de toit\u00a0\u00bb. \u00ab\u00a0C\u2019est aussi maximiser l\u2019acc\u00e8s aux refuges de fra\u00eecheur comme les mus\u00e9es, les lieux de culte ou encore des \u00e9tablissements priv\u00e9s\u00a0\u00bb, sugg\u00e8re le professeur Patrick Pessaux, chirurgien aux HUS. \u00ab\u00a0Il faut r\u00e9nover nos \u00e9coles pour mieux les prot\u00e9ger de la chaleur, et en attendant, y installer la climatisation quand c\u2019est n\u00e9cessaire.\u00a0\u00bb<\/p>\n<p>Strasbourg \u00ab\u00a0manque de points d\u2019eau publics et de toilettes. Des contrats public-priv\u00e9 sont possibles\u00a0\u00bb, pointe Paul Meyer, qui propose de rouvrir \u00e9galement le dossier de la baignade dans l\u2019Ill, disparu des radars. \u00ab\u00a0Il y a une demande dans les quartiers, aller \u00e0 la piscine c\u2019est tout de suite un budget pour une famille\u00a0\u00bb, d\u00e9plore Priscilia Bouaza, une habitante du quartier Gare, engag\u00e9e dans le mouvement.<\/p>\n<p>Nawel Rafik-Elmrini, \u00e9galement adjointe de l\u2019ancien maire, entend s\u2019attaquer \u00e0 l\u2019isolement des jeunes durant l\u2019\u00e9t\u00e9, \u00ab\u00a0notamment avec un droit aux vacances d\u2019un \u00e0 deux jours pour tous les enfants, en augmentant les subventions aux centres socioculturels et aux associations dans les quartiers.\u00a0\u00bb<\/p>\n","protected":false},"excerpt":{"rendered":"L\u2019endroit n\u2019est pas choisi au hasard\u00a0: l\u2019aire de jeux de Rothau d\u00e9j\u00e0 bouillante sous le soleil matinal, d\u00e9sert\u00e9e&hellip;\n","protected":false},"author":2,"featured_media":241645,"comment_status":"","ping_status":"","sticky":false,"template":"","format":"standard","meta":{"footnotes":""},"categories":[2820],"tags":[1111,11,1984,2880,5949,4188,436,1777,674,107,1011,27,775,12,316,5140,25,640,2879],"class_list":{"0":"post-241644","1":"post","2":"type-post","3":"status-publish","4":"format-standard","5":"has-post-thumbnail","7":"category-strasbourg","8":"tag-actu","9":"tag-actualites","10":"tag-conseil-municipal","11":"tag-edition-strasbourg","12":"tag-elections","13":"tag-elections-municipales","14":"tag-environnement","15":"tag-eu","16":"tag-europe","17":"tag-fil-info","18":"tag-fr","19":"tag-france","20":"tag-grand-est","21":"tag-news","22":"tag-politique","23":"tag-rechauffement-climatique","24":"tag-republique-francaise","25":"tag-strasbourg","26":"tag-strasbourg-ville"},"share_on_mastodon":{"url":"https:\/\/pubeurope.com\/@fr\/114832732519217773","error":""},"_links":{"self":[{"href":"https:\/\/www.europesays.com\/fr\/wp-json\/wp\/v2\/posts\/241644","targetHints":{"allow":["GET"]}}],"collection":[{"href":"https:\/\/www.europesays.com\/fr\/wp-json\/wp\/v2\/posts"}],"about":[{"href":"https:\/\/www.europesays.com\/fr\/wp-json\/wp\/v2\/types\/post"}],"author":[{"embeddable":true,"href":"https:\/\/www.europesays.com\/fr\/wp-json\/wp\/v2\/users\/2"}],"replies":[{"embeddable":true,"href":"https:\/\/www.europesays.com\/fr\/wp-json\/wp\/v2\/comments?post=241644"}],"version-history":[{"count":0,"href":"https:\/\/www.europesays.com\/fr\/wp-json\/wp\/v2\/posts\/241644\/revisions"}],"wp:featuredmedia":[{"embeddable":true,"href":"https:\/\/www.europesays.com\/fr\/wp-json\/wp\/v2\/media\/241645"}],"wp:attachment":[{"href":"https:\/\/www.europesays.com\/fr\/wp-json\/wp\/v2\/media?parent=241644"}],"wp:term":[{"taxonomy":"category","embeddable":true,"href":"https:\/\/www.europesays.com\/fr\/wp-json\/wp\/v2\/categories?post=241644"},{"taxonomy":"post_tag","embeddable":true,"href":"https:\/\/www.europesays.com\/fr\/wp-json\/wp\/v2\/tags?post=241644"}],"curies":[{"name":"wp","href":"https:\/\/api.w.org\/{rel}","templated":true}]}}