{"id":241662,"date":"2025-07-11T04:44:11","date_gmt":"2025-07-11T04:44:11","guid":{"rendered":"https:\/\/www.europesays.com\/fr\/241662\/"},"modified":"2025-07-11T04:44:11","modified_gmt":"2025-07-11T04:44:11","slug":"marseille-le-camion-est-mal-gare-le-simple-controle-de-police-tourne-au-jackpot","status":"publish","type":"post","link":"https:\/\/www.europesays.com\/fr\/241662\/","title":{"rendered":"Marseille. Le camion est mal gar\u00e9, le simple contr\u00f4le de police tourne au jackpot"},"content":{"rendered":"<p>            Par<br \/>\n        <strong><br \/>\n            <a href=\"https:\/\/actu.fr\/auteur\/fabien-binacchi\" title=\"Consulter tous les articles de Fabien Binacchi\" rel=\"nofollow noopener\" target=\"_blank\">Fabien Binacchi<\/a><br \/>\n        <\/strong><\/p>\n<p>        Publi\u00e9 le<\/p>\n<p>            11 juil. 2025 \u00e0 6h28        <\/p>\n<p>Ils partaient pour une tout autre mission.<\/p>\n<p class=\" wall-content\">Trois policiers municipaux de <a href=\"https:\/\/actu.fr\/marseille\/\" rel=\"nofollow noopener\" target=\"_blank\">Marseille<\/a>, en route pour aller fluidifier la circulation au niveau de la porte d\u2019Aix, sont tomb\u00e9s sur un camion qui les a intrigu\u00e9 ce mercredi 9 juillet 2025. <strong>Bonne pioche\u2009:<\/strong> une tr\u00e8s importante cargaison de baskets contrefaites.<\/p>\n<p class=\" wall-content\">Une personne a \u00e9t\u00e9 plac\u00e9e en garde \u00e0 vue et le v\u00e9hicule a \u00e9t\u00e9 immobilis\u00e9.<\/p>\n<p>Un camion mal stationn\u00e9<\/p>\n<p class=\" wall-content\">Si le camion n\u2019avait pas \u00e9t\u00e9 mal gar\u00e9, ce mercredi 9 juillet, devant <strong>le March\u00e9 du soleil (2e arrondissement)<\/strong>, il n\u2019aurait peut-\u00eatre pas \u00e9t\u00e9 contr\u00f4l\u00e9. C\u2019est en tout cas bien pour cette raison que des agents de <strong>la police municipale \u00e0 scooter<\/strong> se sont arr\u00eat\u00e9s pour demander des comptes au chauffeur. Et par la m\u00eame occasion jeter un \u0153il sur son chargement.<\/p>\n<p class=\" wall-content\">Les portes de la remorque sont ouvertes et les cartons entass\u00e9s leur laissent penser que les marchandises ne sont peut-\u00eatre pas tout \u00e0 fait\u2026 dans les clous.<\/p>\n<p>Vid\u00e9os : en ce moment sur ActuPlus de 600 paires de fausses TN<\/p>\n<p class=\" wall-content\">Un officier de police judiciaire de la police nationale est appel\u00e9 en renfort. Bingo\u2009: plus de 600 paires de <strong>fausses baskets Nike,<\/strong> les tr\u00e8s appr\u00e9ci\u00e9es \u00ab\u2009TN\u2009\u00bb, sont saisies.<\/p>\n<p class=\" wall-content\">\n<p class=\" wall-content\">Pr\u00e8s de 1400 euros en esp\u00e8ces sont \u00e9galement mis sous scell\u00e9s. Le v\u00e9hicule, immatricul\u00e9 dans le d\u00e9partement de la Gironde, a \u00e9t\u00e9 immobilis\u00e9 et une personne, a priori le chauffeur, a \u00e9t\u00e9 plac\u00e9e en garde \u00e0 vue, pr\u00e9cise la Ville de Marseille.<\/p>\n<p>Le March\u00e9 du soleil et les contrefa\u00e7ons<\/p>\n<p class=\" wall-content\">Ce n\u2019est pas la premi\u00e8re fois que le c\u00e9l\u00e8bre March\u00e9 du soleil fait parler de lui pour des produits contrefaits. C\u2019est m\u00eame en partie pour eux qu\u2019habitu\u00e9s et m\u00eame touristes se d\u00e9placent en nombre pour le visiter. En juillet\u00a02024, une descente (elles sont r\u00e9guli\u00e8res) avait permis de saisir <strong>plus de 1.600 de ces articles.<\/strong><\/p>\n<p class=\" wall-content\">\u00ab\u2009Notre travail, c\u2019est de g\u00e9rer, de louer les emplacements et de permettre aux gens de vendre en s\u00e9curit\u00e9. \u00c7a, en revanche, \u00e7a n\u2019est pas mon domaine, avait expliqu\u00e9 il y a quelques mois \u00e0 actu Marseille Leila Hireche, la responsable des lieux.<\/p>\n<p>    <img   decoding=\"async\" loading=\"lazy\" src=\"https:\/\/www.europesays.com\/fr\/wp-content\/uploads\/2025\/07\/img-2710-960x640.jpeg\" alt=\"Le\" width=\"960\" height=\"640\"\/><br \/>\n    Leila Hireche, la responsable du March\u00e9 du soleil. (\u00a9Archives Fabien Binacchi \/ actu Marseille)<\/p>\n<p class=\" wall-content\">\u00ab\u2009On ne peut pas contr\u00f4ler. Mais s\u2019il y a des choses comme \u00e7a, il faut taper fort et c\u2019est tout \u00e0 fait normal que les forces de l\u2019ordre interviennent. Chacun fait son travail. <strong>Tant qu\u2019il y a la police dans les parages, moi, je suis s\u00fbre qu\u2019il n\u2019y a pas de probl\u00e8me.<\/strong>\u2009\u00bb<\/p>\n<p class=\" wall-content\">Suivez toute l\u2019actualit\u00e9 de vos villes et m\u00e9dias favoris en vous inscrivant \u00e0 <a href=\"https:\/\/moncompte.actu.fr\" title=\"D\u00e9couvez Mon Actu\" rel=\"nofollow noopener\" data-trk=\"{&quot;cta&quot;:{&quot;action&quot;:&quot;https:\\\/\\\/moncompte.actu.fr&quot;,&quot;category&quot;:&quot;mon compte&quot;,&quot;from&quot;:&quot;article footer&quot;,&quot;name&quot;:&quot;Mon actu&quot;,&quot;type&quot;:&quot;cta&quot;}}\" target=\"_blank\">Mon Actu<\/a>.<\/p>\n","protected":false},"excerpt":{"rendered":"Par Fabien Binacchi Publi\u00e9 le 11 juil. 2025 \u00e0 6h28 Ils partaient pour une tout autre mission. Trois&hellip;\n","protected":false},"author":2,"featured_media":241663,"comment_status":"","ping_status":"","sticky":false,"template":"","format":"standard","meta":{"footnotes":""},"categories":[2814],"tags":[1111,11,215,1777,674,118,1011,27,884,12,1072,882,25],"class_list":{"0":"post-241662","1":"post","2":"type-post","3":"status-publish","4":"format-standard","5":"has-post-thumbnail","7":"category-marseille","8":"tag-actu","9":"tag-actualites","10":"tag-commerce","11":"tag-eu","12":"tag-europe","13":"tag-faits-divers","14":"tag-fr","15":"tag-france","16":"tag-marseille","17":"tag-news","18":"tag-police","19":"tag-provence-alpes-cote-dazur","20":"tag-republique-francaise"},"share_on_mastodon":{"url":"https:\/\/pubeurope.com\/@fr\/114832779748525261","error":""},"_links":{"self":[{"href":"https:\/\/www.europesays.com\/fr\/wp-json\/wp\/v2\/posts\/241662","targetHints":{"allow":["GET"]}}],"collection":[{"href":"https:\/\/www.europesays.com\/fr\/wp-json\/wp\/v2\/posts"}],"about":[{"href":"https:\/\/www.europesays.com\/fr\/wp-json\/wp\/v2\/types\/post"}],"author":[{"embeddable":true,"href":"https:\/\/www.europesays.com\/fr\/wp-json\/wp\/v2\/users\/2"}],"replies":[{"embeddable":true,"href":"https:\/\/www.europesays.com\/fr\/wp-json\/wp\/v2\/comments?post=241662"}],"version-history":[{"count":0,"href":"https:\/\/www.europesays.com\/fr\/wp-json\/wp\/v2\/posts\/241662\/revisions"}],"wp:featuredmedia":[{"embeddable":true,"href":"https:\/\/www.europesays.com\/fr\/wp-json\/wp\/v2\/media\/241663"}],"wp:attachment":[{"href":"https:\/\/www.europesays.com\/fr\/wp-json\/wp\/v2\/media?parent=241662"}],"wp:term":[{"taxonomy":"category","embeddable":true,"href":"https:\/\/www.europesays.com\/fr\/wp-json\/wp\/v2\/categories?post=241662"},{"taxonomy":"post_tag","embeddable":true,"href":"https:\/\/www.europesays.com\/fr\/wp-json\/wp\/v2\/tags?post=241662"}],"curies":[{"name":"wp","href":"https:\/\/api.w.org\/{rel}","templated":true}]}}