{"id":241666,"date":"2025-07-11T04:46:09","date_gmt":"2025-07-11T04:46:09","guid":{"rendered":"https:\/\/www.europesays.com\/fr\/241666\/"},"modified":"2025-07-11T04:46:09","modified_gmt":"2025-07-11T04:46:09","slug":"artifices-alcool-carburant-les-mesures-strictes-prises-par-la-prefecture","status":"publish","type":"post","link":"https:\/\/www.europesays.com\/fr\/241666\/","title":{"rendered":"artifices, alcool, carburant\u2026 Les mesures strictes prises par la pr\u00e9fecture"},"content":{"rendered":"<p>Les services de l&rsquo;\u00c9tat annoncent avoir pris \u00ab\u00a0un ensemble de mesures n\u00e9cessaires au bon d\u00e9roulement des festivit\u00e9s et au respect de la tranquillit\u00e9 publique\u00a0\u00bb\u00a0dans le cadre de la F\u00eate nationale. Ces mesures s\u2019appliqueront dans tout le d\u00e9partement, y compris la M\u00e9tropole de Lyon, entre le 11 et le 15 juillet 2024.<\/p>\n<p>Premi\u00e8re restriction : du vendredi 11 juillet \u00e0 6 heures jusqu\u2019au mardi 15 juillet \u00e0 6 heures, l\u2019achat, la vente, la d\u00e9tention, le transport et l\u2019utilisation d\u2019artifices de divertissement de cat\u00e9gories F2 et F3 seront interdits, sauf d\u00e9rogation accord\u00e9e par l\u2019autorit\u00e9 pr\u00e9fectorale.<\/p>\n<p>D\u00e8s le dimanche 13 juillet \u00e0 6 heures, et jusqu\u2019au mardi 15 juillet \u00e0 5 heures, d\u2019autres interdictions entreront en vigueur. La vente, le transport et la d\u00e9tention de carburant en r\u00e9cipient portable seront proscrits, sauf si le client peut justifier d\u2019un usage priv\u00e9.<\/p>\n<p>La vente d\u2019alcool \u00e0 emporter sera interdite le dimanche 13 juillet \u00e0 partir de 20 heures jusqu\u2019au lundi 14 juillet \u00e0 5 heures, puis le lundi \u00e0 partir de 18 heures jusqu\u2019au mardi \u00e0 5 heures.<\/p>\n<p>La pr\u00e9fecture interdit \u00e9galement la vente, la d\u00e9tention et le transport d\u2019acides, de produits inflammables, chimiques ou explosifs, en l\u2019absence de motif l\u00e9gitime. Le port et le transport d\u2019armes, de munitions ou d\u2019objets susceptibles de constituer une arme par destination sont, eux aussi, interdits sans justification valable. Enfin, la consommation d\u2019alcool en r\u00e9union sur la voie publique sera prohib\u00e9e, sauf dans les lieux express\u00e9ment autoris\u00e9s.<\/p>\n<p>En parall\u00e8le de ces restrictions, la pr\u00e9f\u00e8te appelle \u00e0 la vigilance sur les routes. \u00ab\u00a0Pour que les festivit\u00e9s se terminent bien, la pr\u00e9f\u00e8te appelle \u00e0 la plus grande prudence sur nos routes et au strict respect du code de la route.\u00a0\u00bb<\/p>\n<p>En 2024, 52 personnes ont d\u00e9j\u00e0 perdu la vie sur les routes du d\u00e9partement. \u00ab\u00a0Pr\u00e8s de la moiti\u00e9\u00a0\u00bb de ces d\u00e9c\u00e8s sont li\u00e9s \u00ab\u00a0\u00e0 l\u2019alcool (26 %) ou aux stup\u00e9fiants (22 %)\u00a0\u00bb, alerte la pr\u00e9fecture.<\/p>\n","protected":false},"excerpt":{"rendered":"Les services de l&rsquo;\u00c9tat annoncent avoir pris \u00ab\u00a0un ensemble de mesures n\u00e9cessaires au bon d\u00e9roulement des festivit\u00e9s et&hellip;\n","protected":false},"author":2,"featured_media":241667,"comment_status":"","ping_status":"","sticky":false,"template":"","format":"standard","meta":{"footnotes":""},"categories":[1889],"tags":[1111,11,2813,2190,2430,1109,251,1112,2811,1777,674,118,1011,27,1922,1110,1114,2428,2810,12,241,316,25,2812,517,800],"class_list":{"0":"post-241666","1":"post","2":"type-post","3":"status-publish","4":"format-standard","5":"has-post-thumbnail","7":"category-lyon","8":"tag-actu","9":"tag-actualites","10":"tag-article","11":"tag-asvel","12":"tag-auvergne-rhone-alpes","13":"tag-breves","14":"tag-culture","15":"tag-depeches","16":"tag-economique","17":"tag-eu","18":"tag-europe","19":"tag-faits-divers","20":"tag-fr","21":"tag-france","22":"tag-info","23":"tag-informations","24":"tag-infos","25":"tag-lyon","26":"tag-lyonmag","27":"tag-news","28":"tag-ol","29":"tag-politique","30":"tag-republique-francaise","31":"tag-sociale","32":"tag-sport","33":"tag-transports"},"share_on_mastodon":{"url":"https:\/\/pubeurope.com\/@fr\/114832787630913789","error":""},"_links":{"self":[{"href":"https:\/\/www.europesays.com\/fr\/wp-json\/wp\/v2\/posts\/241666","targetHints":{"allow":["GET"]}}],"collection":[{"href":"https:\/\/www.europesays.com\/fr\/wp-json\/wp\/v2\/posts"}],"about":[{"href":"https:\/\/www.europesays.com\/fr\/wp-json\/wp\/v2\/types\/post"}],"author":[{"embeddable":true,"href":"https:\/\/www.europesays.com\/fr\/wp-json\/wp\/v2\/users\/2"}],"replies":[{"embeddable":true,"href":"https:\/\/www.europesays.com\/fr\/wp-json\/wp\/v2\/comments?post=241666"}],"version-history":[{"count":0,"href":"https:\/\/www.europesays.com\/fr\/wp-json\/wp\/v2\/posts\/241666\/revisions"}],"wp:featuredmedia":[{"embeddable":true,"href":"https:\/\/www.europesays.com\/fr\/wp-json\/wp\/v2\/media\/241667"}],"wp:attachment":[{"href":"https:\/\/www.europesays.com\/fr\/wp-json\/wp\/v2\/media?parent=241666"}],"wp:term":[{"taxonomy":"category","embeddable":true,"href":"https:\/\/www.europesays.com\/fr\/wp-json\/wp\/v2\/categories?post=241666"},{"taxonomy":"post_tag","embeddable":true,"href":"https:\/\/www.europesays.com\/fr\/wp-json\/wp\/v2\/tags?post=241666"}],"curies":[{"name":"wp","href":"https:\/\/api.w.org\/{rel}","templated":true}]}}