{"id":241674,"date":"2025-07-11T04:52:09","date_gmt":"2025-07-11T04:52:09","guid":{"rendered":"https:\/\/www.europesays.com\/fr\/241674\/"},"modified":"2025-07-11T04:52:09","modified_gmt":"2025-07-11T04:52:09","slug":"cest-la-derniere-fois-que-je-passe-ici-circuler-sur-certaines-pistes-cyclables-a-paris-devient-complique","status":"publish","type":"post","link":"https:\/\/www.europesays.com\/fr\/241674\/","title":{"rendered":"\u00ab C\u2019est la derni\u00e8re fois que je passe ici \u00bb\u00a0: circuler sur certaines pistes cyclables \u00e0 Paris devient compliqu\u00e9"},"content":{"rendered":"<p class=\"paragraph text_align_left lp-f-body-02\">Dans le flot de cyclistes, Rapha\u00ebl, cadre bancaire. Le badge de son entreprise d\u00e9j\u00e0 autour du cou, il prend son v\u00e9lo tous les jours pour se rendre sur son lieu de travail. \u00ab C\u2019est un bon bol d\u2019air frais avant de s\u2019enfermer dans une agence toute la journ\u00e9e \u00bb, explique le trentenaire, qui a troqu\u00e9 son passe Navigo pour un v\u00e9lo il y a maintenant trois ans. \u00ab M\u00eame s\u2019il y a du monde, \u00e7a reste plus rapide que le m\u00e9tro et on est s\u00fbrs d\u2019arriver \u00e0 l\u2019heure ! \u00bb sourit le jeune homme, bien \u00e9quip\u00e9 de son casque, de ses gants et d\u2019une tenue de sport adapt\u00e9e.<\/p>\n","protected":false},"excerpt":{"rendered":"Dans le flot de cyclistes, Rapha\u00ebl, cadre bancaire. Le badge de son entreprise d\u00e9j\u00e0 autour du cou, il&hellip;\n","protected":false},"author":2,"featured_media":241675,"comment_status":"","ping_status":"","sticky":false,"template":"","format":"standard","meta":{"footnotes":""},"categories":[1888],"tags":[11,1777,674,1011,27,1944,12,626,25,104,2382],"class_list":{"0":"post-241674","1":"post","2":"type-post","3":"status-publish","4":"format-standard","5":"has-post-thumbnail","7":"category-paris","8":"tag-actualites","9":"tag-eu","10":"tag-europe","11":"tag-fr","12":"tag-france","13":"tag-ma-ville","14":"tag-news","15":"tag-paris","16":"tag-republique-francaise","17":"tag-societe","18":"tag-transport-idf-oise"},"share_on_mastodon":{"url":"https:\/\/pubeurope.com\/@fr\/114832812249078885","error":""},"_links":{"self":[{"href":"https:\/\/www.europesays.com\/fr\/wp-json\/wp\/v2\/posts\/241674","targetHints":{"allow":["GET"]}}],"collection":[{"href":"https:\/\/www.europesays.com\/fr\/wp-json\/wp\/v2\/posts"}],"about":[{"href":"https:\/\/www.europesays.com\/fr\/wp-json\/wp\/v2\/types\/post"}],"author":[{"embeddable":true,"href":"https:\/\/www.europesays.com\/fr\/wp-json\/wp\/v2\/users\/2"}],"replies":[{"embeddable":true,"href":"https:\/\/www.europesays.com\/fr\/wp-json\/wp\/v2\/comments?post=241674"}],"version-history":[{"count":0,"href":"https:\/\/www.europesays.com\/fr\/wp-json\/wp\/v2\/posts\/241674\/revisions"}],"wp:featuredmedia":[{"embeddable":true,"href":"https:\/\/www.europesays.com\/fr\/wp-json\/wp\/v2\/media\/241675"}],"wp:attachment":[{"href":"https:\/\/www.europesays.com\/fr\/wp-json\/wp\/v2\/media?parent=241674"}],"wp:term":[{"taxonomy":"category","embeddable":true,"href":"https:\/\/www.europesays.com\/fr\/wp-json\/wp\/v2\/categories?post=241674"},{"taxonomy":"post_tag","embeddable":true,"href":"https:\/\/www.europesays.com\/fr\/wp-json\/wp\/v2\/tags?post=241674"}],"curies":[{"name":"wp","href":"https:\/\/api.w.org\/{rel}","templated":true}]}}