{"id":241680,"date":"2025-07-11T04:55:11","date_gmt":"2025-07-11T04:55:11","guid":{"rendered":"https:\/\/www.europesays.com\/fr\/241680\/"},"modified":"2025-07-11T04:55:11","modified_gmt":"2025-07-11T04:55:11","slug":"en-direct-guerre-en-ukraine-la-coalition-des-volontaires-prete-a-se-mobiliser-sil-y-avait-un-cessez-le-feu","status":"publish","type":"post","link":"https:\/\/www.europesays.com\/fr\/241680\/","title":{"rendered":"EN DIRECT &#8211; Guerre en Ukraine : la coalition des volontaires pr\u00eate \u00e0 se mobiliser s&rsquo;il y avait un cessez-le-feu"},"content":{"rendered":"<ul class=\"jsx-862013697 ArticleChapo__List\">\n<li class=\"jsx-862013697 ArticleChapo__List_Item flex\">Emmanuel Macron et Keir Starmer ont annonc\u00e9 jeudi que les plans pour une future force de garantie d&rsquo;un cessez-le-feu \u00e9taient \u00ab\u00a0pr\u00eats\u00a0\u00bb.<\/li>\n<li class=\"jsx-862013697 ArticleChapo__List_Item flex\">La coalition poss\u00e8de \u00ab\u00a0un nouveau quartier g\u00e9n\u00e9ral \u00e0 Paris, d\u00e9j\u00e0 op\u00e9rationnel, et qui finalise les structures de commandement et de contr\u00f4le\u00a0\u00bb, en coordination avec Kiev.<\/li>\n<li class=\"jsx-862013697 ArticleChapo__List_Item flex\">Suivez les derni\u00e8res informations.<\/li>\n<\/ul>\n<p><a href=\"https:\/\/www.tf1info.fr\/actualite\/invasion-de-l-ukraine-par-la-russie-une-guerre-qui-dure-12951\/\" rel=\"noopener\" class=\"jsx-484472199 Link jsx-1428418400 jsx-554215408\" target=\"_blank\"><\/p>\n<p style=\"font-weight:400\" class=\"jsx-1837267516\">Suivez la couverture compl\u00e8te<\/p>\n<p style=\"font-weight:800\" class=\"jsx-1837267516\">Ukraine : 4\u1d49 ann\u00e9e de guerre<\/p>\n<p><\/a><\/p>\n<p data-module=\"article-paragraph\" class=\"jsx-3046738180 Paragraph\">Le Premier ministre britannique Keir Starmer et le pr\u00e9sident fran\u00e7ais Emmanuel Macron assurent que les plans de la coalition des pays volontaires pour garantir un futur cessez-le-feu entre Kiev et Moscou \u00e9taient \u00ab\u00a0pr\u00eats\u00a0\u00bb, tout en appelant \u00e0 accro\u00eetre la \u00ab\u00a0pression\u00a0\u00bb sur la Russie.<\/p>\n<p data-module=\"article-paragraph\" class=\"jsx-3046738180 Paragraph Paragraph__End\">Les deux dirigeants ont copr\u00e9sid\u00e9 jeudi 10 juillet depuis le centre de commandement de l&rsquo;Otan de Northwood, au nord-ouest de Londres, une r\u00e9union par visioconf\u00e9rence de cette <a href=\"https:\/\/www.tf1info.fr\/international\/video-guerre-ukraine-russie-maintien-de-la-paix-kiev-la-coalition-des-volontaires-voulue-par-macron-et-starmer-prend-forme-2360696.html\" target=\"_blank\" rel=\"noopener\">\u00ab\u00a0coalition des pays volontaires\u00a0\u00bb<\/a>, engag\u00e9s pour garantir la s\u00e9curit\u00e9 de l&rsquo;Ukraine et un futur cessez-le-feu entre Kiev et Moscou, et lanc\u00e9e d\u00e9but 2025 par Paris et Londres.<\/p>\n<p>Minute par minuteDONALD TRUMP06:48<\/p>\n<p>Dans une interview au m\u00e9dia NBC News, le pr\u00e9sident Donald Trump assure : \u00ab\u00a0Je suis d\u00e9\u00e7u par la Russie, mais nous verrons ce qui se passera dans les prochaines semaines.\u00a0\u00bb<\/p>\n<p>\u00a0\u00bb Je pense que j&rsquo;aurai une d\u00e9claration importante \u00e0 faire sur la Russie lundi\u00a0\u00bb, a-t-il d\u00e9voil\u00e9.<\/p>\n<p>UN MORT EN RUSSIE06:44<\/p>\n<p>Une attaque de drone a caus\u00e9 la mort d&rsquo;une personne dans la r\u00e9gion de Lipetsk, dans l&rsquo;ouest de la Russie, a annonc\u00e9 le gouverneur local vendredi matin.<\/p>\n<p>\u00ab\u00a0Cette nuit, un drone s&rsquo;est \u00e9cras\u00e9 sur le terrain d&rsquo;une des entreprises agricoles du district de Khlevensky\u00a0\u00bb, situ\u00e9 \u00e0 400 km au sud de Moscou, ce qui a provoqu\u00e9 un incendie, a d\u00e9crit Igor Artamonov sur Telegram. \u00ab\u00a0Une personne est morte, une autre a \u00e9t\u00e9 bless\u00e9e\u00a0\u00bb, a-t-il ajout\u00e9.<\/p>\n<p>L&rsquo;INFO DE LA NUIT06:28<\/p>\n<p>La Russie a annonc\u00e9 vendredi matin avoir abattu 155 drones ukrainiens dans la nuit, dont une cinquantaine dans la seule r\u00e9gion de Koursk, frontali\u00e8re de l&rsquo;Ukraine.<\/p>\n<p>\u00ab\u00a0Les syst\u00e8mes de la d\u00e9fense a\u00e9rienne en service ont intercept\u00e9 et d\u00e9truit 155 drones ukrainiens\u00a0\u00bb, a indiqu\u00e9 le minist\u00e8re russe de la D\u00e9fense sur le r\u00e9seau social Telegram, ajoutant que 53 de ces engins avaient \u00e9t\u00e9 abattus dans la r\u00e9gion de Koursk.<\/p>\n<p>BIENVENUE06:28<\/p>\n<p>Bienvenue dans notre direct consacr\u00e9 \u00e0 la guerre en Ukraine du vendredi 11 juillet 2025.<\/p>\n<p data-module=\"article-paragraph\" class=\"jsx-3046738180 Paragraph\">\u00ab\u00a0Nous avons un plan qui est pr\u00eat \u00e0 \u00eatre mis en oeuvre et \u00e0 \u00eatre lanc\u00e9 dans les heures suivant (la signature d&rsquo;)un cessez-le-feu\u00a0\u00bb, a d\u00e9clar\u00e9 Emmanuel Macron, lors de cette r\u00e9union. \u00ab\u00a0Les plans sont pr\u00eats et nous les inscrivons dans une perspective de long terme\u00a0\u00bb, a \u00e9galement affirm\u00e9 Keir Starmer.<\/p>\n<p data-module=\"article-paragraph\" class=\"jsx-3046738180 Paragraph Paragraph__End\">Il a ajout\u00e9 que la coalition poss\u00e8dait \u00ab\u00a0un nouveau quartier g\u00e9n\u00e9ral \u00e0 Paris, qui est d\u00e9j\u00e0 op\u00e9rationnel, et qui finalise les structures de commandement et de contr\u00f4le\u00a0\u00bb, en coordination avec Kiev. Dans un communiqu\u00e9, Downing Street a pr\u00e9cis\u00e9 que ce quartier g\u00e9n\u00e9ral serait copr\u00e9sid\u00e9 par le Royaume-Uni et la France, et transf\u00e9r\u00e9 \u00e0 Londres au bout de douze mois.<\/p>\n<p><a href=\"https:\/\/www.tf1info.fr\/international\/guerre-en-ukraine-qu-est-ce-que-l-unite-d-elite-snake-dont-la-mission-est-d-evacuer-les-soldats-blesses-sous-le-feu-ennemi-2381912.html\" rel=\"noopener\" class=\"jsx-3308031228 Link flex\" target=\"_blank\"><img decoding=\"async\" src=\"https:\/\/www.europesays.com\/fr\/wp-content\/uploads\/2025\/07\/550-drones-et-missiles-attaque-la-plus-massive-sur-l-ukraine-1-25b4e6-0@1x.jpeg\" alt=\"Capture vid\u00e9o LCI\" loading=\"lazy\" importance=\"low\" fetchpriority=\"low\" class=\"\" aria-hidden=\"true\"\/><\/p>\n<p class=\"jsx-3657663356 ReadMoreArticle__Title\">Lire aussi<\/p>\n<p class=\"jsx-3657663356\">Ukraine : qu&rsquo;est-ce que l&rsquo;unit\u00e9 d&rsquo;\u00e9lite \u00ab\u00a0Snake\u00a0\u00bb, dont la mission est d&rsquo;\u00e9vacuer les soldats bless\u00e9s sous le feu ennemi<\/p>\n<p><\/a><\/p>\n<p data-module=\"article-paragraph\" class=\"jsx-3046738180 Paragraph\">Plus de trois ans apr\u00e8s <a href=\"https:\/\/www.tf1info.fr\/international\/un-an-de-guerre-ukraine-russie-24-fevrier-2022-heure-par-heure-le-jour-ou-la-russie-de-poutine-a-lance-l-invasion-2249042.html\" target=\"_blank\" rel=\"noopener\">l&rsquo;invasion russe<\/a>, cette future force aura pour objectif de \u00ab\u00a0r\u00e9g\u00e9n\u00e9rer les forces terrestres\u00a0\u00bb ukrainiennes, de \u00ab\u00a0s\u00e9curiser le ciel ukrainien\u00a0\u00bb et d'\u00a0\u00bbassurer la s\u00e9curit\u00e9 des mers\u00a0\u00bb, a d\u00e9taill\u00e9 Downing Street.<\/p>\n<p data-module=\"article-paragraph\" class=\"jsx-3046738180 Paragraph\">Dans une d\u00e9claration commune diffus\u00e9e \u00e0 l&rsquo;issue de la r\u00e9union de la coalition des volontaires, ses membres ont affirm\u00e9 avoir \u00ab\u00a0r\u00e9it\u00e9r\u00e9 que des forces arm\u00e9es ukrainiennes fortes constituent la principale garantie de la souverainet\u00e9 et de la s\u00e9curit\u00e9 du pays\u00a0\u00bb.<\/p>\n<p data-module=\"article-paragraph\" class=\"jsx-3046738180 Paragraph Paragraph__End\"><strong>Retrouvez les derni\u00e8res informations dans le fil ci-dessus.<\/strong><\/p>\n<p>La r\u00e9daction de TF1info<\/p>\n","protected":false},"excerpt":{"rendered":"Emmanuel Macron et Keir Starmer ont annonc\u00e9 jeudi que les plans pour une future force de garantie d&rsquo;un&hellip;\n","protected":false},"author":2,"featured_media":241681,"comment_status":"","ping_status":"","sticky":false,"template":"","format":"standard","meta":{"footnotes":""},"categories":[1590],"tags":[1111,11,1921,1073,1777,674,3044,28083,1922,2581,12,132,220,1917,133,1920,135,134],"class_list":{"0":"post-241680","1":"post","2":"type-post","3":"status-publish","4":"format-standard","5":"has-post-thumbnail","7":"category-ukraine","8":"tag-actu","9":"tag-actualites","10":"tag-article-video","11":"tag-emmanuel-macron","12":"tag-eu","13":"tag-europe","14":"tag-giorgia-meloni","15":"tag-guerre-en-ukraine-une-treve-sera-t-elle-possible","16":"tag-info","17":"tag-keir-starmer","18":"tag-news","19":"tag-russie","20":"tag-ukraine","21":"tag-ukraine-4-annee-de-guerre","22":"tag-video","23":"tag-video-international","24":"tag-vladimir-poutine","25":"tag-volodymyr-zelensky"},"share_on_mastodon":{"url":"https:\/\/pubeurope.com\/@fr\/114832823002620535","error":""},"_links":{"self":[{"href":"https:\/\/www.europesays.com\/fr\/wp-json\/wp\/v2\/posts\/241680","targetHints":{"allow":["GET"]}}],"collection":[{"href":"https:\/\/www.europesays.com\/fr\/wp-json\/wp\/v2\/posts"}],"about":[{"href":"https:\/\/www.europesays.com\/fr\/wp-json\/wp\/v2\/types\/post"}],"author":[{"embeddable":true,"href":"https:\/\/www.europesays.com\/fr\/wp-json\/wp\/v2\/users\/2"}],"replies":[{"embeddable":true,"href":"https:\/\/www.europesays.com\/fr\/wp-json\/wp\/v2\/comments?post=241680"}],"version-history":[{"count":0,"href":"https:\/\/www.europesays.com\/fr\/wp-json\/wp\/v2\/posts\/241680\/revisions"}],"wp:featuredmedia":[{"embeddable":true,"href":"https:\/\/www.europesays.com\/fr\/wp-json\/wp\/v2\/media\/241681"}],"wp:attachment":[{"href":"https:\/\/www.europesays.com\/fr\/wp-json\/wp\/v2\/media?parent=241680"}],"wp:term":[{"taxonomy":"category","embeddable":true,"href":"https:\/\/www.europesays.com\/fr\/wp-json\/wp\/v2\/categories?post=241680"},{"taxonomy":"post_tag","embeddable":true,"href":"https:\/\/www.europesays.com\/fr\/wp-json\/wp\/v2\/tags?post=241680"}],"curies":[{"name":"wp","href":"https:\/\/api.w.org\/{rel}","templated":true}]}}