{"id":241686,"date":"2025-07-11T04:58:14","date_gmt":"2025-07-11T04:58:14","guid":{"rendered":"https:\/\/www.europesays.com\/fr\/241686\/"},"modified":"2025-07-11T04:58:14","modified_gmt":"2025-07-11T04:58:14","slug":"lallemagne-cueille-un-2e-succes-de-rang-rts-ch","status":"publish","type":"post","link":"https:\/\/www.europesays.com\/fr\/241686\/","title":{"rendered":"L&rsquo;Allemagne cueille un 2e succ\u00e8s de rang &#8211; rts.ch"},"content":{"rendered":"<p>L&rsquo;Allemagne a empoch\u00e9 un deuxi\u00e8me succ\u00e8s cons\u00e9cutif dans le groupe C de l&rsquo;Euro f\u00e9minin 2025. A B\u00e2le, elle a battu le Danemark 2-1 apr\u00e8s avoir \u00e9t\u00e9 men\u00e9e \u00e0 la mi-temps.<\/p>\n<p>En effet, ce sont les Danoises qui ont pris l&rsquo;avantage gr\u00e2ce \u00e0 une frappe lourde de Vangsgaard \u00e0 la 26e minute. Mais les Allemandes ont retourn\u00e9 la situation sur un penalty transform\u00e9 par N\u00fcsken (56e) et une r\u00e9ussite de Sch\u00fcller 10 minutes plus tard.<\/p>\n<p>Cette partie, qui a attir\u00e9 34&rsquo;165 spectateurs, un record pour un match de groupe sans le pays h\u00f4te, a eu de la peine \u00e0 trouver son rythme. La faute \u00e0 plusieurs interruptions pour des blessures, ainsi qu&rsquo;\u00e0 trois interminables interventions de la VAR. Celle-ci a effectivement tenu un r\u00f4le majeur puisqu&rsquo;elle a annul\u00e9 un but, puis un penalty allemand, avant d&rsquo;accorder celui de l&rsquo;\u00e9galisation.<\/p>\n<p>Le suspense n&rsquo;est plus de mise dans le groupe C de l&rsquo;Euro dames 2025. Au terme de la deuxi\u00e8me journ\u00e9e, la Su\u00e8de et l&rsquo;Allemagne, avec six points chacune, sont d\u00e9j\u00e0 qualifi\u00e9es pour les quarts de finale.<\/p>\n<p class=\"sources\">agences\/tddb<\/p>\n","protected":false},"excerpt":{"rendered":"L&rsquo;Allemagne a empoch\u00e9 un deuxi\u00e8me succ\u00e8s cons\u00e9cutif dans le groupe C de l&rsquo;Euro f\u00e9minin 2025. A B\u00e2le, elle&hellip;\n","protected":false},"author":2,"featured_media":241687,"comment_status":"","ping_status":"","sticky":false,"template":"","format":"standard","meta":{"footnotes":""},"categories":[1587],"tags":[11,672,38129,1804,145,1805,1803,38130,38131,1777,38132,674,38133,63,1801,12,1802,27310,517,6006,27313,38134,38135],"class_list":{"0":"post-241686","1":"post","2":"type-post","3":"status-publish","4":"format-standard","5":"has-post-thumbnail","7":"category-allemagne","8":"tag-actualites","9":"tag-allemagne","10":"tag-allemagne-danemark","11":"tag-bundesrepublik-deutschland","12":"tag-danemark","13":"tag-de","14":"tag-deutschland","15":"tag-elisa-sens","16":"tag-emma-snerle","17":"tag-eu","18":"tag-euro-dames-2025-phase-de-groupes-groupe-c","19":"tag-europe","20":"tag-fc-bale","21":"tag-football","22":"tag-germany","23":"tag-news","24":"tag-republique-federale-dallemagne","25":"tag-rts-sport","26":"tag-sport","27":"tag-succes","28":"tag-tout-le-sport","29":"tag-uefa-euro-dames","30":"tag-uefa-euro-dames-2025"},"share_on_mastodon":{"url":"https:\/\/pubeurope.com\/@fr\/114832834773947737","error":""},"_links":{"self":[{"href":"https:\/\/www.europesays.com\/fr\/wp-json\/wp\/v2\/posts\/241686","targetHints":{"allow":["GET"]}}],"collection":[{"href":"https:\/\/www.europesays.com\/fr\/wp-json\/wp\/v2\/posts"}],"about":[{"href":"https:\/\/www.europesays.com\/fr\/wp-json\/wp\/v2\/types\/post"}],"author":[{"embeddable":true,"href":"https:\/\/www.europesays.com\/fr\/wp-json\/wp\/v2\/users\/2"}],"replies":[{"embeddable":true,"href":"https:\/\/www.europesays.com\/fr\/wp-json\/wp\/v2\/comments?post=241686"}],"version-history":[{"count":0,"href":"https:\/\/www.europesays.com\/fr\/wp-json\/wp\/v2\/posts\/241686\/revisions"}],"wp:featuredmedia":[{"embeddable":true,"href":"https:\/\/www.europesays.com\/fr\/wp-json\/wp\/v2\/media\/241687"}],"wp:attachment":[{"href":"https:\/\/www.europesays.com\/fr\/wp-json\/wp\/v2\/media?parent=241686"}],"wp:term":[{"taxonomy":"category","embeddable":true,"href":"https:\/\/www.europesays.com\/fr\/wp-json\/wp\/v2\/categories?post=241686"},{"taxonomy":"post_tag","embeddable":true,"href":"https:\/\/www.europesays.com\/fr\/wp-json\/wp\/v2\/tags?post=241686"}],"curies":[{"name":"wp","href":"https:\/\/api.w.org\/{rel}","templated":true}]}}