{"id":241706,"date":"2025-07-11T05:10:26","date_gmt":"2025-07-11T05:10:26","guid":{"rendered":"https:\/\/www.europesays.com\/fr\/241706\/"},"modified":"2025-07-11T05:10:26","modified_gmt":"2025-07-11T05:10:26","slug":"des-discussions-entre-alpine-f1-et-bottas-un-team-principal-confirme","status":"publish","type":"post","link":"https:\/\/www.europesays.com\/fr\/241706\/","title":{"rendered":"Des discussions entre Alpine F1 et Bottas ? Un team principal confirme&#8230;"},"content":{"rendered":"<p class=\"mb-4 text-lg md:leading-8 break-words\">Les <strong>remplacements<\/strong> s&rsquo;encha\u00eenent chez Alpine F1, une \u00e9curie pourtant en qu\u00eate de stabilit\u00e9. Le <strong>Finlandais<\/strong> pourrait en \u00eatre une valeur s\u00fbre. Serions-nous d\u00e9j\u00e0 sur un <strong>d\u00e9part<\/strong> pour <strong>Franco Colapinto<\/strong> ?<\/p>\n<p>Franco Colapinto : un avenir incertain ?<\/p>\n<p class=\"mb-4 text-lg md:leading-8 break-words\"><strong>Les temps sont durs pour Franco Colapinto<\/strong>, au coeur des sp\u00e9culations autour de la p\u00e9rennit\u00e9 de sa place en F1. L&rsquo;Argentin s&rsquo;\u00e9tait r\u00e9v\u00e9l\u00e9 en deuxi\u00e8me partie de saison 2024 <strong>sous la banni\u00e8re de <a href=\"https:\/\/www.sportauto.fr\/actu\/sport-actu\/formule-1\/f1-williams-james-vowles-contrat-prolongation-2025-433902.html\" rel=\"nofollow noopener\" target=\"_blank\" data-ylk=\"slk:Williams;elm:context_link;itc:0;sec:content-canvas\" class=\"link \">Williams<\/a>.<br \/><\/strong>En neuf courses disput\u00e9es avec une monoplace compliqu\u00e9e, il avait certes perform\u00e9 avec <strong>quelques points marqu\u00e9s. <\/strong>En revanche, une certaine <strong>inconstance<\/strong> et plusieurs accidents ont eu le don de <strong>fragiliser sa r\u00e9putation encore naissante.<br \/><\/strong>Enr\u00f4l\u00e9 par<strong> Flavio Briatore<\/strong> chez <a href=\"https:\/\/www.sportauto.fr\/actu\/sport-actu\/formule-1\/f1-alpine-nouveau-team-principal-2-434814.html\" rel=\"nofollow noopener\" target=\"_blank\" data-ylk=\"slk:Alpine;elm:context_link;itc:0;sec:content-canvas\" class=\"link \"><strong>Alpine<\/strong><\/a> en fin de saison, Franco \u00e9tait ensuite promu au pied lev\u00e9 \u00e0 la place de <strong>Jack Doohan, <\/strong>mis sur le banc apr\u00e8s six courses. <strong>H\u00e9las pour l&rsquo;Argentin<\/strong>, ses performances n&rsquo;ont pas \u00e9t\u00e9 \u00e0 la hauteur des attentes avec <strong>aucun point marqu\u00e9, <\/strong>l&rsquo;entr\u00e9e dans le top 15 semblant m\u00eame ardue.<br \/>Pour ne rien arranger \u00e0 ses affaires, la voiture <strong>manque clairement de performance, <\/strong>comme notamment \u00e9voqu\u00e9 par <a href=\"https:\/\/www.sportauto.fr\/actu\/sport-actu\/formule-1\/f1-grande-bretagne-2025-grand-prix-silverstone-course-classement-resultat-norris-hulkenberg-434862.html\" rel=\"nofollow noopener\" target=\"_blank\" data-ylk=\"slk:Pierre Gasly;elm:context_link;itc:0;sec:content-canvas\" class=\"link \"><strong>Pierre Gasly<\/strong> <\/a>au micro de <strong>Canal+<\/strong>. Il n&rsquo;en fallait pas plus pour lancer une rumeur sur un&#8230;<a href=\"https:\/\/www.sportauto.fr\/actu\/sport-actu\/formule-1\/f1-discussions-alpine-bottas-avenir-futur-contrat-team-principal-confirmation-435121.html\" rel=\"nofollow noopener\" target=\"_blank\" data-ylk=\"slk:Lire la suite sur Sport Auto;elm:context_link;itc:0;sec:content-canvas\" class=\"link \">Lire la suite sur Sport Auto<\/a><\/p>\n","protected":false},"excerpt":{"rendered":"Les remplacements s&rsquo;encha\u00eenent chez Alpine F1, une \u00e9curie pourtant en qu\u00eate de stabilit\u00e9. Le Finlandais pourrait en \u00eatre&hellip;\n","protected":false},"author":2,"featured_media":241707,"comment_status":"","ping_status":"","sticky":false,"template":"","format":"standard","meta":{"footnotes":""},"categories":[1412],"tags":[1451,14792,1452,1453,1454,1455,1011,27,18196,2252,38136,60],"class_list":{"0":"post-241706","1":"post","2":"type-post","3":"status-publish","4":"format-standard","5":"has-post-thumbnail","7":"category-f1","8":"tag-f1","9":"tag-flavio-briatore","10":"tag-formula-1","11":"tag-formula1","12":"tag-formule-1","13":"tag-formule1","14":"tag-fr","15":"tag-france","16":"tag-franco-colapinto","17":"tag-jack-doohan","18":"tag-les-temps-sont-durs","19":"tag-sports"},"share_on_mastodon":{"url":"https:\/\/pubeurope.com\/@fr\/114832881933622206","error":""},"_links":{"self":[{"href":"https:\/\/www.europesays.com\/fr\/wp-json\/wp\/v2\/posts\/241706","targetHints":{"allow":["GET"]}}],"collection":[{"href":"https:\/\/www.europesays.com\/fr\/wp-json\/wp\/v2\/posts"}],"about":[{"href":"https:\/\/www.europesays.com\/fr\/wp-json\/wp\/v2\/types\/post"}],"author":[{"embeddable":true,"href":"https:\/\/www.europesays.com\/fr\/wp-json\/wp\/v2\/users\/2"}],"replies":[{"embeddable":true,"href":"https:\/\/www.europesays.com\/fr\/wp-json\/wp\/v2\/comments?post=241706"}],"version-history":[{"count":0,"href":"https:\/\/www.europesays.com\/fr\/wp-json\/wp\/v2\/posts\/241706\/revisions"}],"wp:featuredmedia":[{"embeddable":true,"href":"https:\/\/www.europesays.com\/fr\/wp-json\/wp\/v2\/media\/241707"}],"wp:attachment":[{"href":"https:\/\/www.europesays.com\/fr\/wp-json\/wp\/v2\/media?parent=241706"}],"wp:term":[{"taxonomy":"category","embeddable":true,"href":"https:\/\/www.europesays.com\/fr\/wp-json\/wp\/v2\/categories?post=241706"},{"taxonomy":"post_tag","embeddable":true,"href":"https:\/\/www.europesays.com\/fr\/wp-json\/wp\/v2\/tags?post=241706"}],"curies":[{"name":"wp","href":"https:\/\/api.w.org\/{rel}","templated":true}]}}