{"id":24172,"date":"2025-04-14T11:54:08","date_gmt":"2025-04-14T11:54:08","guid":{"rendered":"https:\/\/www.europesays.com\/fr\/24172\/"},"modified":"2025-04-14T11:54:08","modified_gmt":"2025-04-14T11:54:08","slug":"un-accident-davion-fait-six-morts-dans-letat-de-new-york","status":"publish","type":"post","link":"https:\/\/www.europesays.com\/fr\/24172\/","title":{"rendered":"un accident d\u2019avion fait six morts dans l\u2019\u00c9tat de New York"},"content":{"rendered":"<p>Cet accident est le dernier d\u2019une s\u00e9rie de catastrophes a\u00e9riennes sur le sol am\u00e9ricain. Tous les membres du petit appareil n\u2019ont pas surv\u00e9cu.<\/p>\n<p class=\"fig-paragraph\">Un petit avion s&rsquo;est \u00e9cras\u00e9 ce samedi dans l&rsquo;<a href=\"http:\/\/www.lefigaro.fr\/etats-unis-la-justice-classe-l-affaire-de-corruption-visant-eric-adams-le-maire-de-new-york-20250402\" target=\"_blank\" data-fig-type=\"NewsFlash\" rel=\"noopener\" data-gtm-custom-categorie=\"navigation\" data-gtm-custom-action=\"crossclick\" data-gtm-custom-label=\"Contextuel\" data-gtm-event=\"customEventSPE\" data-fig-domain=\"LEFIGARO\">\u00c9tat de New York<\/a>, faisant six morts, d&rsquo;apr\u00e8s les m\u00e9dias am\u00e9ricains. L\u2019agence am\u00e9ricaine de s\u00e9curit\u00e9 des transports (NTSB), qui enqu\u00eate sur l\u2019accident, a indiqu\u00e9 lors d\u2019un point presse que l\u2019avion transportait six personnes, mais n\u2019a pas directement confirm\u00e9 le nombre de morts ce dimanche. Le New York Times a rapport\u00e9 que les six personnes \u00e0 bord ont perdu la vie, citant un membre de la famille. Les victimes, qui se rendaient \u00e0 une f\u00eate religieuse, sont Michael Groff, pilote et neurochirurgien, sa femme Joy Saini, chirurgienne, leurs deux enfants et les partenaires de ces derniers, selon le New York Times.<\/p>\n<p class=\"fig-paragraph\">Survenu pr\u00e8s de Copake, cet accident est le dernier d&rsquo;une s\u00e9rie de\u00a0<a href=\"http:\/\/www.lefigaro.fr\/international\/etats-unis-un-petit-avion-s-ecrase-en-pleine-ville-en-floride-trois-morts-20250411\" target=\"_blank\" data-fig-type=\"NewsFlash\" rel=\"noopener\" data-gtm-custom-categorie=\"navigation\" data-gtm-custom-action=\"crossclick\" data-gtm-custom-label=\"Contextuel\" data-gtm-event=\"customEventSPE\" data-fig-domain=\"LEFIGARO\">catastrophes a\u00e9riennes<\/a>\u00a0qui ont meurtri les \u00c9tats-Unis. Ce jeudi, la chute d&rsquo;un h\u00e9licopt\u00e8re dans le fleuve Hudson a co\u00fbt\u00e9 la vie \u00e0 six personnes ; vendredi, le crash d&rsquo;un avion l\u00e9ger en Floride a fait trois morts.<\/p>\n<p class=\"fig-paragraph\">L&rsquo;avion a \u00e9t\u00e9 \u00abcomprim\u00e9, d\u00e9form\u00e9 et s&rsquo;est encastr\u00e9 dans le sol\u00bb sous l&rsquo;effet de l&rsquo;impact, a d\u00e9crit lors du point presse Todd Inman, responsable \u00e0 la NTSB. \u00abPendant l&rsquo;approche \u00e0 l&rsquo;a\u00e9roport du comt\u00e9 de Columbia, le pilote a signal\u00e9 une approche manqu\u00e9e\u00bb, a expliqu\u00e9 \u00e0 l\u2019agence Albert Nixon. Selon Todd Inman la visibilit\u00e9 diminuait avant l&rsquo;accident, alors que le pilote \u00e9tait exp\u00e9riment\u00e9 et que le cockpit de l&rsquo;avion avait \u00e9t\u00e9 r\u00e9cemment r\u00e9nov\u00e9.<\/p>\n","protected":false},"excerpt":{"rendered":"Cet accident est le dernier d\u2019une s\u00e9rie de catastrophes a\u00e9riennes sur le sol am\u00e9ricain. Tous les membres du&hellip;\n","protected":false},"author":2,"featured_media":24173,"comment_status":"","ping_status":"","sticky":false,"template":"","format":"standard","meta":{"footnotes":""},"categories":[1589],"tags":[1111,47,11,37,1109,4098,1112,73,1866,118,1108,107,1106,1107,27,1110,1114,14,12,1113,316,1864,1865,1863,308],"class_list":{"0":"post-24172","1":"post","2":"type-post","3":"status-publish","4":"format-standard","5":"has-post-thumbnail","7":"category-etats-unis","8":"tag-actu","9":"tag-actualite","10":"tag-actualites","11":"tag-avion","12":"tag-breves","13":"tag-crash","14":"tag-depeches","15":"tag-etats-unis","16":"tag-etats-unis-damerique","17":"tag-faits-divers","18":"tag-fil","19":"tag-fil-info","20":"tag-flash","21":"tag-flash-actu","22":"tag-france","23":"tag-informations","24":"tag-infos","25":"tag-international","26":"tag-news","27":"tag-nouvelles","28":"tag-politique","29":"tag-united-states","30":"tag-united-states-of-america","31":"tag-us","32":"tag-usa"},"share_on_mastodon":{"url":"https:\/\/pubeurope.com\/@fr\/114336187424703343","error":""},"_links":{"self":[{"href":"https:\/\/www.europesays.com\/fr\/wp-json\/wp\/v2\/posts\/24172","targetHints":{"allow":["GET"]}}],"collection":[{"href":"https:\/\/www.europesays.com\/fr\/wp-json\/wp\/v2\/posts"}],"about":[{"href":"https:\/\/www.europesays.com\/fr\/wp-json\/wp\/v2\/types\/post"}],"author":[{"embeddable":true,"href":"https:\/\/www.europesays.com\/fr\/wp-json\/wp\/v2\/users\/2"}],"replies":[{"embeddable":true,"href":"https:\/\/www.europesays.com\/fr\/wp-json\/wp\/v2\/comments?post=24172"}],"version-history":[{"count":0,"href":"https:\/\/www.europesays.com\/fr\/wp-json\/wp\/v2\/posts\/24172\/revisions"}],"wp:featuredmedia":[{"embeddable":true,"href":"https:\/\/www.europesays.com\/fr\/wp-json\/wp\/v2\/media\/24173"}],"wp:attachment":[{"href":"https:\/\/www.europesays.com\/fr\/wp-json\/wp\/v2\/media?parent=24172"}],"wp:term":[{"taxonomy":"category","embeddable":true,"href":"https:\/\/www.europesays.com\/fr\/wp-json\/wp\/v2\/categories?post=24172"},{"taxonomy":"post_tag","embeddable":true,"href":"https:\/\/www.europesays.com\/fr\/wp-json\/wp\/v2\/tags?post=24172"}],"curies":[{"name":"wp","href":"https:\/\/api.w.org\/{rel}","templated":true}]}}