{"id":241723,"date":"2025-07-11T05:20:12","date_gmt":"2025-07-11T05:20:12","guid":{"rendered":"https:\/\/www.europesays.com\/fr\/241723\/"},"modified":"2025-07-11T05:20:12","modified_gmt":"2025-07-11T05:20:12","slug":"lhommage-de-rio-ferdinand-a-luis-enrique","status":"publish","type":"post","link":"https:\/\/www.europesays.com\/fr\/241723\/","title":{"rendered":"L&rsquo;hommage de Rio Ferdinand \u00e0 Luis Enrique"},"content":{"rendered":"<p><img width=\"642\" height=\"382\" src=\"https:\/\/www.europesays.com\/fr\/wp-content\/uploads\/2025\/07\/ferdinand01.jpg\" class=\"attachment-jannah-image-post size-jannah-image-post wp-post-image\" alt=\"Rio Ferdinand\" is_main_img=\"1\" decoding=\"async\" fetchpriority=\"high\"  \/><\/p>\n<p>A l\u2019occasion de la <strong>Coupe du Monde des<br \/>\nClubs<\/strong>, le <strong>PSG<\/strong> continue d\u2019impressionner le<br \/>\nmonde du football. Et pour le compte des demi-finales face au<br \/>\n<strong>Real Madrid<\/strong>, les joueurs de <strong>Luis<br \/>\nEnrique<\/strong> ont livr\u00e9 une partition dans la m\u00eame<br \/>\nlign\u00e9e.<\/p>\n<p>Pour le compte des demi-finales de <strong>Coupe du Monde des<br \/>\nClubs<\/strong>, le <strong>PSG<\/strong> s\u2019est ais\u00e9ment impos\u00e9 face<br \/>\nau Real Madrid sur le score de 4 buts \u00e0 0. Ainsi, le club de la<br \/>\ncapitale disputera la finale ce dimanche 13 juillet (21h sur<br \/>\nDAZN &amp; TF1) face \u00e0 <strong>Chelsea<\/strong>. Si<br \/>\nles individualit\u00e9s du <strong>Paris Saint-Germain<\/strong> ne<br \/>\ncessent de r\u00e9pondre pr\u00e9sents matchs apr\u00e8s matchs, un homme m\u00e8ne ce<br \/>\ncollectif d\u2019une main de ma\u00eetre : <strong>Luis Enrique<\/strong>. Un<br \/>\nfacteur qui n\u2019a pas \u00e9chapp\u00e9 \u00e0 <strong><a href=\"https:\/\/x.com\/rioferdy5\/status\/1943211981626130863\">Rio<br \/>\nFerdinand<\/a><\/strong>, qui a rendu un hommage au technicien<br \/>\nespagnol apr\u00e8s la rencontre entre le <strong>PSG<\/strong> et le<br \/>\n<strong>Real Madrid<\/strong> : \u00ab\u00a0Bravo \u00e0 Luis Enrique\u2026 il<br \/>\na fait de Demb\u00e9l\u00e9 une superstar\u00a0! Obtenir des joueurs de haut<br \/>\nniveau, qui ont toujours \u00e9t\u00e9 consid\u00e9r\u00e9s comme les meilleurs de<br \/>\nleurs \u00e9quipes, des enfants aux adultes\u2026 travailler comme si leur<br \/>\nvie en d\u00e9pendait, c\u2019est du g\u00e9nie en soi. Imaginez si Mbapp\u00e9 \u00e9tait<br \/>\nrest\u00e9 et avait fait \u00e7a ! Demb\u00e9l\u00e9 est-il d\u00e9sormais un joueur plus<br \/>\nimportant que Kylian\u2026 Son rythme de travail et son humilit\u00e9 \u00e0<br \/>\ns\u2019adapter l\u2019ont amen\u00e9 \u00e0 de nouveaux niveaux. Gestion de l\u2019homme M.<br \/>\nEnrique\u00ab\u00a0, a-t-il publi\u00e9 comme message sur le r\u00e9seau<br \/>\nsocial X.<\/p>\n<p><strong><a href=\"https:\/\/canal-supporters.com\/psg-real-madrid-la-presse-europeenne-sincline-face-a-la-prestation-parisienne\/\" target=\"_blank\" rel=\"noopener\"><br \/>\nA lire aussi : PSG \/ Real Madrid \u2013 La presse europ\u00e9enne s\u2019incline<br \/>\nface \u00e0 la prestation parisienne<\/a><\/strong><\/p>\n<p>canalsupporters.com<\/p>\n<p>L\u2019ancienne gloire du football anglais et de <strong>Manchester<br \/>\nUnited<\/strong> a ensuite insist\u00e9 sur le travail acharn\u00e9<br \/>\nd\u2019<strong>Ousmane Demb\u00e9l\u00e9<\/strong> : \u00ab\u00a0Lorsque les \u00e9gos ne<br \/>\nsont pas pr\u00eats \u00e0 faire des compromis, vous serez humili\u00e9 par les<br \/>\n\u00e9gos qui \u00e9coutent\u2026 les faits ! Demb\u00e9l\u00e9 attend de presser presque \u00e0<br \/>\nla place d\u2019Usain Bolt dans ses starting-blocks ces derniers temps.<br \/>\nCela a transform\u00e9 sa carri\u00e8re et servirait de mod\u00e8le aux jeunes<br \/>\njoueurs s\u2019il remportait le Ballon d\u2019Or. La prochaine g\u00e9n\u00e9ration<br \/>\ndevrait en prendre note\u00a0: allier travail acharn\u00e9 et<br \/>\nintelligence est largement r\u00e9compens\u00e9\u00ab\u00a0.<\/p>\n<\/p>\n<p>YouTube : <a href=\"https:\/\/www.youtube.com\/watch?v=BF4QQD2XDgo&amp;t=1042s\" target=\"_blank\" rel=\"noopener\">Canal<br \/>\nSupporters Paris<\/a><\/p>\n","protected":false},"excerpt":{"rendered":"A l\u2019occasion de la Coupe du Monde des Clubs, le PSG continue d\u2019impressionner le monde du football. Et&hellip;\n","protected":false},"author":2,"featured_media":241724,"comment_status":"","ping_status":"","sticky":false,"template":"","format":"standard","meta":{"footnotes":""},"categories":[9],"tags":[81,30640,7151,1011,27,921,91,92,93,36967,38137,60,96],"class_list":{"0":"post-241723","1":"post","2":"type-post","3":"status-publish","4":"format-standard","5":"has-post-thumbnail","7":"category-sports","8":"tag-canal-supporters","9":"tag-cdm-des-clubs","10":"tag-coupe-du-monde-des-clubs","11":"tag-fr","12":"tag-france","13":"tag-luis-enrique","14":"tag-paris-saint-germain","15":"tag-paris-sg","16":"tag-psg","17":"tag-psg-real-madrid","18":"tag-rio-ferdinand","19":"tag-sports","20":"tag-une"},"share_on_mastodon":{"url":"https:\/\/pubeurope.com\/@fr\/114832921368296964","error":""},"_links":{"self":[{"href":"https:\/\/www.europesays.com\/fr\/wp-json\/wp\/v2\/posts\/241723","targetHints":{"allow":["GET"]}}],"collection":[{"href":"https:\/\/www.europesays.com\/fr\/wp-json\/wp\/v2\/posts"}],"about":[{"href":"https:\/\/www.europesays.com\/fr\/wp-json\/wp\/v2\/types\/post"}],"author":[{"embeddable":true,"href":"https:\/\/www.europesays.com\/fr\/wp-json\/wp\/v2\/users\/2"}],"replies":[{"embeddable":true,"href":"https:\/\/www.europesays.com\/fr\/wp-json\/wp\/v2\/comments?post=241723"}],"version-history":[{"count":0,"href":"https:\/\/www.europesays.com\/fr\/wp-json\/wp\/v2\/posts\/241723\/revisions"}],"wp:featuredmedia":[{"embeddable":true,"href":"https:\/\/www.europesays.com\/fr\/wp-json\/wp\/v2\/media\/241724"}],"wp:attachment":[{"href":"https:\/\/www.europesays.com\/fr\/wp-json\/wp\/v2\/media?parent=241723"}],"wp:term":[{"taxonomy":"category","embeddable":true,"href":"https:\/\/www.europesays.com\/fr\/wp-json\/wp\/v2\/categories?post=241723"},{"taxonomy":"post_tag","embeddable":true,"href":"https:\/\/www.europesays.com\/fr\/wp-json\/wp\/v2\/tags?post=241723"}],"curies":[{"name":"wp","href":"https:\/\/api.w.org\/{rel}","templated":true}]}}