{"id":241736,"date":"2025-07-11T05:27:11","date_gmt":"2025-07-11T05:27:11","guid":{"rendered":"https:\/\/www.europesays.com\/fr\/241736\/"},"modified":"2025-07-11T05:27:11","modified_gmt":"2025-07-11T05:27:11","slug":"firminy-pourquoi-de-nombreux-locataires-en-veulent-a-habitat-et-metropole","status":"publish","type":"post","link":"https:\/\/www.europesays.com\/fr\/241736\/","title":{"rendered":"Firminy. Pourquoi de nombreux locataires en veulent \u00e0 Habitat et M\u00e9tropole"},"content":{"rendered":"<p>D\u2019abord \u00ab\u00a0surpris\u00a0\u00bb, Laurent Arnault est dans les cordes. Mardi matin, quelques minutes auparavant, le directeur du p\u00f4le territoires d\u2019Habitat et M\u00e9tropole observe une trentaine de locataires s\u2019avancer vers les locaux du bailleur \u00e0 Firminy, place du Centre. La porte s\u2019ouvre et l\u2019homme est assailli de dol\u00e9ances.<\/p>\n<p>Une demi-heure s\u2019\u00e9coule, entre \u00e9tat des lieux, questions, r\u00e9ponses quand c\u2019est possible, vell\u00e9it\u00e9s parfois s\u00e8ches ou virulentes, cacophonie, tentative de m\u00e9diation de l\u2019ex-pr\u00e9sident de l\u2019OPH Marc Petit, venu soutenir les locataires et \u00e9tonnamment renvoy\u00e9 dans le coin du ring par l\u2019interlocuteur, qui a su rester mesur\u00e9.<\/p>\n<p>Des habitants exasp\u00e9r\u00e9s<\/p>\n<p>Des habitants sont \u00e0 bout, exasp\u00e9r\u00e9s de ne pas \u00eatre entendus, pas&#8230;<\/p>\n","protected":false},"excerpt":{"rendered":"D\u2019abord \u00ab\u00a0surpris\u00a0\u00bb, Laurent Arnault est dans les cordes. Mardi matin, quelques minutes auparavant, le directeur du p\u00f4le territoires&hellip;\n","protected":false},"author":2,"featured_media":241737,"comment_status":"","ping_status":"","sticky":false,"template":"","format":"standard","meta":{"footnotes":""},"categories":[9653],"tags":[1111,11,2430,7539,1777,674,10282,10283,1011,27,1908,3367,12,25,4001,104],"class_list":{"0":"post-241736","1":"post","2":"type-post","3":"status-publish","4":"format-standard","5":"has-post-thumbnail","7":"category-saint-etienne","8":"tag-actu","9":"tag-actualites","10":"tag-auvergne-rhone-alpes","11":"tag-edition-loire-sud","12":"tag-eu","13":"tag-europe","14":"tag-firminy","15":"tag-firminy-ville","16":"tag-fr","17":"tag-france","18":"tag-logement","19":"tag-loire","20":"tag-news","21":"tag-republique-francaise","22":"tag-saint-etienne","23":"tag-societe"},"share_on_mastodon":{"url":"https:\/\/pubeurope.com\/@fr\/114832948838954727","error":""},"_links":{"self":[{"href":"https:\/\/www.europesays.com\/fr\/wp-json\/wp\/v2\/posts\/241736","targetHints":{"allow":["GET"]}}],"collection":[{"href":"https:\/\/www.europesays.com\/fr\/wp-json\/wp\/v2\/posts"}],"about":[{"href":"https:\/\/www.europesays.com\/fr\/wp-json\/wp\/v2\/types\/post"}],"author":[{"embeddable":true,"href":"https:\/\/www.europesays.com\/fr\/wp-json\/wp\/v2\/users\/2"}],"replies":[{"embeddable":true,"href":"https:\/\/www.europesays.com\/fr\/wp-json\/wp\/v2\/comments?post=241736"}],"version-history":[{"count":0,"href":"https:\/\/www.europesays.com\/fr\/wp-json\/wp\/v2\/posts\/241736\/revisions"}],"wp:featuredmedia":[{"embeddable":true,"href":"https:\/\/www.europesays.com\/fr\/wp-json\/wp\/v2\/media\/241737"}],"wp:attachment":[{"href":"https:\/\/www.europesays.com\/fr\/wp-json\/wp\/v2\/media?parent=241736"}],"wp:term":[{"taxonomy":"category","embeddable":true,"href":"https:\/\/www.europesays.com\/fr\/wp-json\/wp\/v2\/categories?post=241736"},{"taxonomy":"post_tag","embeddable":true,"href":"https:\/\/www.europesays.com\/fr\/wp-json\/wp\/v2\/tags?post=241736"}],"curies":[{"name":"wp","href":"https:\/\/api.w.org\/{rel}","templated":true}]}}