{"id":241738,"date":"2025-07-11T05:28:24","date_gmt":"2025-07-11T05:28:24","guid":{"rendered":"https:\/\/www.europesays.com\/fr\/241738\/"},"modified":"2025-07-11T05:28:24","modified_gmt":"2025-07-11T05:28:24","slug":"college-gambetta-35-millions-pour-une-cure-de-jouvence","status":"publish","type":"post","link":"https:\/\/www.europesays.com\/fr\/241738\/","title":{"rendered":"COLL\u00c8GE GAMBETTA : 3,5 MILLIONS POUR UNE CURE DE JOUVENCE"},"content":{"rendered":"<p>                <a href=\"https:\/\/cadenceradio.fr\" target=\"_blank\" aria-label=\"Banni\u00e8re Cadence 2025\" rel=\"noopener\"><img loading=\"lazy\" decoding=\"async\" src=\"https:\/\/www.europesays.com\/fr\/wp-content\/uploads\/2025\/07\/Banniere-Cadence-2025-scaled.jpg\" alt=\"\"   width=\"2560\" height=\"738\"\/><\/a><\/p>\n<p>Avec 3,5 millions d\u2019euros investis par le D\u00e9partement, le coll\u00e8ge Gambetta repense enti\u00e8rement ses espaces pour mieux accueillir ses 900 \u00e9l\u00e8ves quotidiens dans des conditions optimales.<\/p>\n<p>Le coll\u00e8ge Gambetta de la rue Michelet croule sous les demandes d\u2019inscription. Cette popularit\u00e9, li\u00e9e \u00e0 ses excellents r\u00e9sultats acad\u00e9miques et \u00e0 sa situation privil\u00e9gi\u00e9e en hypercentre st\u00e9phanois, a conduit l\u2019\u00e9tablissement \u00e0 atteindre sa capacit\u00e9 maximale d\u2019accueil.<\/p>\n<p>Cette saturation pose des d\u00e9fis logistiques majeurs pour une \u00e9quipe \u00e9ducative contrainte de jongler avec des espaces devenus insuffisants face \u00e0 l\u2019afflux constant d\u2019\u00e9l\u00e8ves et de personnels.<\/p>\n<p>L\u2019ampleur des transformations n\u00e9cessite une organisation minutieuse puisque les travaux se d\u00e9rouleront en site occup\u00e9 pendant dix-huit mois. Cette contrainte op\u00e9rationnelle complexifie consid\u00e9rablement le projet mais permet de maintenir la continuit\u00e9 p\u00e9dagogique.<\/p>\n<p>Renaissance du troisi\u00e8me \u00e9tage abandonn\u00e9<\/p>\n<p>L\u2019\u00e9tage sup\u00e9rieur de l\u2019\u00e9tablissement, jusqu\u2019alors quasiment inexploit\u00e9, conna\u00eet une v\u00e9ritable m\u00e9tamorphose. Six nouvelles salles d\u00e9di\u00e9es aux math\u00e9matiques et \u00e0 la technologie vont voir le jour dans cet espace enfin valoris\u00e9.<\/p>\n<p>Les nouvelles salles rompent avec l\u2019organisation traditionnelle en abandonnant les lignes strictes de tables au profit d\u2019am\u00e9nagements plus flexibles. Cette \u00e9volution spatiale accompagne les mutations p\u00e9dagogiques contemporaines privil\u00e9giant l\u2019interactivit\u00e9 et la collaboration.<\/p>\n<p>Quatre salles suppl\u00e9mentaires d&rsquo;\u00a0\u00bbexp\u00e9rimentation p\u00e9dagogique\u00a0\u00bb compl\u00e8tent ce dispositif \u00e0 l\u2019\u00e9tage inf\u00e9rieur, destin\u00e9es aux enseignants souhaitant innover dans leurs pratiques didactiques.<\/p>\n<p>Un CDI sacrifi\u00e9 pour fluidifier les circulations<\/p>\n<p>La transformation du centre de documentation n\u00e9cessite des choix radicaux : une partie de l\u2019espace sera d\u00e9truite pour cr\u00e9er un passage entre les deux cours de l\u2019\u00e9tablissement. Cette liaison permettra de d\u00e9sengorger la cour principale, point de congestion r\u00e9current.<\/p>\n<p>Le p\u00f4le m\u00e9dico-social b\u00e9n\u00e9ficie d\u2019un r\u00e9am\u00e9nagement complet visant \u00e0 \u00ab\u00a0am\u00e9liorer l\u2019intimit\u00e9\u00a0\u00bb des consultations et entretiens. Cette attention port\u00e9e \u00e0 la confidentialit\u00e9 r\u00e9pond aux exigences de prise en charge des adolescents.<\/p>\n<p>Le service vie scolaire, o\u00f9 neuf employ\u00e9s s\u2019entassaient dans quinze m\u00e8tres carr\u00e9s, obtient enfin des locaux dignes de ses missions. Cette extension permettra une meilleure coordination entre assistants d\u2019\u00e9ducation, conseillers principaux et \u00e9quipes d\u2019aide aux devoirs.<\/p>\n<p>Mourad Chikh, principal de l\u2019\u00e9tablissement, \u00e9tablit un lien direct entre qualit\u00e9 des locaux et ambiance g\u00e9n\u00e9rale : \u00ab\u00a0Avant travaux, nous comptions une vingtaine de conseils de discipline chaque ann\u00e9e. Depuis, seulement un s\u2019est tenu.\u00a0\u00bb<\/p>\n<p>Des am\u00e9nagements ext\u00e9rieurs compl\u00e9mentaires<\/p>\n<p>Le projet int\u00e8gre \u00e9galement l\u2019embellissement des espaces ext\u00e9rieurs avec la plantation d\u2019arbres et la cr\u00e9ation d\u2019un parking \u00e0 v\u00e9los. Ces \u00e9quipements r\u00e9pondent aux pr\u00e9occupations environnementales actuelles et encouragent les modes de transport doux.<\/p>\n<p>Le principal assume pleinement cette philosophie : \u00ab\u00a0Je pense sinc\u00e8rement que ces travaux sont relatifs au bien vivre des \u00e9quipes et surtout des \u00e9l\u00e8ves.\u00a0\u00bb Cette conviction guide l\u2019ensemble du projet de transformation.Un investissement d\u00e9partemental strat\u00e9gique<\/p>\n<p>Les 3,5 millions d\u2019euros mobilis\u00e9s par le D\u00e9partement de la Loire repr\u00e9sentent un investissement consid\u00e9rable dans l\u2019avenir \u00e9ducatif du territoire. Cette somme place Gambetta parmi les chantiers prioritaires de la collectivit\u00e9.<\/p>\n<p>Ces transformations d\u00e9passent le simple cadre architectural pour impacter durablement la qualit\u00e9 \u00e9ducative. \u00ab\u00a0Ces travaux auront un v\u00e9ritable impact sur la qualit\u00e9 et la capacit\u00e9 de vie de nos \u00e9l\u00e8ves et de notre personnel\u00a0\u00bb, assure le chef d\u2019\u00e9tablissement.<\/p>\n<p>Surnomm\u00e9 le \u00ab\u00a0coll\u00e8ge aux mille chantiers\u00a0\u00bb par son principal, Gambetta incarne parfaitement les d\u00e9fis contemporains de l\u2019architecture scolaire. Concilier h\u00e9ritage patrimonial et exigences p\u00e9dagogiques modernes n\u00e9cessite cr\u00e9ativit\u00e9 et pragmatisme.<\/p>\n","protected":false},"excerpt":{"rendered":"Avec 3,5 millions d\u2019euros investis par le D\u00e9partement, le coll\u00e8ge Gambetta repense enti\u00e8rement ses espaces pour mieux accueillir&hellip;\n","protected":false},"author":2,"featured_media":241739,"comment_status":"","ping_status":"","sticky":false,"template":"","format":"standard","meta":{"footnotes":""},"categories":[9653],"tags":[1111,11,2430,1124,1777,674,1011,27,38138,3367,12,25,4001],"class_list":{"0":"post-241738","1":"post","2":"type-post","3":"status-publish","4":"format-standard","5":"has-post-thumbnail","7":"category-saint-etienne","8":"tag-actu","9":"tag-actualites","10":"tag-auvergne-rhone-alpes","11":"tag-college","12":"tag-eu","13":"tag-europe","14":"tag-fr","15":"tag-france","16":"tag-gambetta","17":"tag-loire","18":"tag-news","19":"tag-republique-francaise","20":"tag-saint-etienne"},"share_on_mastodon":{"url":"https:\/\/pubeurope.com\/@fr\/114832952762795271","error":""},"_links":{"self":[{"href":"https:\/\/www.europesays.com\/fr\/wp-json\/wp\/v2\/posts\/241738","targetHints":{"allow":["GET"]}}],"collection":[{"href":"https:\/\/www.europesays.com\/fr\/wp-json\/wp\/v2\/posts"}],"about":[{"href":"https:\/\/www.europesays.com\/fr\/wp-json\/wp\/v2\/types\/post"}],"author":[{"embeddable":true,"href":"https:\/\/www.europesays.com\/fr\/wp-json\/wp\/v2\/users\/2"}],"replies":[{"embeddable":true,"href":"https:\/\/www.europesays.com\/fr\/wp-json\/wp\/v2\/comments?post=241738"}],"version-history":[{"count":0,"href":"https:\/\/www.europesays.com\/fr\/wp-json\/wp\/v2\/posts\/241738\/revisions"}],"wp:featuredmedia":[{"embeddable":true,"href":"https:\/\/www.europesays.com\/fr\/wp-json\/wp\/v2\/media\/241739"}],"wp:attachment":[{"href":"https:\/\/www.europesays.com\/fr\/wp-json\/wp\/v2\/media?parent=241738"}],"wp:term":[{"taxonomy":"category","embeddable":true,"href":"https:\/\/www.europesays.com\/fr\/wp-json\/wp\/v2\/categories?post=241738"},{"taxonomy":"post_tag","embeddable":true,"href":"https:\/\/www.europesays.com\/fr\/wp-json\/wp\/v2\/tags?post=241738"}],"curies":[{"name":"wp","href":"https:\/\/api.w.org\/{rel}","templated":true}]}}