{"id":241754,"date":"2025-07-11T05:39:13","date_gmt":"2025-07-11T05:39:13","guid":{"rendered":"https:\/\/www.europesays.com\/fr\/241754\/"},"modified":"2025-07-11T05:39:13","modified_gmt":"2025-07-11T05:39:13","slug":"nominations-olivier-muquet-thibault-rimlinger-lorraine-sereyjol-garros-les-mouvements-du-jour","status":"publish","type":"post","link":"https:\/\/www.europesays.com\/fr\/241754\/","title":{"rendered":"Nominations. Olivier Muquet, Thibault Rimlinger, Lorraine Sereyjol-Garros&#8230; : les mouvements du jour"},"content":{"rendered":"<p>  &#13;<br \/>\n      <a href=\"https:\/\/cdn-s-www.ledauphine.com\/images\/891dcdf8-bbb2-496b-9550-151fe1051681\/NW_raw\/avec-nomination-premier-service-d-informations-sur-les-decideurs-en-france-de-veille-strategique-et-de-mise-en-relation-business-to-business-1747303097.jpg\" title=\"Avec Nomination, premier service d&#039;informations sur les d\u00e9cideurs en France, de veille strat\u00e9gique et de mise en relation Business-to-Business.\" class=\"chocolat-image GA-tracking\" data-ga_type=\"click\" data-ga_category=\"D\u00e9tail\" data-ga_action=\"zoomer\" data-ga_label=\"agrandir image\" target=\"_blank\" rel=\"noopener\">&#13;<br \/>\n          <img loading=\"lazy\" decoding=\"async\" src=\"https:\/\/www.europesays.com\/fr\/wp-content\/uploads\/2025\/06\/avec-nomination-premier-service-d-informations-sur-les-decideurs-en-france-de-veille-strategique-et-.jpeg\" data-mobile=\"NW_listC_M|1747303097\" data-base=\"NW_listC|1747303097\" alt=\"Avec Nomination, premier service d'informations sur les d\u00e9cideurs en France, de veille strat\u00e9gique et de mise en relation Business-to-Business.\"\/>&#13;<br \/>\n      <\/a>&#13;<\/p>\n<p>Avec Nomination, premier service d&rsquo;informations sur les d\u00e9cideurs en France, de veille strat\u00e9gique et de mise en relation Business-to-Business.<\/p>\n<p>&#13;<\/p>\n<p>  Is\u00e8re\u00a0: Olivier Muquet est le nouveau PDG de Cilkoa<\/p>\n<p>Cofondateur de Cilkoa, qui\u00a0propose des <a href=\"https:\/\/www.ledauphine.com\/environnement\/2024\/01\/17\/cilkoa-la-start-up-qui-ameliore-la-cellulose\" target=\"_blank\" rel=\"noopener\">solutions innovantes<\/a>\u00a0pour acc\u00e9l\u00e9rer la fin du plastique dans les emballages alimentaires, Olivier Muquet\u00a0a \u00e9t\u00e9 nomm\u00e9\u00a0pr\u00e9sident-directeur g\u00e9n\u00e9ral de la\u00a0soci\u00e9t\u00e9 bas\u00e9e \u00e0\u00a0Montbonnot-Saint-Martin.<\/p>\n<p>\u00ab\u00a0Nous sommes plus que jamais d\u00e9termin\u00e9s \u00e0 faire de notre vision une r\u00e9alit\u00e9 : permettre \u00e0 tous les emballages d&rsquo;\u00eatre 100 % d&rsquo;origine renouvelable, 100 % recyclables et compostables \u00e0 domicile. Pour cela nous pouvons compter sur une \u00e9quipe soud\u00e9e, <a href=\"https:\/\/www.ledauphine.com\/economie\/2023\/07\/18\/isere-saint-martin-d-heres-cilkoa-leve-3-2-m-pour-accelerer-la-fin-du-plastique-dans-les-emballages-alimentaires\" target=\"_blank\" rel=\"noopener\">ambitieuse<\/a> et pleine de ressources pour r\u00e9aliser notre premier objectif majeur : vendre nos premiers \u00e9quipements destin\u00e9s aux fabricants d&#8217;emballages d\u00e8s l&rsquo;ann\u00e9e prochaine\u00a0\u00bb, confie sur compte LinkedIn celui qui \u00e9tait jusque-l\u00e0 directeur marketing et commercial au sein de Cilkoa.<\/p>\n<p>Olivier Muquet succ\u00e8de \u00e0 Romain Lecot, qui \u00e9tait \u00e9galement cofondateur de l&rsquo;entreprise is\u00e9roise.<\/p>\n","protected":false},"excerpt":{"rendered":"&#13; &#13; &#13; &#13; Avec Nomination, premier service d&rsquo;informations sur les d\u00e9cideurs en France, de veille strat\u00e9gique et&hellip;\n","protected":false},"author":2,"featured_media":185082,"comment_status":"","ping_status":"","sticky":false,"template":"","format":"standard","meta":{"footnotes":""},"categories":[9566],"tags":[1111,11,2430,9810,33,1777,674,1011,27,2731,12,9350,25,216],"class_list":{"0":"post-241754","1":"post","2":"type-post","3":"status-publish","4":"format-standard","5":"has-post-thumbnail","7":"category-grenoble","8":"tag-actu","9":"tag-actualites","10":"tag-auvergne-rhone-alpes","11":"tag-direct-entreprises","12":"tag-economie","13":"tag-eu","14":"tag-europe","15":"tag-fr","16":"tag-france","17":"tag-grenoble","18":"tag-news","19":"tag-nominations","20":"tag-republique-francaise","21":"tag-vie-des-entreprises"},"share_on_mastodon":{"url":"https:\/\/pubeurope.com\/@fr\/114832996007620870","error":""},"_links":{"self":[{"href":"https:\/\/www.europesays.com\/fr\/wp-json\/wp\/v2\/posts\/241754","targetHints":{"allow":["GET"]}}],"collection":[{"href":"https:\/\/www.europesays.com\/fr\/wp-json\/wp\/v2\/posts"}],"about":[{"href":"https:\/\/www.europesays.com\/fr\/wp-json\/wp\/v2\/types\/post"}],"author":[{"embeddable":true,"href":"https:\/\/www.europesays.com\/fr\/wp-json\/wp\/v2\/users\/2"}],"replies":[{"embeddable":true,"href":"https:\/\/www.europesays.com\/fr\/wp-json\/wp\/v2\/comments?post=241754"}],"version-history":[{"count":0,"href":"https:\/\/www.europesays.com\/fr\/wp-json\/wp\/v2\/posts\/241754\/revisions"}],"wp:featuredmedia":[{"embeddable":true,"href":"https:\/\/www.europesays.com\/fr\/wp-json\/wp\/v2\/media\/185082"}],"wp:attachment":[{"href":"https:\/\/www.europesays.com\/fr\/wp-json\/wp\/v2\/media?parent=241754"}],"wp:term":[{"taxonomy":"category","embeddable":true,"href":"https:\/\/www.europesays.com\/fr\/wp-json\/wp\/v2\/categories?post=241754"},{"taxonomy":"post_tag","embeddable":true,"href":"https:\/\/www.europesays.com\/fr\/wp-json\/wp\/v2\/tags?post=241754"}],"curies":[{"name":"wp","href":"https:\/\/api.w.org\/{rel}","templated":true}]}}