{"id":241765,"date":"2025-07-11T05:45:10","date_gmt":"2025-07-11T05:45:10","guid":{"rendered":"https:\/\/www.europesays.com\/fr\/241765\/"},"modified":"2025-07-11T05:45:10","modified_gmt":"2025-07-11T05:45:10","slug":"au-port-de-nice-le-nouveau-centre-des-congres-souvre-au-grand-public-avec-une-expo-geante-sur-locean","status":"publish","type":"post","link":"https:\/\/www.europesays.com\/fr\/241765\/","title":{"rendered":"Au port de Nice, le nouveau centre des congr\u00e8s s\u2019ouvre au grand public avec une expo g\u00e9ante sur l\u2019oc\u00e9an"},"content":{"rendered":"<p>Plonger dans Oc\u00e9aNice. Ce sera possible d\u00e8s ce vendredi 11 juillet 2025 \u00e0 partir de 18h30 et tout l\u2019\u00e9t\u00e9, gr\u00e2ce \u00e0 l\u2019exposition immersive L\u2019Oc\u00e9an de L\u00e9a, organis\u00e9e dans le nouveau centre des congr\u00e8s, au port de Nice (1).<\/p>\n<p>\u00ab\u00a0Il ne faut pas que ce b\u00e2timent soit ferm\u00e9, les Ni\u00e7ois doivent se l\u2019approprier\u00a0\u00bb, rappelle Jean-S\u00e9bastien Martinez, directeur de l\u2019Office de tourisme m\u00e9tropolitain, en charge du nouveau centre des congr\u00e8s, o\u00f9 s\u2019est d\u00e9roul\u00e9 \u2013 du 9 au 13 juin \u2013 le sommet international de l\u2019Oc\u00e9an.<\/p>\n<p>Exp\u00e9riences grand public<\/p>\n<p>Le public pourra, donc, explorer les 2.500m2 transform\u00e9s en fonds marins. Un parcours subaquatique peupl\u00e9 de raies manta, de posidonies, de m\u00e9duses, de grottes sous-marines&#8230; \u00ab\u00a0F\u00e9\u00e9rique et apaisant&#8230;\u00a0\u00bb<\/p>\n<p>Un univers gigantesque con\u00e7u par un ma\u00eetre de l\u2019origami spectaculaire: Junior Fritz Jacquet. Un orf\u00e8vre du pliage \u00e0 la japonaise, mais en version d\u00e9mesur\u00e9e. Depuis 20 ans, le sculpteur plasticien et designer parisien expose ses \u0153uvres dans le monde entier.<\/p>\n<p>Le voici donc \u00e0 Nice, dans le cadre de l\u2019ann\u00e9e de la Mer, avec cette ambiance marine fantastique, version papier, produite par Cit\u00e9s Immersives, soci\u00e9t\u00e9, laquelle, comme son qualificatif l\u2019indique, con\u00e7oit et exploite des lieux culturels immersifs en France et dans le monde \u00e0 travers une approche extraordinaire, sensorielle et p\u00e9dagogique.<\/p>\n<p>Une mani\u00e8re de d\u00e9velopper des expositions en r\u00e9sonance avec le patrimoine local de lieux embl\u00e9matiques au service d\u2019exp\u00e9riences grand public fortes. Un plouf qui ne fera pas un pli!<\/p>\n<p>(1) L\u2019Oc\u00e9an de L\u00e9a au centre des congr\u00e8s Oc\u00e9aNice, quai Infernet jusqu\u2019au 14 septembre, du dimanche au vendredi, de 10h \u00e0 18h et le samedi, de 10h \u00e0 20h10 euros, 5 euros pour les 5-14 ans et les personnes handicap\u00e9es plus un accompagnant, gratuit pour les enfants jusqu\u2019\u00e0 4 ans. Billetterie et paiement par carte bancaire uniquement aux guichets Oc\u00e9aNice ou en ligne.<\/p>\n","protected":false},"excerpt":{"rendered":"Plonger dans Oc\u00e9aNice. Ce sera possible d\u00e8s ce vendredi 11 juillet 2025 \u00e0 partir de 18h30 et tout&hellip;\n","protected":false},"author":2,"featured_media":241766,"comment_status":"","ping_status":"","sticky":false,"template":"","format":"standard","meta":{"footnotes":""},"categories":[2819],"tags":[1111,11,436,1777,674,1011,27,12,2401,882,25],"class_list":{"0":"post-241765","1":"post","2":"type-post","3":"status-publish","4":"format-standard","5":"has-post-thumbnail","7":"category-nice","8":"tag-actu","9":"tag-actualites","10":"tag-environnement","11":"tag-eu","12":"tag-europe","13":"tag-fr","14":"tag-france","15":"tag-news","16":"tag-nice","17":"tag-provence-alpes-cote-dazur","18":"tag-republique-francaise"},"share_on_mastodon":{"url":"https:\/\/pubeurope.com\/@fr\/114833019631817160","error":""},"_links":{"self":[{"href":"https:\/\/www.europesays.com\/fr\/wp-json\/wp\/v2\/posts\/241765","targetHints":{"allow":["GET"]}}],"collection":[{"href":"https:\/\/www.europesays.com\/fr\/wp-json\/wp\/v2\/posts"}],"about":[{"href":"https:\/\/www.europesays.com\/fr\/wp-json\/wp\/v2\/types\/post"}],"author":[{"embeddable":true,"href":"https:\/\/www.europesays.com\/fr\/wp-json\/wp\/v2\/users\/2"}],"replies":[{"embeddable":true,"href":"https:\/\/www.europesays.com\/fr\/wp-json\/wp\/v2\/comments?post=241765"}],"version-history":[{"count":0,"href":"https:\/\/www.europesays.com\/fr\/wp-json\/wp\/v2\/posts\/241765\/revisions"}],"wp:featuredmedia":[{"embeddable":true,"href":"https:\/\/www.europesays.com\/fr\/wp-json\/wp\/v2\/media\/241766"}],"wp:attachment":[{"href":"https:\/\/www.europesays.com\/fr\/wp-json\/wp\/v2\/media?parent=241765"}],"wp:term":[{"taxonomy":"category","embeddable":true,"href":"https:\/\/www.europesays.com\/fr\/wp-json\/wp\/v2\/categories?post=241765"},{"taxonomy":"post_tag","embeddable":true,"href":"https:\/\/www.europesays.com\/fr\/wp-json\/wp\/v2\/tags?post=241765"}],"curies":[{"name":"wp","href":"https:\/\/api.w.org\/{rel}","templated":true}]}}