{"id":241767,"date":"2025-07-11T05:46:10","date_gmt":"2025-07-11T05:46:10","guid":{"rendered":"https:\/\/www.europesays.com\/fr\/241767\/"},"modified":"2025-07-11T05:46:10","modified_gmt":"2025-07-11T05:46:10","slug":"la-baignade-tourne-mal-pres-de-nice-une-femme-entre-la-vie-et-la-mort-apres-une-noyade","status":"publish","type":"post","link":"https:\/\/www.europesays.com\/fr\/241767\/","title":{"rendered":"La baignade tourne mal pr\u00e8s de Nice, une femme entre la vie et la mort apr\u00e8s une noyade"},"content":{"rendered":"<p>            Par<br \/>\n        <strong><br \/>\n            <a href=\"https:\/\/actu.fr\/auteur\/fabien-binacchi\" title=\"Consulter tous les articles de Fabien Binacchi\" target=\"_blank\" rel=\"noopener\">Fabien Binacchi<\/a><br \/>\n        <\/strong><\/p>\n<p>        Publi\u00e9 le<\/p>\n<p>            11 juil. 2025 \u00e0 7h31        <\/p>\n<p>La fin de journ\u00e9e a vir\u00e9 au drame sur cette plage tr\u00e8s connue du centre-ville de <a href=\"https:\/\/actu.fr\/provence-alpes-cote-d-azur\/menton_06083\" target=\"_blank\" rel=\"noopener\">Menton<\/a>, pr\u00e8s de <a href=\"https:\/\/actu.fr\/nice\/\" target=\"_blank\" rel=\"noopener\">Nice<\/a>. Les pompiers des <a href=\"https:\/\/actu.fr\/provence-alpes-cote-d-azur\/alpes-maritimes_06\" target=\"_blank\" rel=\"noopener\">Alpes-Maritimes<\/a> ont d\u00e9ploy\u00e9 <strong>un important dispositif<\/strong> ce jeudi 10\u00a0juillet 2025 aux Sablettes pour secourir une septuag\u00e9naire victime d\u2019une noyade.<\/p>\n<p class=\" wall-content\">Elle a \u00e9t\u00e9 transport\u00e9e \u00e0 l\u2019h\u00f4pital dans un \u00e9tat grave.<\/p>\n<p>Rapidement sortie de l\u2019eau<\/p>\n<p class=\" wall-content\">Une dizaine de sapeurs pompiers, trois engins ainsi qu\u2019<strong>un bateau de reconnaissance et de sauvetage<\/strong> sont d\u00e9ploy\u00e9s du c\u00f4t\u00e9 de la plage des Sablettes, \u00e0 Menton, en d\u00e9but de soir\u00e9e, ce jeudi 10\u00a0juillet 2025. Une femme d\u2019environ 70\u00a0ans vient d\u2019\u00eatre victime d\u2019une noyade.<\/p>\n<p>    <a href=\"https:\/\/www.google.com\/maps\/embed?pb=!1m18!1m12!1m3!1d21365.412714094535!2d7.487596415677609!3d43.77846555013781!2m3!1f0!2f0!3f0!3m2!1i1024!2i768!4f13.1!3m3!1m2!1s0x12cdebe6abe259c7%3A0x2a2b6808af20f4bd!2sPlage%20des%20Sablettes!5e1!3m2!1sfr!2sfr!4v1752211258703!5m2!1sfr!2sfr\" title=\"Ouvrie le lien\" target=\"_blank\" rel=\"noopener\">Cliquez ici pour visualiser le contenu<\/a><\/p>\n<p class=\" wall-content\">\u00ab\u2009La victime a \u00e9t\u00e9 rapidement sortie de l\u2019eau par les surveillants de baignade sapeurs-pompiers\u2009\u00bb, indique le Service d\u00e9partemental d\u2019incendie et de secours (Sdis) 06.<\/p>\n<p>Vers un service de r\u00e9animation<\/p>\n<p class=\" wall-content\">La septuag\u00e9naire est <strong>entre la vie et la mort.<\/strong><\/p>\n<p>Vid\u00e9os : en ce moment sur Actu<\/p>\n<p class=\" wall-content\">\u00ab\u2009Elle a \u00e9t\u00e9 m\u00e9dicalis\u00e9e sur place par l\u2019\u00e9quipe du SMUR de Menton et transport\u00e9e dans un \u00e9tat grave vers le service de r\u00e9animation de <strong>l\u2019h\u00f4pital d\u2019Antibes<\/strong>\u2009\u00bb, pr\u00e9cise le Sdis.<\/p>\n<p class=\" wall-content\"><strong>Les polices nationale et municipale<\/strong> \u00e9taient \u00e9galement pr\u00e9sentes sur les lieux.<\/p>\n<p class=\" wall-content\">Suivez toute l\u2019actualit\u00e9 de vos villes et m\u00e9dias favoris en vous inscrivant \u00e0 <a href=\"https:\/\/moncompte.actu.fr\" title=\"D\u00e9couvez Mon Actu\" rel=\"nofollow noopener\" data-trk=\"{&quot;cta&quot;:{&quot;action&quot;:&quot;https:\\\/\\\/moncompte.actu.fr&quot;,&quot;category&quot;:&quot;mon compte&quot;,&quot;from&quot;:&quot;article footer&quot;,&quot;name&quot;:&quot;Mon actu&quot;,&quot;type&quot;:&quot;cta&quot;}}\" target=\"_blank\">Mon Actu<\/a>.<\/p>\n","protected":false},"excerpt":{"rendered":"Par Fabien Binacchi Publi\u00e9 le 11 juil. 2025 \u00e0 7h31 La fin de journ\u00e9e a vir\u00e9 au drame&hellip;\n","protected":false},"author":2,"featured_media":241768,"comment_status":"","ping_status":"","sticky":false,"template":"","format":"standard","meta":{"footnotes":""},"categories":[2819],"tags":[1111,11,1777,674,118,1011,27,6127,12,2401,8302,1311,882,25],"class_list":{"0":"post-241767","1":"post","2":"type-post","3":"status-publish","4":"format-standard","5":"has-post-thumbnail","7":"category-nice","8":"tag-actu","9":"tag-actualites","10":"tag-eu","11":"tag-europe","12":"tag-faits-divers","13":"tag-fr","14":"tag-france","15":"tag-mer","16":"tag-news","17":"tag-nice","18":"tag-plages","19":"tag-pompiers","20":"tag-provence-alpes-cote-dazur","21":"tag-republique-francaise"},"share_on_mastodon":{"url":"https:\/\/pubeurope.com\/@fr\/114833023554739511","error":""},"_links":{"self":[{"href":"https:\/\/www.europesays.com\/fr\/wp-json\/wp\/v2\/posts\/241767","targetHints":{"allow":["GET"]}}],"collection":[{"href":"https:\/\/www.europesays.com\/fr\/wp-json\/wp\/v2\/posts"}],"about":[{"href":"https:\/\/www.europesays.com\/fr\/wp-json\/wp\/v2\/types\/post"}],"author":[{"embeddable":true,"href":"https:\/\/www.europesays.com\/fr\/wp-json\/wp\/v2\/users\/2"}],"replies":[{"embeddable":true,"href":"https:\/\/www.europesays.com\/fr\/wp-json\/wp\/v2\/comments?post=241767"}],"version-history":[{"count":0,"href":"https:\/\/www.europesays.com\/fr\/wp-json\/wp\/v2\/posts\/241767\/revisions"}],"wp:featuredmedia":[{"embeddable":true,"href":"https:\/\/www.europesays.com\/fr\/wp-json\/wp\/v2\/media\/241768"}],"wp:attachment":[{"href":"https:\/\/www.europesays.com\/fr\/wp-json\/wp\/v2\/media?parent=241767"}],"wp:term":[{"taxonomy":"category","embeddable":true,"href":"https:\/\/www.europesays.com\/fr\/wp-json\/wp\/v2\/categories?post=241767"},{"taxonomy":"post_tag","embeddable":true,"href":"https:\/\/www.europesays.com\/fr\/wp-json\/wp\/v2\/tags?post=241767"}],"curies":[{"name":"wp","href":"https:\/\/api.w.org\/{rel}","templated":true}]}}