{"id":241771,"date":"2025-07-11T05:48:11","date_gmt":"2025-07-11T05:48:11","guid":{"rendered":"https:\/\/www.europesays.com\/fr\/241771\/"},"modified":"2025-07-11T05:48:11","modified_gmt":"2025-07-11T05:48:11","slug":"cette-commune-pres-de-nantes-ouvre-ses-cours-decole-pendant-les-vacances-dete","status":"publish","type":"post","link":"https:\/\/www.europesays.com\/fr\/241771\/","title":{"rendered":"Cette commune pr\u00e8s de Nantes ouvre ses cours d&rsquo;\u00e9cole pendant les vacances d&rsquo;\u00e9t\u00e9"},"content":{"rendered":"<p>            Par<br \/>\n        <strong><br \/>\n            <a href=\"https:\/\/actu.fr\/auteur\/laure-gentil\" title=\"Consulter tous les articles de Laure Gentil\" target=\"_blank\" rel=\"noopener\">Laure Gentil<\/a><br \/>\n        <\/strong><\/p>\n<p>        Publi\u00e9 le<\/p>\n<p>            11 juil. 2025 \u00e0 7h28        <\/p>\n<p>Et si vous alliez dans les cours d\u2019\u00e9cole de vos enfants pour profiter d\u2019un peu de fra\u00eecheur cet \u00e9t\u00e9\u2009?<\/p>\n<p class=\" wall-content\">\u00c0<strong> Saint-S\u00e9bastien-sur-Loire<\/strong>, dans la m\u00e9tropole de Nantes, la mairie a d\u00e9cid\u00e9 d\u2019exp\u00e9rimenter <strong>l\u2019ouverture publique des cours d\u2019\u00e9cole<\/strong>. C\u2019est la \u00ab\u2009r\u00e9cr\u00e9 pour tous\u2009\u00bb. Cette exp\u00e9rimentation, qui a d\u00e9but\u00e9 pendant les vacances de printemps se fait aussi durant les <strong>vacances d\u2019\u00e9t\u00e9.<\/strong><\/p>\n<p class=\" wall-content\">\u00ab\u2009L\u2019objectif est d\u2019offrir \u00e0 tout habitant un espace pour se d\u00e9tendre, profiter de l\u2019ombre en cas de fortes chaleurs, jouer avec ses enfants, discuter avec d\u2019autres parents\u2026\u2009\u00bb, indique la mairie de Saint-S\u00e9bastien-sur-Loire.<\/p>\n<p>Une \u00e9valuation<\/p>\n<p class=\" wall-content\">Une \u00e9valuation sera r\u00e9alis\u00e9e <strong>pour mesurer l\u2019impact de ce dispositif<\/strong>. Un formulaire est disponible sur la plateforme participative de la Ville.<\/p>\n<p class=\" wall-content\">Pour l\u2019instant seules les cours v\u00e9g\u00e9talis\u00e9es du groupe scolaire de La Fontaine sont concern\u00e9es\u2009: la cour \u00e9l\u00e9mentaire et la cour maternelle. Elles sont ouvertes <strong>du 7\u00a0juillet au 22\u00a0ao\u00fbt 2025, de 9\u2009h \u00e0 19\u2009h,<\/strong> mais seront ferm\u00e9es les week-ends et le vendredi 15\u00a0ao\u00fbt.<\/p>\n<p>Vid\u00e9os : en ce moment sur Actu<\/p>\n<p class=\" wall-content\">Suivez toute l\u2019actualit\u00e9 de vos villes et m\u00e9dias favoris en vous inscrivant \u00e0 <a href=\"https:\/\/moncompte.actu.fr\" title=\"D\u00e9couvez Mon Actu\" rel=\"nofollow noopener\" data-trk=\"{&quot;cta&quot;:{&quot;action&quot;:&quot;https:\\\/\\\/moncompte.actu.fr&quot;,&quot;category&quot;:&quot;mon compte&quot;,&quot;from&quot;:&quot;article footer&quot;,&quot;name&quot;:&quot;Mon actu&quot;,&quot;type&quot;:&quot;cta&quot;}}\" target=\"_blank\">Mon Actu<\/a>.<\/p>\n","protected":false},"excerpt":{"rendered":"Par Laure Gentil Publi\u00e9 le 11 juil. 2025 \u00e0 7h28 Et si vous alliez dans les cours d\u2019\u00e9cole&hellip;\n","protected":false},"author":2,"featured_media":241772,"comment_status":"","ping_status":"","sticky":false,"template":"","format":"standard","meta":{"footnotes":""},"categories":[2818],"tags":[1111,11,1777,674,1011,27,766,12,2636,52,25,15097,15637],"class_list":{"0":"post-241771","1":"post","2":"type-post","3":"status-publish","4":"format-standard","5":"has-post-thumbnail","7":"category-nantes","8":"tag-actu","9":"tag-actualites","10":"tag-eu","11":"tag-europe","12":"tag-fr","13":"tag-france","14":"tag-nantes","15":"tag-news","16":"tag-pays-de-la-loire","17":"tag-planete","18":"tag-republique-francaise","19":"tag-solutions","20":"tag-vague-de-chaleur"},"share_on_mastodon":{"url":"https:\/\/pubeurope.com\/@fr\/114833031420363644","error":""},"_links":{"self":[{"href":"https:\/\/www.europesays.com\/fr\/wp-json\/wp\/v2\/posts\/241771","targetHints":{"allow":["GET"]}}],"collection":[{"href":"https:\/\/www.europesays.com\/fr\/wp-json\/wp\/v2\/posts"}],"about":[{"href":"https:\/\/www.europesays.com\/fr\/wp-json\/wp\/v2\/types\/post"}],"author":[{"embeddable":true,"href":"https:\/\/www.europesays.com\/fr\/wp-json\/wp\/v2\/users\/2"}],"replies":[{"embeddable":true,"href":"https:\/\/www.europesays.com\/fr\/wp-json\/wp\/v2\/comments?post=241771"}],"version-history":[{"count":0,"href":"https:\/\/www.europesays.com\/fr\/wp-json\/wp\/v2\/posts\/241771\/revisions"}],"wp:featuredmedia":[{"embeddable":true,"href":"https:\/\/www.europesays.com\/fr\/wp-json\/wp\/v2\/media\/241772"}],"wp:attachment":[{"href":"https:\/\/www.europesays.com\/fr\/wp-json\/wp\/v2\/media?parent=241771"}],"wp:term":[{"taxonomy":"category","embeddable":true,"href":"https:\/\/www.europesays.com\/fr\/wp-json\/wp\/v2\/categories?post=241771"},{"taxonomy":"post_tag","embeddable":true,"href":"https:\/\/www.europesays.com\/fr\/wp-json\/wp\/v2\/tags?post=241771"}],"curies":[{"name":"wp","href":"https:\/\/api.w.org\/{rel}","templated":true}]}}