{"id":241777,"date":"2025-07-11T05:52:13","date_gmt":"2025-07-11T05:52:13","guid":{"rendered":"https:\/\/www.europesays.com\/fr\/241777\/"},"modified":"2025-07-11T05:52:13","modified_gmt":"2025-07-11T05:52:13","slug":"voici-les-meilleurs-colleges-de-toulouse-et-de-haute-garonne-selon-ce-classement","status":"publish","type":"post","link":"https:\/\/www.europesays.com\/fr\/241777\/","title":{"rendered":"Voici les meilleurs coll\u00e8ges de Toulouse et de Haute-Garonne, selon ce classement"},"content":{"rendered":"<p>            Par<br \/>\n        <strong><br \/>\n            <a href=\"https:\/\/actu.fr\/auteur\/marie-lamarque\" title=\"Consulter tous les articles de Marie Lamarque\" rel=\"nofollow noopener\" target=\"_blank\">Marie Lamarque<\/a><br \/>\n        <\/strong><\/p>\n<p>        Publi\u00e9 le<\/p>\n<p>            11 juil. 2025 \u00e0 7h12        <\/p>\n<p>Un palmar\u00e8s scrut\u00e9 chaque ann\u00e9e. Le magazine <a href=\"https:\/\/www.letudiant.fr\/classements\/classement-des-meilleurs-colleges.html\" rel=\"nofollow noopener\" target=\"_blank\">L\u2019\u00c9tudiant<\/a> a d\u00e9voil\u00e9<strong> son classement des meilleurs coll\u00e8ges<\/strong> en France ce mardi 8 juillet 2025. Ce dernier se base notamment sur \u00ab\u00a0les r\u00e9sultats obtenus aux brevets des coll\u00e8ges (2024, 2023, 2022) ; mais aussi sur les indicateurs de mixit\u00e9 sociale du minist\u00e8re de l\u2019\u00c9ducation nationale publi\u00e9s chaque ann\u00e9e\u00a0\u00bb, d\u00e9taille le m\u00e9dia sp\u00e9cialis\u00e9. Quels sont les \u00e9tablissements qui ressortent en Haute-Garonne et <a href=\"https:\/\/actu.fr\/toulouse\/\" rel=\"nofollow noopener\" target=\"_blank\">\u00e0 Toulouse<\/a> ?<\/p>\n<p>Le classement \u00e0 Toulouse<\/p>\n<p class=\" wall-content\">\u00c0 partir des<strong> quatre crit\u00e8res observ\u00e9s<\/strong> par L\u2019\u00c9tudiant (le taux de r\u00e9ussite au brevet sur trois ans, la note moyenne \u00e0 l\u2019\u00e9crit du brevet en 2024, la valeur ajout\u00e9e ou la capacit\u00e9 \u00e0 faire progresser les \u00e9l\u00e8ves et l\u2019indicateur de mixit\u00e9 sociale), une note sur 20 est attribu\u00e9e \u00e0 chaque \u00e9tablissement. C\u2019est \u00e0 partir de la moyenne de ces notes que s\u2019\u00e9tablit le classement. Les laur\u00e9ats sont r\u00e9partis dans cinq groupes class\u00e9s par ordre de performance, de A \u00e0 E.<\/p>\n<p class=\" wall-content\">Sur les 37 coll\u00e8ges de Toulouse r\u00e9pertori\u00e9s, voici ceux class\u00e9s en A :<\/p>\n<ul class=\" wall-content\">\n<li><strong>le coll\u00e8ge \u00c9mile-Zola ;<\/strong><\/li>\n<li><strong>le coll\u00e8ge Jean-Moulin ;<\/strong><\/li>\n<li><strong>le coll\u00e8ge Jean-Pierre Vernant ;<\/strong><\/li>\n<li><strong>le coll\u00e8ge Maurice Becanne ;<\/strong><\/li>\n<li><strong>le coll\u00e8ge priv\u00e9 \u00c9milie de Rodat ;<\/strong><\/li>\n<li><strong>le coll\u00e8ge priv\u00e9 Sainte-Marie de Nevers.<\/strong><\/li>\n<\/ul>\n<p>Ces autres \u00e9tablissements en Haute-Garonne qui se distinguent<\/p>\n<p class=\" wall-content\">Ailleurs, en Haute-Garonne, d\u2019autres \u00e9tablissements se sont \u00e9galement distingu\u00e9s, en \u00e9tant class\u00e9s A :<\/p>\n<ul class=\" wall-content\">\n<li>le coll\u00e8ge Alain-Savary de Fronton ;<\/li>\n<li>le coll\u00e8ge Albert-Camus de Villemur-sur-Tarn ;<\/li>\n<li>le coll\u00e8ge Betance \u00e0 Muret ;<\/li>\n<li>le coll\u00e8ge Cantelauze \u00e0 Fonsorbes ;<\/li>\n<li>le coll\u00e8ge des 3 Vall\u00e9es \u00e0 Salies-du-Salat ;<\/li>\n<li>le coll\u00e8ge Jean-Monnet \u00e0 Bagn\u00e8res-de-Luchon ;<\/li>\n<li>le coll\u00e8ge L\u00e9on-Blum de Colomiers ;<\/li>\n<li>le coll\u00e8ge Les Violettes de Saint-Aubin ;<\/li>\n<li>le coll\u00e8ge priv\u00e9 Sainte-Th\u00e9r\u00e8se de Saint-Gaudens.<\/li>\n<\/ul>\n<p><strong>Infos pratiques<\/strong><br \/>\nPour retrouver le classement complet <a href=\"https:\/\/www.letudiant.fr\/classements\/classement-des-meilleurs-colleges.html\" rel=\"nofollow noopener\" target=\"_blank\">sur le site de L\u2019\u00c9tudiant, ainsi que les d\u00e9tails sur la m\u00e9thodologie appliqu\u00e9e, cliquer ici<\/a>.<\/p>\n<p class=\" wall-content\">Suivez toute l\u2019actualit\u00e9 de vos villes et m\u00e9dias favoris en vous inscrivant \u00e0 <a href=\"https:\/\/moncompte.actu.fr\" title=\"D\u00e9couvez Mon Actu\" rel=\"nofollow noopener\" data-trk=\"{&quot;cta&quot;:{&quot;action&quot;:&quot;https:\\\/\\\/moncompte.actu.fr&quot;,&quot;category&quot;:&quot;mon compte&quot;,&quot;from&quot;:&quot;article footer&quot;,&quot;name&quot;:&quot;Mon actu&quot;,&quot;type&quot;:&quot;cta&quot;}}\" target=\"_blank\">Mon Actu<\/a>.<\/p>\n","protected":false},"excerpt":{"rendered":"Par Marie Lamarque Publi\u00e9 le 11 juil. 2025 \u00e0 7h12 Un palmar\u00e8s scrut\u00e9 chaque ann\u00e9e. Le magazine L\u2019\u00c9tudiant&hellip;\n","protected":false},"author":2,"featured_media":241778,"comment_status":"","ping_status":"","sticky":false,"template":"","format":"standard","meta":{"footnotes":""},"categories":[2816],"tags":[1111,11,1057,1777,674,1011,27,12,2680,25,104,2312],"class_list":{"0":"post-241777","1":"post","2":"type-post","3":"status-publish","4":"format-standard","5":"has-post-thumbnail","7":"category-toulouse","8":"tag-actu","9":"tag-actualites","10":"tag-education","11":"tag-eu","12":"tag-europe","13":"tag-fr","14":"tag-france","15":"tag-news","16":"tag-occitanie","17":"tag-republique-francaise","18":"tag-societe","19":"tag-toulouse"},"share_on_mastodon":{"url":"https:\/\/pubeurope.com\/@fr\/114833047106008928","error":""},"_links":{"self":[{"href":"https:\/\/www.europesays.com\/fr\/wp-json\/wp\/v2\/posts\/241777","targetHints":{"allow":["GET"]}}],"collection":[{"href":"https:\/\/www.europesays.com\/fr\/wp-json\/wp\/v2\/posts"}],"about":[{"href":"https:\/\/www.europesays.com\/fr\/wp-json\/wp\/v2\/types\/post"}],"author":[{"embeddable":true,"href":"https:\/\/www.europesays.com\/fr\/wp-json\/wp\/v2\/users\/2"}],"replies":[{"embeddable":true,"href":"https:\/\/www.europesays.com\/fr\/wp-json\/wp\/v2\/comments?post=241777"}],"version-history":[{"count":0,"href":"https:\/\/www.europesays.com\/fr\/wp-json\/wp\/v2\/posts\/241777\/revisions"}],"wp:featuredmedia":[{"embeddable":true,"href":"https:\/\/www.europesays.com\/fr\/wp-json\/wp\/v2\/media\/241778"}],"wp:attachment":[{"href":"https:\/\/www.europesays.com\/fr\/wp-json\/wp\/v2\/media?parent=241777"}],"wp:term":[{"taxonomy":"category","embeddable":true,"href":"https:\/\/www.europesays.com\/fr\/wp-json\/wp\/v2\/categories?post=241777"},{"taxonomy":"post_tag","embeddable":true,"href":"https:\/\/www.europesays.com\/fr\/wp-json\/wp\/v2\/tags?post=241777"}],"curies":[{"name":"wp","href":"https:\/\/api.w.org\/{rel}","templated":true}]}}