{"id":241781,"date":"2025-07-11T05:55:10","date_gmt":"2025-07-11T05:55:10","guid":{"rendered":"https:\/\/www.europesays.com\/fr\/241781\/"},"modified":"2025-07-11T05:55:10","modified_gmt":"2025-07-11T05:55:10","slug":"des-associations-sportives-marseillaises-militent-pour-le-retour-de-sebastien-jibrayel-a-ses-fonctions","status":"publish","type":"post","link":"https:\/\/www.europesays.com\/fr\/241781\/","title":{"rendered":"Des associations sportives marseillaises militent pour le retour\u00a0de S\u00e9bastien Jibrayel \u00e0 ses fonctions"},"content":{"rendered":"<p>Quelque 80 repr\u00e9sentants d\u2019associations sportives marseillaises se sont r\u00e9unis, ce jeudi 10\u00a0juillet, dans la salle de la Z.ID. de Provence de karat\u00e9, dans le quartier Saint-Louis (15e), en convoquant la presse locale pour faire passer leur message \u00e0 la municipalit\u00e9\u00a0: \u00ab\u00a0Touche pas \u00e0 mon adjoint aux Sports\u00a0\u00bb, indiquaient les affiches placard\u00e9es autour du b\u00e2timent.<\/p>\n<p>Du foot au judo en passant par la p\u00e9tanque ou l\u2019athl\u00e9tisme, 120 dirigeants de clubs au total (dont un tiers absent ce jeudi) ont souscrit \u00e0 un mouvement de soutien \u00e0 S\u00e9bastien Jibrayel. L\u2019\u00e9lu (PS) a \u00e9t\u00e9 <a href=\"https:\/\/www.laprovence.com\/article\/politique\/212068144087914\/sebastien-jibrayel-pousse-vers-la-sortie-par-benoit-payan-apres-sa-condamnation\" target=\"_blank\" rel=\"noopener\">mis en retrait de ses fonctions<\/a> par le conseil municipal apr\u00e8s l\u2019annonce, le 3\u00a0juillet, de sa <a href=\"https:\/\/www.laprovence.com\/article\/faits-divers-justice\/1927835791470514\/violences-contre-des-militants-lfi-a-marseille-sebastien-et-henri-jibrayel-condamnes-a-de-la-prison-avec-sursis\" target=\"_blank\" rel=\"noopener\">condamnation \u00e0 12 mois de prison avec sursis<\/a> et 5\u00a0000\u20ac d\u2019amende pour <a href=\"https:\/\/www.laprovence.com\/article\/faits-divers-justice\/7227646842370814\/marseille-l-adjoint-aux-sports-sebastien-jibrayel-et-son-pere-en-garde-a-vue-a-pour-des-violences-sur-des-militants-lfi\" target=\"_blank\" rel=\"noopener\">\u00ab\u00a0violences en r\u00e9union\u00a0\u00bb sur deux colleurs d\u2019affiches LFI,<\/a> commises avec son p\u00e8re et ex-d\u00e9put\u00e9 Henri Jibrayel, et Lyece Choulak, conseiller (PS) des 15e-16e arrondissements.<\/p>\n<p>\u00ab\u00a0La justice a fait son travail et a d\u00e9cid\u00e9 de ne pas prononcer de peine compl\u00e9mentaire, refusant ainsi de retirer les droits civiques de M. Jibrayel. Ce n\u2019est pas pour rien\u00a0\u00bb, a lanc\u00e9 Omar Keddadouche, pr\u00e9sident de l\u2019ASC Vivaux Sauvag\u00e8re.<\/p>\n<p>\u00ab\u00a0Notre d\u00e9marche n\u2019est ni politique ni partisane\u00a0\u00bb<\/p>\n<p>Outre la \u00ab\u00a0proximit\u00e9 sur les terrains\u00a0\u00bb ou \u00ab\u00a0les actions concr\u00e8tes sur les infrastructures\u00a0\u00bb men\u00e9es par l\u2019adjoint, lou\u00e9es dans les grandes largeurs, l\u2019assembl\u00e9e a dit identifier un \u00ab\u00a0immobilisme\u00a0\u00bb depuis l\u2019\u00e9viction de son ancien relais avec la Ville.<\/p>\n","protected":false},"excerpt":{"rendered":"Quelque 80 repr\u00e9sentants d\u2019associations sportives marseillaises se sont r\u00e9unis, ce jeudi 10\u00a0juillet, dans la salle de la Z.ID.&hellip;\n","protected":false},"author":2,"featured_media":241782,"comment_status":"","ping_status":"","sticky":false,"template":"","format":"standard","meta":{"footnotes":""},"categories":[2814],"tags":[17,1111,11,4733,154,1777,674,1011,27,12191,884,22783,12,471,882,16,25,38140,38139],"class_list":{"0":"post-241781","1":"post","2":"type-post","3":"status-publish","4":"format-standard","5":"has-post-thumbnail","7":"category-marseille","8":"tag-17","9":"tag-actu","10":"tag-actualites","11":"tag-associations","12":"tag-des","13":"tag-eu","14":"tag-europe","15":"tag-fr","16":"tag-france","17":"tag-marseillaises","18":"tag-marseille","19":"tag-militent","20":"tag-news","21":"tag-pour","22":"tag-provence-alpes-cote-dazur","23":"tag-region","24":"tag-republique-francaise","25":"tag-retour-de","26":"tag-sportives"},"share_on_mastodon":{"url":"https:\/\/pubeurope.com\/@fr\/114833058902572566","error":""},"_links":{"self":[{"href":"https:\/\/www.europesays.com\/fr\/wp-json\/wp\/v2\/posts\/241781","targetHints":{"allow":["GET"]}}],"collection":[{"href":"https:\/\/www.europesays.com\/fr\/wp-json\/wp\/v2\/posts"}],"about":[{"href":"https:\/\/www.europesays.com\/fr\/wp-json\/wp\/v2\/types\/post"}],"author":[{"embeddable":true,"href":"https:\/\/www.europesays.com\/fr\/wp-json\/wp\/v2\/users\/2"}],"replies":[{"embeddable":true,"href":"https:\/\/www.europesays.com\/fr\/wp-json\/wp\/v2\/comments?post=241781"}],"version-history":[{"count":0,"href":"https:\/\/www.europesays.com\/fr\/wp-json\/wp\/v2\/posts\/241781\/revisions"}],"wp:featuredmedia":[{"embeddable":true,"href":"https:\/\/www.europesays.com\/fr\/wp-json\/wp\/v2\/media\/241782"}],"wp:attachment":[{"href":"https:\/\/www.europesays.com\/fr\/wp-json\/wp\/v2\/media?parent=241781"}],"wp:term":[{"taxonomy":"category","embeddable":true,"href":"https:\/\/www.europesays.com\/fr\/wp-json\/wp\/v2\/categories?post=241781"},{"taxonomy":"post_tag","embeddable":true,"href":"https:\/\/www.europesays.com\/fr\/wp-json\/wp\/v2\/tags?post=241781"}],"curies":[{"name":"wp","href":"https:\/\/api.w.org\/{rel}","templated":true}]}}