{"id":241797,"date":"2025-07-11T06:05:09","date_gmt":"2025-07-11T06:05:09","guid":{"rendered":"https:\/\/www.europesays.com\/fr\/241797\/"},"modified":"2025-07-11T06:05:09","modified_gmt":"2025-07-11T06:05:09","slug":"la-russie-dit-avoir-intercepte-155-drones-ukrainiens-un-mort-dans-la-region-de-lipetsk","status":"publish","type":"post","link":"https:\/\/www.europesays.com\/fr\/241797\/","title":{"rendered":"la Russie dit avoir intercept\u00e9 155 drones ukrainiens, un mort dans la r\u00e9gion de Lipetsk"},"content":{"rendered":"<p>155 drones ukrainiens auraient \u00e9t\u00e9 d\u00e9truits dans la nuit du jeudi 10 au vendredi 11 juillet selon le minist\u00e8re russe de la D\u00e9fense, dont un tiers dans la r\u00e9gion frontali\u00e8re de Koursk.<\/p>\n<p class=\"fig-paragraph\">Les autorit\u00e9s russes ont annonc\u00e9 ce vendredi 11 juillet au matin avoir abattu 155\u00a0<a href=\"http:\/\/www.lefigaro.fr\/international\/nous-restons-debout-a-kiev-avec-les-juges-ukrainiens-qui-abattent-les-drones-russes-20250709\" target=\"_blank\" data-fig-type=\"Article\" rel=\"noopener\" data-gtm-custom-categorie=\"navigation\" data-gtm-custom-action=\"crossclick\" data-gtm-custom-label=\"Contextuel\" data-gtm-event=\"customEventSPE\" data-fig-domain=\"LEFIGARO\">drones ukrainiens<\/a>\u00a0dans la nuit, et qu&rsquo;une attaque de drone avait fait un mort dans la r\u00e9gion russe de Lipetsk.<\/p>\n<p class=\"fig-paragraph\">\u00abLes syst\u00e8mes de la d\u00e9fense a\u00e9rienne en service ont intercept\u00e9 et d\u00e9truit 155 drones ukrainiens\u00bb, a indiqu\u00e9 le minist\u00e8re russe de la D\u00e9fense sur le r\u00e9seau social Telegram, ajoutant que 53 de ces engins avaient \u00e9t\u00e9 abattus dans la seule\u00a0<a href=\"http:\/\/www.lefigaro.fr\/international\/c-etait-l-enfer-nous-etions-harceles-par-les-drones-apres-sept-mois-l-armee-ukrainienne-se-retire-de-la-region-de-koursk-20250317\" target=\"_blank\" data-fig-type=\"Article\" rel=\"noopener\" data-gtm-custom-categorie=\"navigation\" data-gtm-custom-action=\"crossclick\" data-gtm-custom-label=\"Contextuel\" data-gtm-event=\"customEventSPE\" data-fig-domain=\"LEFIGARO\">r\u00e9gion de Koursk<\/a>, frontali\u00e8re de l&rsquo;Ukraine.<\/p>\n<p class=\"fig-body-link\">\n            \u00c0 lire aussi<br \/>\n        <a class=\"fig-body-link__link fig-premium-mark\" href=\"http:\/\/www.lefigaro.fr\/international\/de-soudja-a-koursk-les-plaies-beantes-de-l-incursion-ukrainienne-en-russie-le-recit-de-l-envoye-special-du-figaro-20250327\" data-fig-type=\"Article\" data-gtm-custom-categorie=\"navigation\" data-gtm-custom-action=\"crossclick\" data-gtm-custom-label=\"Contextuel\" data-gtm-event=\"customEventSPE\" data-fig-domain=\"LEFIGARO\" target=\"_blank\" rel=\"noopener\">De Soudja \u00e0 Koursk, les plaies b\u00e9antes de l\u2019incursion ukrainienne en Russie\u00a0: le r\u00e9cit de l\u2019envoy\u00e9 sp\u00e9cial du Figaro<br \/>\n    <\/a>\n<\/p>\n<p>                                    <a class=\"fig-a11y-skip a11y-hidden\" href=\"#fig-a11y-skip-main-inarticle\"><br \/>\n        Passer la publicit\u00e9<br \/>\n    <\/a><\/p>\n<p>Attaque mortelle \u00e0 400 km de Moscou<\/p>\n<p class=\"fig-paragraph\">Dans celle de Lipetsk, \u00e9galement dans l&rsquo;ouest du pays, une attaque de drone a caus\u00e9 la mort d&rsquo;une personne, a annonc\u00e9 plus t\u00f4t le gouverneur local \u00abCette nuit, un drone s&rsquo;est \u00e9cras\u00e9 sur le terrain d&rsquo;une des entreprises agricoles du district de Khlevensky\u00bb, situ\u00e9 \u00e0 quelque 400 kilom\u00e8tres au sud de Moscou, ce qui a provoqu\u00e9 un incendie, a d\u00e9crit Igor Artamonov sur Telegram. \u00abUne personne est morte, une autre a \u00e9t\u00e9 bless\u00e9e\u00bb, a-t-il ajout\u00e9.<\/p>\n<p class=\"fig-paragraph\">L&rsquo;Ukraine m\u00e8ne presque chaque jour des attaques a\u00e9riennes en Russie, tandis que les forces russes continuent elles aussi de bombarder quasi quotidiennement des villes ukrainiennes, dans le cadre de l&rsquo;offensive russe en Ukraine lanc\u00e9e en f\u00e9vrier 2022.<\/p>\n","protected":false},"excerpt":{"rendered":"155 drones ukrainiens auraient \u00e9t\u00e9 d\u00e9truits dans la nuit du jeudi 10 au vendredi 11 juillet selon le&hellip;\n","protected":false},"author":2,"featured_media":241798,"comment_status":"","ping_status":"","sticky":false,"template":"","format":"standard","meta":{"footnotes":""},"categories":[1591],"tags":[11,2024,1887,131,12,1885,1886,132],"class_list":{"0":"post-241797","1":"post","2":"type-post","3":"status-publish","4":"format-standard","5":"has-post-thumbnail","7":"category-russie","8":"tag-actualites","9":"tag-drones","10":"tag-federation-de-russie","11":"tag-guerre-en-ukraine","12":"tag-news","13":"tag-russia","14":"tag-russian-federation","15":"tag-russie"},"share_on_mastodon":{"url":"https:\/\/pubeurope.com\/@fr\/114833098214653395","error":""},"_links":{"self":[{"href":"https:\/\/www.europesays.com\/fr\/wp-json\/wp\/v2\/posts\/241797","targetHints":{"allow":["GET"]}}],"collection":[{"href":"https:\/\/www.europesays.com\/fr\/wp-json\/wp\/v2\/posts"}],"about":[{"href":"https:\/\/www.europesays.com\/fr\/wp-json\/wp\/v2\/types\/post"}],"author":[{"embeddable":true,"href":"https:\/\/www.europesays.com\/fr\/wp-json\/wp\/v2\/users\/2"}],"replies":[{"embeddable":true,"href":"https:\/\/www.europesays.com\/fr\/wp-json\/wp\/v2\/comments?post=241797"}],"version-history":[{"count":0,"href":"https:\/\/www.europesays.com\/fr\/wp-json\/wp\/v2\/posts\/241797\/revisions"}],"wp:featuredmedia":[{"embeddable":true,"href":"https:\/\/www.europesays.com\/fr\/wp-json\/wp\/v2\/media\/241798"}],"wp:attachment":[{"href":"https:\/\/www.europesays.com\/fr\/wp-json\/wp\/v2\/media?parent=241797"}],"wp:term":[{"taxonomy":"category","embeddable":true,"href":"https:\/\/www.europesays.com\/fr\/wp-json\/wp\/v2\/categories?post=241797"},{"taxonomy":"post_tag","embeddable":true,"href":"https:\/\/www.europesays.com\/fr\/wp-json\/wp\/v2\/tags?post=241797"}],"curies":[{"name":"wp","href":"https:\/\/api.w.org\/{rel}","templated":true}]}}